{"id":689947,"date":"2024-02-12T20:53:20","date_gmt":"2024-02-12T16:53:20","guid":{"rendered":"https:\/\/arantv.az\/?p=689947"},"modified":"2024-02-12T20:53:20","modified_gmt":"2024-02-12T16:53:20","slug":"fransada-ifrat-sagcilar-makronun-koalisiyasini-ust%c9%99y%c9%99-bil%c9%99rl%c9%99r","status":"publish","type":"post","link":"https:\/\/arantv.az\/?p=689947","title":{"rendered":"Fransada ifrat sa\u011f\u00e7\u0131lar Makronun koalisiyas\u0131n\u0131 \u00fcst\u0259y\u0259 bil\u0259rl\u0259r"},"content":{"rendered":"<p>Fransan\u0131n ifrat sa\u011f\u00e7\u0131 \u201cMilli birlik\u201d v\u0259 \u201cRekonqista\u201d partiyalar\u0131 2024-c\u00fc il iyunun 6-dan 9-d\u0259k ke\u00e7iril\u0259c\u0259k Avropa Parlamentin\u0259 (AP) se\u00e7kil\u0259rd\u0259 \u0259n yax\u015f\u0131 n\u0259tic\u0259l\u0259ri g\u00f6st\u0259r\u0259 bil\u0259r.<\/p>\n<p>Bu bar\u0259d\u0259 \u00a0\u201cPortland Communications\u201d konsaltinq firmas\u0131n\u0131n sor\u011fusuna istinad\u0259n m\u0259lumat yay\u0131l\u0131b.<\/p>\n<p>N\u0259tic\u0259l\u0259rin\u0259 g\u00f6r\u0259, \u201cMilli birlik\u201d se\u00e7kid\u0259 33%, \u201cRekonqista\u201d is\u0259 6% s\u0259s toplaya bil\u0259r.<\/p>\n<p>Qeyd olunur ki, onlar s\u0259sl\u0259rin c\u0259mi 14%-n\u0259 iddial\u0131 olan Fransa Prezidenti Emmanuel Makronun \u201c\u0130ntibah\u201d partiyas\u0131n\u0131n i\u015ftirak\u0131 il\u0259 m\u0259rk\u0259z\u00e7i koalisiyan\u0131 \u00fcst\u0259l\u0259y\u0259 bil\u0259r.<\/p>\n<p>Sor\u011fu yanvar\u0131n sonunda mind\u0259n \u00e7ox insanla m\u00fcsahib\u0259 \u0259sas\u0131nda ke\u00e7irilib.<\/p>\n<p>M\u0259nb\u0259: TASS<\/p>\n","protected":false},"excerpt":{"rendered":"<p>Fransan\u0131n ifrat sa\u011f\u00e7\u0131 \u201cMilli birlik\u201d v\u0259 \u201cRekonqista\u201d partiyalar\u0131 2024-c\u00fc il iyunun 6-dan 9-d\u0259k ke\u00e7iril\u0259c\u0259k Avropa Parlamentin\u0259 (AP) se\u00e7kil\u0259rd\u0259 \u0259n yax\u015f\u0131 n\u0259tic\u0259l\u0259ri g\u00f6st\u0259r\u0259 bil\u0259r. Bu bar\u0259d\u0259 \u00a0\u201cPortland Communications\u201d konsaltinq firmas\u0131n\u0131n sor\u011fusuna istinad\u0259n m\u0259lumat yay\u0131l\u0131b. N\u0259tic\u0259l\u0259rin\u0259 g\u00f6r\u0259, \u201cMilli birlik\u201d se\u00e7kid\u0259 33%, \u201cRekonqista\u201d is\u0259 6% s\u0259s toplaya bil\u0259r. Qeyd olunur ki, onlar s\u0259sl\u0259rin c\u0259mi 14%-n\u0259 iddial\u0131 olan Fransa Prezidenti Emmanuel Makronun \u201c\u0130ntibah\u201d partiyas\u0131n\u0131n i\u015ftirak\u0131 il\u0259 m\u0259rk\u0259z\u00e7i koalisiyan\u0131 \u00fcst\u0259l\u0259y\u0259 bil\u0259r. Sor\u011fu yanvar\u0131n sonunda mind\u0259n \u00e7ox insanla m\u00fcsahib\u0259 \u0259sas\u0131nda ke\u00e7irilib. M\u0259nb\u0259: TASS<\/p>\n","protected":false},"author":2,"featured_media":689948,"comment_status":"closed","ping_status":"closed","sticky":false,"template":"","format":"standard","meta":{"om_disable_all_campaigns":false,"_monsterinsights_skip_tracking":false,"_monsterinsights_sitenote_active":false,"_monsterinsights_sitenote_note":"","_monsterinsights_sitenote_category":0},"categories":[7],"tags":[],"aioseo_notices":[],"gutentor_comment":0,"rttpg_featured_image_url":{"full":["https:\/\/arantv.az\/wp-content\/uploads\/2024\/02\/FotoJet-79-1.jpg",620,413,false],"landscape":["https:\/\/arantv.az\/wp-content\/uploads\/2024\/02\/FotoJet-79-1.jpg",620,413,false],"portraits":["https:\/\/arantv.az\/wp-content\/uploads\/2024\/02\/FotoJet-79-1.jpg",620,413,false],"thumbnail":["https:\/\/arantv.az\/wp-content\/uploads\/2024\/02\/FotoJet-79-1-500x280.jpg",500,280,true],"medium":["https:\/\/arantv.az\/wp-content\/uploads\/2024\/02\/FotoJet-79-1-548x365.jpg",548,365,true],"large":["https:\/\/arantv.az\/wp-content\/uploads\/2024\/02\/FotoJet-79-1.jpg",620,413,false],"1536x1536":["https:\/\/arantv.az\/wp-content\/uploads\/2024\/02\/FotoJet-79-1.jpg",620,413,false],"2048x2048":["https:\/\/arantv.az\/wp-content\/uploads\/2024\/02\/FotoJet-79-1.jpg",620,413,false],"post-thumbnail":["https:\/\/arantv.az\/wp-content\/uploads\/2024\/02\/FotoJet-79-1-240x172.jpg",240,172,true],"advps-thumb-one":["https:\/\/arantv.az\/wp-content\/uploads\/2024\/02\/FotoJet-79-1.jpg",620,413,false]},"rttpg_author":{"display_name":"V\u00fcsal Rafiqo\u011flu","author_link":"https:\/\/arantv.az\/?author=2"},"rttpg_comment":0,"rttpg_category":"<a href=\"https:\/\/arantv.az\/?cat=7\" rel=\"category\">D\u00fcnya<\/a>","rttpg_excerpt":"Fransan\u0131n ifrat sa\u011f\u00e7\u0131 \u201cMilli birlik\u201d v\u0259 \u201cRekonqista\u201d partiyalar\u0131 2024-c\u00fc il iyunun 6-dan 9-d\u0259k ke\u00e7iril\u0259c\u0259k Avropa Parlamentin\u0259 (AP) se\u00e7kil\u0259rd\u0259 \u0259n yax\u015f\u0131 n\u0259tic\u0259l\u0259ri g\u00f6st\u0259r\u0259 bil\u0259r. Bu bar\u0259d\u0259 \u00a0\u201cPortland Communications\u201d konsaltinq firmas\u0131n\u0131n sor\u011fusuna istinad\u0259n m\u0259lumat yay\u0131l\u0131b. N\u0259tic\u0259l\u0259rin\u0259 g\u00f6r\u0259, \u201cMilli birlik\u201d se\u00e7kid\u0259 33%, \u201cRekonqista\u201d is\u0259 6% s\u0259s toplaya bil\u0259r. Qeyd olunur ki, onlar s\u0259sl\u0259rin c\u0259mi 14%-n\u0259 iddial\u0131 olan Fransa&hellip;","_links":{"self":[{"href":"https:\/\/arantv.az\/index.php?rest_route=\/wp\/v2\/posts\/689947"}],"collection":[{"href":"https:\/\/arantv.az\/index.php?rest_route=\/wp\/v2\/posts"}],"about":[{"href":"https:\/\/arantv.az\/index.php?rest_route=\/wp\/v2\/types\/post"}],"author":[{"embeddable":true,"href":"https:\/\/arantv.az\/index.php?rest_route=\/wp\/v2\/users\/2"}],"replies":[{"embeddable":true,"href":"https:\/\/arantv.az\/index.php?rest_route=%2Fwp%2Fv2%2Fcomments&post=689947"}],"version-history":[{"count":0,"href":"https:\/\/arantv.az\/index.php?rest_route=\/wp\/v2\/posts\/689947\/revisions"}],"wp:featuredmedia":[{"embeddable":true,"href":"https:\/\/arantv.az\/index.php?rest_route=\/wp\/v2\/media\/689948"}],"wp:attachment":[{"href":"https:\/\/arantv.az\/index.php?rest_route=%2Fwp%2Fv2%2Fmedia&parent=689947"}],"wp:term":[{"taxonomy":"category","embeddable":true,"href":"https:\/\/arantv.az\/index.php?rest_route=%2Fwp%2Fv2%2Fcategories&post=689947"},{"taxonomy":"post_tag","embeddable":true,"href":"https:\/\/arantv.az\/index.php?rest_route=%2Fwp%2Fv2%2Ftags&post=689947"}],"curies":[{"name":"wp","href":"https:\/\/api.w.org\/{rel}","templated":true}]}}