{"id":689951,"date":"2024-02-12T20:53:57","date_gmt":"2024-02-12T16:53:57","guid":{"rendered":"https:\/\/arantv.az\/?p=689951"},"modified":"2024-02-12T20:53:57","modified_gmt":"2024-02-12T16:53:57","slug":"yevlaxda-bas-ver%c9%99n-agir-yol-n%c9%99qliyyat-hadis%c9%99si-il%c9%99-bagli-r%c9%99smi-aciqlama-yenil%c9%99nib-video","status":"publish","type":"post","link":"https:\/\/arantv.az\/?p=689951","title":{"rendered":"Yevlaxda ba\u015f ver\u0259n a\u011f\u0131r yol-n\u0259qliyyat hadis\u0259si il\u0259 ba\u011fl\u0131 R\u018fSM\u0130 A\u00c7IQLAMA &#8211; YEN\u0130L\u018fN\u0130B + V\u0130DEO"},"content":{"rendered":"<p>F\u00f6vq\u0259lad\u0259 Hallar Nazirliyinin \u201c112\u201d qaynar telefon x\u0259ttin\u0259 Yevlax rayonu, Qoyunbin\u0259si k\u0259ndi \u0259razisind\u0259 yol-n\u0259qliyyat hadis\u0259sinin ba\u015f verm\u0259si v\u0259 v\u0259t\u0259nda\u015flar\u0131n avtomobild\u0259 s\u0131x\u0131l\u0131 v\u0259ziyy\u0259td\u0259 qalmas\u0131 bar\u0259d\u0259 m\u0259lumat daxil olub.<\/p>\n<p>M\u0259lumatla \u0259laq\u0259dar hadis\u0259 yerin\u0259 d\u0259rhal FHN-in Aran Regional M\u0259rk\u0259zinin xilasedicil\u0259ri c\u0259lb edilib.<\/p>\n<p>Hadis\u0259 yerind\u0259 \u0259m\u0259liyyat \u015f\u0259raiti qiym\u0259tl\u0259ndiril\u0259rk\u0259n \u201cMercedes-Benz\u201d markal\u0131 iki minik avtomobilinin toqqu\u015fmas\u0131 n\u0259tic\u0259sind\u0259 yol-n\u0259qliyyat hadis\u0259sinin ba\u015f verdiyi v\u0259 v\u0259t\u0259nda\u015flar\u0131n avtomobill\u0259rd\u0259 k\u00f6m\u0259ksiz v\u0259ziyy\u0259td\u0259 qald\u0131\u011f\u0131 m\u00fc\u0259yy\u0259n olunub.<\/p>\n<p>Xilasedicil\u0259r t\u0259r\u0259find\u0259n x\u00fcsusi vasit\u0259l\u0259rin k\u00f6m\u0259yi il\u0259 avtomobill\u0259rd\u0259 k\u00f6m\u0259ksiz v\u0259ziyy\u0259td\u0259 qalan v\u0259t\u0259nda\u015flar &#8211;\u00a01953-c\u00fc il t\u0259v\u0259ll\u00fcdl\u00fc Rahil\u0259\u00a0Qo\u00e7 q\u0131z\u0131 M\u0259mm\u0259dova, 1978-ci il t\u0259v\u0259ll\u00fcdl\u00fc \u00c7ingiz\u00a0Aslan o\u011flu Q\u0259nb\u0259rov, 1987-ci il t\u0259v\u0259ll\u00fcdl\u00fc\u00a0N\u0259rmin\u00a0Abbas q\u0131z\u0131 S\u0259f\u0259rova, 1988-ci il t\u0259v\u0259ll\u00fcdl\u00fc\u00a0Qurban El\u015fad o\u011flu R\u0259himov, 2013-c\u00fc il t\u0259v\u0259ll\u00fcdl\u00fc Nurg\u00fcl\u00a0Qurban q\u0131z\u0131 R\u0259himzad\u0259, 2015-ci il t\u0259v\u0259ll\u00fcdl\u00fc \u018fli\u00a0Qurban o\u011flu R\u0259himlini xilas edil\u0259r\u0259k t\u0259cili tibbi yard\u0131m briqadas\u0131na t\u0259hvil verilibl\u0259r.<\/p>\n<p>Hadis\u0259 il\u0259 \u0259laq\u0259dar m\u00fcvafiq qurumlar t\u0259r\u0259find\u0259n t\u0259hqiqat apar\u0131l\u0131r.<\/p>\n<div><iframe loading=\"lazy\" title=\"YouTube video player\" src=\"https:\/\/www.youtube.com\/embed\/jdk2sWOftp0?si=Km7p1WmvqEk0a5kA\" width=\"560\" height=\"315\" frameborder=\"0\" allowfullscreen=\"allowfullscreen\" data-mce-fragment=\"1\"><\/iframe><\/div>\n<p><strong>20:04<\/strong><\/p>\n<p>Yevlaxda yol-n\u0259qliyyat hadis\u0259si olub, ikisi u\u015faq olmaqla yeddi n\u0259f\u0259r x\u0259sar\u0259t al\u0131b.<\/p>\n<p>\u201cReport\u201dun m\u0259lumat\u0131na g\u00f6r\u0259, hadis\u0259 rayonun Qoyunbin\u0259si k\u0259ndind\u0259 qeyd\u0259 al\u0131n\u0131b.<\/p>\n<p>Hadis\u0259 zaman\u0131 A\u011fcab\u0259di rayon sakinl\u0259ri &#8211; 1988-ci il t\u0259v\u0259ll\u00fcdl\u00fc Qurban R\u0259himov, 1987-ci il t\u0259v\u0259ll\u00fcdl\u00fc N\u0259rmin S\u0259f\u0259rova, 1953-c\u00fc il t\u0259v\u0259ll\u00fcdl\u00fc\u00a0Rahil\u0259 M\u0259mm\u0259dova, 1978-ci il t\u0259v\u0259ll\u00fcdl\u00fc \u00c7ingiz Q\u0259nb\u0259rov, 2015-ci il t\u0259v\u0259ll\u00fcdl\u00fc \u018f.R\u0259himli, onun bac\u0131s\u0131, 2013-c\u00fc il t\u0259v\u0259ll\u00fcdl\u00fc N.R\u0259himzad\u0259 v\u0259 daha bir n\u0259f\u0259r x\u0259sar\u0259t al\u0131blar.<\/p>\n<p>Onlar x\u0259st\u0259xanaya \u00e7atd\u0131r\u0131l\u0131blar.<\/p>\n<p>Faktla ba\u011fl\u0131 ara\u015fd\u0131rma apar\u0131l\u0131r.<\/p>\n","protected":false},"excerpt":{"rendered":"<p>F\u00f6vq\u0259lad\u0259 Hallar Nazirliyinin \u201c112\u201d qaynar telefon x\u0259ttin\u0259 Yevlax rayonu, Qoyunbin\u0259si k\u0259ndi \u0259razisind\u0259 yol-n\u0259qliyyat hadis\u0259sinin ba\u015f verm\u0259si v\u0259 v\u0259t\u0259nda\u015flar\u0131n avtomobild\u0259 s\u0131x\u0131l\u0131 v\u0259ziyy\u0259td\u0259 qalmas\u0131 bar\u0259d\u0259 m\u0259lumat daxil olub. M\u0259lumatla \u0259laq\u0259dar hadis\u0259 yerin\u0259 d\u0259rhal FHN-in Aran Regional M\u0259rk\u0259zinin xilasedicil\u0259ri c\u0259lb edilib. Hadis\u0259 yerind\u0259 \u0259m\u0259liyyat \u015f\u0259raiti qiym\u0259tl\u0259ndiril\u0259rk\u0259n \u201cMercedes-Benz\u201d markal\u0131 iki minik avtomobilinin toqqu\u015fmas\u0131 n\u0259tic\u0259sind\u0259 yol-n\u0259qliyyat hadis\u0259sinin ba\u015f verdiyi v\u0259 v\u0259t\u0259nda\u015flar\u0131n avtomobill\u0259rd\u0259 k\u00f6m\u0259ksiz v\u0259ziyy\u0259td\u0259 qald\u0131\u011f\u0131 m\u00fc\u0259yy\u0259n olunub. Xilasedicil\u0259r t\u0259r\u0259find\u0259n x\u00fcsusi vasit\u0259l\u0259rin k\u00f6m\u0259yi il\u0259 avtomobill\u0259rd\u0259 k\u00f6m\u0259ksiz v\u0259ziyy\u0259td\u0259 qalan v\u0259t\u0259nda\u015flar &#8211;\u00a01953-c\u00fc il t\u0259v\u0259ll\u00fcdl\u00fc Rahil\u0259\u00a0Qo\u00e7 q\u0131z\u0131 M\u0259mm\u0259dova, 1978-ci il t\u0259v\u0259ll\u00fcdl\u00fc \u00c7ingiz\u00a0Aslan o\u011flu Q\u0259nb\u0259rov, 1987-ci il t\u0259v\u0259ll\u00fcdl\u00fc\u00a0N\u0259rmin\u00a0Abbas q\u0131z\u0131 S\u0259f\u0259rova,&hellip;<\/p>\n","protected":false},"author":2,"featured_media":689952,"comment_status":"closed","ping_status":"closed","sticky":false,"template":"","format":"standard","meta":{"om_disable_all_campaigns":false,"_monsterinsights_skip_tracking":false,"_monsterinsights_sitenote_active":false,"_monsterinsights_sitenote_note":"","_monsterinsights_sitenote_category":0},"categories":[5],"tags":[],"aioseo_notices":[],"gutentor_comment":0,"rttpg_featured_image_url":{"full":["https:\/\/arantv.az\/wp-content\/uploads\/2024\/02\/FotoJet-5-7.jpg",620,413,false],"landscape":["https:\/\/arantv.az\/wp-content\/uploads\/2024\/02\/FotoJet-5-7.jpg",620,413,false],"portraits":["https:\/\/arantv.az\/wp-content\/uploads\/2024\/02\/FotoJet-5-7.jpg",620,413,false],"thumbnail":["https:\/\/arantv.az\/wp-content\/uploads\/2024\/02\/FotoJet-5-7-500x280.jpg",500,280,true],"medium":["https:\/\/arantv.az\/wp-content\/uploads\/2024\/02\/FotoJet-5-7-548x365.jpg",548,365,true],"large":["https:\/\/arantv.az\/wp-content\/uploads\/2024\/02\/FotoJet-5-7.jpg",620,413,false],"1536x1536":["https:\/\/arantv.az\/wp-content\/uploads\/2024\/02\/FotoJet-5-7.jpg",620,413,false],"2048x2048":["https:\/\/arantv.az\/wp-content\/uploads\/2024\/02\/FotoJet-5-7.jpg",620,413,false],"post-thumbnail":["https:\/\/arantv.az\/wp-content\/uploads\/2024\/02\/FotoJet-5-7-240x172.jpg",240,172,true],"advps-thumb-one":["https:\/\/arantv.az\/wp-content\/uploads\/2024\/02\/FotoJet-5-7.jpg",620,413,false]},"rttpg_author":{"display_name":"V\u00fcsal Rafiqo\u011flu","author_link":"https:\/\/arantv.az\/?author=2"},"rttpg_comment":0,"rttpg_category":"<a href=\"https:\/\/arantv.az\/?cat=5\" rel=\"category\">Hadis\u0259<\/a>","rttpg_excerpt":"F\u00f6vq\u0259lad\u0259 Hallar Nazirliyinin \u201c112\u201d qaynar telefon x\u0259ttin\u0259 Yevlax rayonu, Qoyunbin\u0259si k\u0259ndi \u0259razisind\u0259 yol-n\u0259qliyyat hadis\u0259sinin ba\u015f verm\u0259si v\u0259 v\u0259t\u0259nda\u015flar\u0131n avtomobild\u0259 s\u0131x\u0131l\u0131 v\u0259ziyy\u0259td\u0259 qalmas\u0131 bar\u0259d\u0259 m\u0259lumat daxil olub. M\u0259lumatla \u0259laq\u0259dar hadis\u0259 yerin\u0259 d\u0259rhal FHN-in Aran Regional M\u0259rk\u0259zinin xilasedicil\u0259ri c\u0259lb edilib. Hadis\u0259 yerind\u0259 \u0259m\u0259liyyat \u015f\u0259raiti qiym\u0259tl\u0259ndiril\u0259rk\u0259n \u201cMercedes-Benz\u201d markal\u0131 iki minik avtomobilinin toqqu\u015fmas\u0131 n\u0259tic\u0259sind\u0259 yol-n\u0259qliyyat hadis\u0259sinin ba\u015f verdiyi v\u0259&hellip;","_links":{"self":[{"href":"https:\/\/arantv.az\/index.php?rest_route=\/wp\/v2\/posts\/689951"}],"collection":[{"href":"https:\/\/arantv.az\/index.php?rest_route=\/wp\/v2\/posts"}],"about":[{"href":"https:\/\/arantv.az\/index.php?rest_route=\/wp\/v2\/types\/post"}],"author":[{"embeddable":true,"href":"https:\/\/arantv.az\/index.php?rest_route=\/wp\/v2\/users\/2"}],"replies":[{"embeddable":true,"href":"https:\/\/arantv.az\/index.php?rest_route=%2Fwp%2Fv2%2Fcomments&post=689951"}],"version-history":[{"count":0,"href":"https:\/\/arantv.az\/index.php?rest_route=\/wp\/v2\/posts\/689951\/revisions"}],"wp:featuredmedia":[{"embeddable":true,"href":"https:\/\/arantv.az\/index.php?rest_route=\/wp\/v2\/media\/689952"}],"wp:attachment":[{"href":"https:\/\/arantv.az\/index.php?rest_route=%2Fwp%2Fv2%2Fmedia&parent=689951"}],"wp:term":[{"taxonomy":"category","embeddable":true,"href":"https:\/\/arantv.az\/index.php?rest_route=%2Fwp%2Fv2%2Fcategories&post=689951"},{"taxonomy":"post_tag","embeddable":true,"href":"https:\/\/arantv.az\/index.php?rest_route=%2Fwp%2Fv2%2Ftags&post=689951"}],"curies":[{"name":"wp","href":"https:\/\/api.w.org\/{rel}","templated":true}]}}