{"id":689960,"date":"2024-02-13T09:56:13","date_gmt":"2024-02-13T05:56:13","guid":{"rendered":"https:\/\/arantv.az\/?p=689960"},"modified":"2024-02-13T09:56:13","modified_gmt":"2024-02-13T05:56:13","slug":"cop28-bu-gun-cop-s%c9%99drlikl%c9%99ri-ucluyunu-is%c9%99-salib-foto","status":"publish","type":"post","link":"https:\/\/arantv.az\/?p=689960","title":{"rendered":"COP28 bu g\u00fcn COP s\u0259drlikl\u0259ri \u00fc\u00e7l\u00fcy\u00fcn\u00fc i\u015f\u0259 sal\u0131b &#8211; FOTO"},"content":{"rendered":"<p>BMT-nin \u0130qlim D\u0259yi\u015fikliyi \u00fczr\u0259 \u00c7\u0259r\u00e7iv\u0259 Konvensiyas\u0131n\u0131n T\u0259r\u0259fl\u0259r Konfrans\u0131n\u0131n 28-ci sessiyas\u0131 (COP28) bu g\u00fcn COP s\u0259drlikl\u0259ri \u00fc\u00e7l\u00fcy\u00fcn\u00fc i\u015f\u0259 sal\u0131b.<\/p>\n<p><strong>ARANTV.AZ <\/strong>\u00a0x\u0259b\u0259r verir ki, bu bar\u0259d\u0259 COP28-in \u201cX\u201d hesab\u0131nda payla\u015f\u0131m edilib.<\/p>\n<p>Bildirilib ki, COP28 \u201cMissiya 1.5\u00b0C\u201dni d\u0259st\u0259kl\u0259m\u0259k \u00fc\u00e7\u00fcn iqliml\u0259 ba\u011fl\u0131 f\u0259aliyy\u0259tin art\u0131r\u0131lmas\u0131na g\u0259tirib \u00e7\u0131xaran cari v\u0259 g\u0259l\u0259c\u0259k COP s\u0259drlikl\u0259ri aras\u0131nda \u0259m\u0259kda\u015fl\u0131\u011f\u0131, el\u0259c\u0259 d\u0259 davaml\u0131l\u0131\u011f\u0131 yax\u015f\u0131la\u015fd\u0131rmaq \u00fc\u00e7\u00fcn Az\u0259rbaycan v\u0259 Braziliya il\u0259 t\u0259r\u0259fda\u015fl\u0131q olan COP s\u0259drlikl\u0259ri \u00fc\u00e7l\u00fcy\u00fcn\u00fc i\u015f\u0259 sal\u0131b.<\/p>\n<p>\u00dc\u00e7l\u00fck Dubayda raz\u0131la\u015fd\u0131r\u0131lm\u0131\u015f B\u018f\u018f Konsensusuna uy\u011fun olaraq Paris Sazi\u015finin b\u00fct\u00fcn s\u00fctunlar\u0131 \u00fczr\u0259 ambisiyalar\u0131 y\u00fcks\u0259ltm\u0259k \u00fc\u00e7\u00fcn \u00fc\u00e7 s\u0259drliyin indi v\u0259 COP30 aras\u0131nda \u0259m\u0259kda\u015fl\u0131q etm\u0259si \u00fc\u00e7\u00fcn bir platforma t\u0259min ed\u0259c\u0259k.<\/p>\n<div>\n<div class=\"twitter-tweet twitter-tweet-rendered\"><iframe id=\"twitter-widget-0\" class=\"\" title=\"X Post\" src=\"https:\/\/platform.twitter.com\/embed\/Tweet.html?creatorScreenName=oxuaz&amp;dnt=false&amp;embedId=twitter-widget-0&amp;features=eyJ0ZndfdGltZWxpbmVfbGlzdCI6eyJidWNrZXQiOltdLCJ2ZXJzaW9uIjpudWxsfSwidGZ3X2ZvbGxvd2VyX2NvdW50X3N1bnNldCI6eyJidWNrZXQiOnRydWUsInZlcnNpb24iOm51bGx9LCJ0ZndfdHdlZXRfZWRpdF9iYWNrZW5kIjp7ImJ1Y2tldCI6Im9uIiwidmVyc2lvbiI6bnVsbH0sInRmd19yZWZzcmNfc2Vzc2lvbiI6eyJidWNrZXQiOiJvbiIsInZlcnNpb24iOm51bGx9LCJ0ZndfZm9zbnJfc29mdF9pbnRlcnZlbnRpb25zX2VuYWJsZWQiOnsiYnVja2V0Ijoib24iLCJ2ZXJzaW9uIjpudWxsfSwidGZ3X21peGVkX21lZGlhXzE1ODk3Ijp7ImJ1Y2tldCI6InRyZWF0bWVudCIsInZlcnNpb24iOm51bGx9LCJ0ZndfZXhwZXJpbWVudHNfY29va2llX2V4cGlyYXRpb24iOnsiYnVja2V0IjoxMjA5NjAwLCJ2ZXJzaW9uIjpudWxsfSwidGZ3X3Nob3dfYmlyZHdhdGNoX3Bpdm90c19lbmFibGVkIjp7ImJ1Y2tldCI6Im9uIiwidmVyc2lvbiI6bnVsbH0sInRmd19kdXBsaWNhdGVfc2NyaWJlc190b19zZXR0aW5ncyI6eyJidWNrZXQiOiJvbiIsInZlcnNpb24iOm51bGx9LCJ0ZndfdXNlX3Byb2ZpbGVfaW1hZ2Vfc2hhcGVfZW5hYmxlZCI6eyJidWNrZXQiOiJvbiIsInZlcnNpb24iOm51bGx9LCJ0ZndfdmlkZW9faGxzX2R5bmFtaWNfbWFuaWZlc3RzXzE1MDgyIjp7ImJ1Y2tldCI6InRydWVfYml0cmF0ZSIsInZlcnNpb24iOm51bGx9LCJ0ZndfbGVnYWN5X3RpbWVsaW5lX3N1bnNldCI6eyJidWNrZXQiOnRydWUsInZlcnNpb24iOm51bGx9LCJ0ZndfdHdlZXRfZWRpdF9mcm9udGVuZCI6eyJidWNrZXQiOiJvbiIsInZlcnNpb24iOm51bGx9fQ%3D%3D&amp;frame=false&amp;hideCard=false&amp;hideThread=false&amp;id=1757272203807051994&amp;lang=en&amp;origin=https%3A%2F%2Foxu.az%2Fpolitics%2F837645&amp;sessionId=7e4c60625ecc812b5d3881c6196efabc1e3622e9&amp;siteScreenName=oxuaz&amp;theme=light&amp;widgetsVersion=2615f7e52b7e0%3A1702314776716&amp;width=550px\" frameborder=\"0\" scrolling=\"no\" allowfullscreen=\"allowfullscreen\" data-tweet-id=\"1757272203807051994\" data-mce-fragment=\"1\"><\/iframe><\/div>\n<\/div>\n<p>&nbsp;<\/p>\n","protected":false},"excerpt":{"rendered":"<p>BMT-nin \u0130qlim D\u0259yi\u015fikliyi \u00fczr\u0259 \u00c7\u0259r\u00e7iv\u0259 Konvensiyas\u0131n\u0131n T\u0259r\u0259fl\u0259r Konfrans\u0131n\u0131n 28-ci sessiyas\u0131 (COP28) bu g\u00fcn COP s\u0259drlikl\u0259ri \u00fc\u00e7l\u00fcy\u00fcn\u00fc i\u015f\u0259 sal\u0131b. ARANTV.AZ \u00a0x\u0259b\u0259r verir ki, bu bar\u0259d\u0259 COP28-in \u201cX\u201d hesab\u0131nda payla\u015f\u0131m edilib. Bildirilib ki, COP28 \u201cMissiya 1.5\u00b0C\u201dni d\u0259st\u0259kl\u0259m\u0259k \u00fc\u00e7\u00fcn iqliml\u0259 ba\u011fl\u0131 f\u0259aliyy\u0259tin art\u0131r\u0131lmas\u0131na g\u0259tirib \u00e7\u0131xaran cari v\u0259 g\u0259l\u0259c\u0259k COP s\u0259drlikl\u0259ri aras\u0131nda \u0259m\u0259kda\u015fl\u0131\u011f\u0131, el\u0259c\u0259 d\u0259 davaml\u0131l\u0131\u011f\u0131 yax\u015f\u0131la\u015fd\u0131rmaq \u00fc\u00e7\u00fcn Az\u0259rbaycan v\u0259 Braziliya il\u0259 t\u0259r\u0259fda\u015fl\u0131q olan COP s\u0259drlikl\u0259ri \u00fc\u00e7l\u00fcy\u00fcn\u00fc i\u015f\u0259 sal\u0131b. \u00dc\u00e7l\u00fck Dubayda raz\u0131la\u015fd\u0131r\u0131lm\u0131\u015f B\u018f\u018f Konsensusuna uy\u011fun olaraq Paris Sazi\u015finin b\u00fct\u00fcn s\u00fctunlar\u0131 \u00fczr\u0259 ambisiyalar\u0131 y\u00fcks\u0259ltm\u0259k \u00fc\u00e7\u00fcn \u00fc\u00e7 s\u0259drliyin indi v\u0259 COP30 aras\u0131nda \u0259m\u0259kda\u015fl\u0131q etm\u0259si \u00fc\u00e7\u00fcn bir&hellip;<\/p>\n","protected":false},"author":2,"featured_media":689961,"comment_status":"closed","ping_status":"closed","sticky":false,"template":"","format":"standard","meta":{"om_disable_all_campaigns":false,"_monsterinsights_skip_tracking":false,"_monsterinsights_sitenote_active":false,"_monsterinsights_sitenote_note":"","_monsterinsights_sitenote_category":0},"categories":[4],"tags":[],"aioseo_notices":[],"gutentor_comment":0,"rttpg_featured_image_url":{"full":["https:\/\/arantv.az\/wp-content\/uploads\/2024\/02\/31df7451-c33c-346d-bf84-4fc24fd95c10_850.jpg",620,413,false],"landscape":["https:\/\/arantv.az\/wp-content\/uploads\/2024\/02\/31df7451-c33c-346d-bf84-4fc24fd95c10_850.jpg",620,413,false],"portraits":["https:\/\/arantv.az\/wp-content\/uploads\/2024\/02\/31df7451-c33c-346d-bf84-4fc24fd95c10_850.jpg",620,413,false],"thumbnail":["https:\/\/arantv.az\/wp-content\/uploads\/2024\/02\/31df7451-c33c-346d-bf84-4fc24fd95c10_850-500x280.jpg",500,280,true],"medium":["https:\/\/arantv.az\/wp-content\/uploads\/2024\/02\/31df7451-c33c-346d-bf84-4fc24fd95c10_850-548x365.jpg",548,365,true],"large":["https:\/\/arantv.az\/wp-content\/uploads\/2024\/02\/31df7451-c33c-346d-bf84-4fc24fd95c10_850.jpg",620,413,false],"1536x1536":["https:\/\/arantv.az\/wp-content\/uploads\/2024\/02\/31df7451-c33c-346d-bf84-4fc24fd95c10_850.jpg",620,413,false],"2048x2048":["https:\/\/arantv.az\/wp-content\/uploads\/2024\/02\/31df7451-c33c-346d-bf84-4fc24fd95c10_850.jpg",620,413,false],"post-thumbnail":["https:\/\/arantv.az\/wp-content\/uploads\/2024\/02\/31df7451-c33c-346d-bf84-4fc24fd95c10_850-240x172.jpg",240,172,true],"advps-thumb-one":["https:\/\/arantv.az\/wp-content\/uploads\/2024\/02\/31df7451-c33c-346d-bf84-4fc24fd95c10_850.jpg",620,413,false]},"rttpg_author":{"display_name":"V\u00fcsal Rafiqo\u011flu","author_link":"https:\/\/arantv.az\/?author=2"},"rttpg_comment":0,"rttpg_category":"<a href=\"https:\/\/arantv.az\/?cat=4\" rel=\"category\">Siyas\u0259t<\/a>","rttpg_excerpt":"BMT-nin \u0130qlim D\u0259yi\u015fikliyi \u00fczr\u0259 \u00c7\u0259r\u00e7iv\u0259 Konvensiyas\u0131n\u0131n T\u0259r\u0259fl\u0259r Konfrans\u0131n\u0131n 28-ci sessiyas\u0131 (COP28) bu g\u00fcn COP s\u0259drlikl\u0259ri \u00fc\u00e7l\u00fcy\u00fcn\u00fc i\u015f\u0259 sal\u0131b. ARANTV.AZ \u00a0x\u0259b\u0259r verir ki, bu bar\u0259d\u0259 COP28-in \u201cX\u201d hesab\u0131nda payla\u015f\u0131m edilib. Bildirilib ki, COP28 \u201cMissiya 1.5\u00b0C\u201dni d\u0259st\u0259kl\u0259m\u0259k \u00fc\u00e7\u00fcn iqliml\u0259 ba\u011fl\u0131 f\u0259aliyy\u0259tin art\u0131r\u0131lmas\u0131na g\u0259tirib \u00e7\u0131xaran cari v\u0259 g\u0259l\u0259c\u0259k COP s\u0259drlikl\u0259ri aras\u0131nda \u0259m\u0259kda\u015fl\u0131\u011f\u0131, el\u0259c\u0259 d\u0259 davaml\u0131l\u0131\u011f\u0131 yax\u015f\u0131la\u015fd\u0131rmaq \u00fc\u00e7\u00fcn Az\u0259rbaycan&hellip;","_links":{"self":[{"href":"https:\/\/arantv.az\/index.php?rest_route=\/wp\/v2\/posts\/689960"}],"collection":[{"href":"https:\/\/arantv.az\/index.php?rest_route=\/wp\/v2\/posts"}],"about":[{"href":"https:\/\/arantv.az\/index.php?rest_route=\/wp\/v2\/types\/post"}],"author":[{"embeddable":true,"href":"https:\/\/arantv.az\/index.php?rest_route=\/wp\/v2\/users\/2"}],"replies":[{"embeddable":true,"href":"https:\/\/arantv.az\/index.php?rest_route=%2Fwp%2Fv2%2Fcomments&post=689960"}],"version-history":[{"count":0,"href":"https:\/\/arantv.az\/index.php?rest_route=\/wp\/v2\/posts\/689960\/revisions"}],"wp:featuredmedia":[{"embeddable":true,"href":"https:\/\/arantv.az\/index.php?rest_route=\/wp\/v2\/media\/689961"}],"wp:attachment":[{"href":"https:\/\/arantv.az\/index.php?rest_route=%2Fwp%2Fv2%2Fmedia&parent=689960"}],"wp:term":[{"taxonomy":"category","embeddable":true,"href":"https:\/\/arantv.az\/index.php?rest_route=%2Fwp%2Fv2%2Fcategories&post=689960"},{"taxonomy":"post_tag","embeddable":true,"href":"https:\/\/arantv.az\/index.php?rest_route=%2Fwp%2Fv2%2Ftags&post=689960"}],"curies":[{"name":"wp","href":"https:\/\/api.w.org\/{rel}","templated":true}]}}