{"id":689981,"date":"2024-02-13T10:04:29","date_gmt":"2024-02-13T06:04:29","guid":{"rendered":"https:\/\/arantv.az\/?p=689981"},"modified":"2024-02-13T10:04:29","modified_gmt":"2024-02-13T06:04:29","slug":"bakida-evl%c9%99ri-sokul%c9%99c%c9%99k-sakinl%c9%99r-bir-birind%c9%99n-narazi-qaldilar-video","status":"publish","type":"post","link":"https:\/\/arantv.az\/?p=689981","title":{"rendered":"Bak\u0131da evl\u0259ri s\u00f6k\u00fcl\u0259c\u0259k sakinl\u0259r bir-birind\u0259n naraz\u0131 qald\u0131lar &#8211; V\u0130DEO"},"content":{"rendered":"<article class=\"news\">\n<div class=\"news-inner\">\n<p>Bak\u0131n\u0131n Yasamal rayonunda bir qrup sakin m\u0259nzil problemi il\u0259 \u00fcz-\u00fcz\u0259 qal\u0131b.<\/p>\n<p>Baku TV-nin m\u0259lumat\u0131na g\u00f6r\u0259, Z.\u018fhm\u0259db\u0259yov k\u00fc\u00e7\u0259sind\u0259 ya\u015fayan v\u0259t\u0259nda\u015flar\u0131n bir qismi evl\u0259rinin s\u00f6k\u00fclm\u0259si il\u0259 \u0259laq\u0259dar onlara veril\u0259n kompensasiyadan naraz\u0131d\u0131r, dig\u0259r qismi is\u0259 h\u0259min naraz\u0131 qalanlardan \u015fikay\u0259t\u00e7idir. Onlar m\u00fcqavil\u0259nin tezlikl\u0259 ba\u011flanmas\u0131n\u0131, k\u00f6hn\u0259 evl\u0259rinin \u0259v\u0259zin\u0259 yeni tikil\u0259c\u0259k binada m\u0259nzill\u0259 t\u0259min olunmalar\u0131n\u0131 ist\u0259yirl\u0259r.<\/p>\n<p>B\u0259zi sakinl\u0259r 2023-c\u00fc ilin avqust ay\u0131ndan m\u00fcqavil\u0259y\u0259 imza atd\u0131qlar\u0131n\u0131 des\u0259l\u0259r d\u0259, naraz\u0131 sakinl\u0259r t\u0259r\u0259find\u0259n i\u015fin yubad\u0131lmas\u0131ndan gileyl\u0259nirl\u0259r.<\/p>\n<p>\u201cImperial Residence\u201d \u015firk\u0259tinin r\u0259hb\u0259ri Rafael Abdullayev hesablama apar\u0131lan zaman ya\u015fay\u0131\u015f sah\u0259l\u0259rinin \u00f6l\u00e7\u00fcs\u00fcn\u00fcn m\u00f6vcud olandan art\u0131q g\u00f6t\u00fcr\u00fcld\u00fcy\u00fcn\u00fc, sakinl\u0259r\u0259 bina tikil\u0259n m\u00fcdd\u0259t \u0259rzind\u0259 (bir il, ilyar\u0131m, iki il &#8211; raz\u0131la\u015fma \u0259sas\u0131nda) ayl\u0131q 600 manat kiray\u0259 haqq\u0131 t\u0259klif etdikl\u0259rini deyir. Ev sahibi is\u0259 naraz\u0131l\u0131q ed\u0259r\u0259k, 600 deyil, 400 manat kiray\u0259 haqq\u0131 v\u0259d verildiyini, bu m\u0259bl\u0259\u011f\u0259 Bak\u0131da kiray\u0259 m\u0259nzil tapma\u011f\u0131n m\u00fcmk\u00fcns\u00fcz oldu\u011funu bildirir.<\/p>\n<p>\u015eirk\u0259t r\u0259hb\u0259rinin s\u00f6zl\u0259rin\u0259 g\u00f6r\u0259, yeni bina 233 ail\u0259 \u00fc\u00e7\u00fcn n\u0259z\u0259rd\u0259 tutulub, \u0259razid\u0259ki 185 n\u0259f\u0259rl\u0259 m\u00fcqavil\u0259 ba\u011flan\u0131b, 25-i il\u0259 ba\u011flanmaq \u00fczr\u0259dir, qalan 23 ail\u0259 il\u0259 dan\u0131\u015f\u0131qlar gedir. H\u0259m\u00e7inin, \u0259lav\u0259 edib ki, naraz\u0131 sakinl\u0259r bar\u0259sind\u0259 h\u00fcquq-m\u00fchafiz\u0259 orqanlar\u0131na m\u0259lumat verilib.<\/p>\n<p>\u018ftrafl\u0131 Baku TV-nin s\u00fcjetind\u0259:<\/p>\n<div><iframe loading=\"lazy\" title=\"YouTube video player\" src=\"https:\/\/www.youtube.com\/embed\/QJHnG6Axouw?si=LmFOZPYNmZPp0JO5\" width=\"560\" height=\"315\" frameborder=\"0\" allowfullscreen=\"allowfullscreen\" data-mce-fragment=\"1\"><\/iframe><\/div>\n<\/div>\n<\/article>\n","protected":false},"excerpt":{"rendered":"<p>Bak\u0131n\u0131n Yasamal rayonunda bir qrup sakin m\u0259nzil problemi il\u0259 \u00fcz-\u00fcz\u0259 qal\u0131b. Baku TV-nin m\u0259lumat\u0131na g\u00f6r\u0259, Z.\u018fhm\u0259db\u0259yov k\u00fc\u00e7\u0259sind\u0259 ya\u015fayan v\u0259t\u0259nda\u015flar\u0131n bir qismi evl\u0259rinin s\u00f6k\u00fclm\u0259si il\u0259 \u0259laq\u0259dar onlara veril\u0259n kompensasiyadan naraz\u0131d\u0131r, dig\u0259r qismi is\u0259 h\u0259min naraz\u0131 qalanlardan \u015fikay\u0259t\u00e7idir. Onlar m\u00fcqavil\u0259nin tezlikl\u0259 ba\u011flanmas\u0131n\u0131, k\u00f6hn\u0259 evl\u0259rinin \u0259v\u0259zin\u0259 yeni tikil\u0259c\u0259k binada m\u0259nzill\u0259 t\u0259min olunmalar\u0131n\u0131 ist\u0259yirl\u0259r. B\u0259zi sakinl\u0259r 2023-c\u00fc ilin avqust ay\u0131ndan m\u00fcqavil\u0259y\u0259 imza atd\u0131qlar\u0131n\u0131 des\u0259l\u0259r d\u0259, naraz\u0131 sakinl\u0259r t\u0259r\u0259find\u0259n i\u015fin yubad\u0131lmas\u0131ndan gileyl\u0259nirl\u0259r. \u201cImperial Residence\u201d \u015firk\u0259tinin r\u0259hb\u0259ri Rafael Abdullayev hesablama apar\u0131lan zaman ya\u015fay\u0131\u015f sah\u0259l\u0259rinin \u00f6l\u00e7\u00fcs\u00fcn\u00fcn m\u00f6vcud olandan art\u0131q g\u00f6t\u00fcr\u00fcld\u00fcy\u00fcn\u00fc, sakinl\u0259r\u0259 bina tikil\u0259n m\u00fcdd\u0259t \u0259rzind\u0259 (bir il,&hellip;<\/p>\n","protected":false},"author":2,"featured_media":689982,"comment_status":"closed","ping_status":"closed","sticky":false,"template":"","format":"standard","meta":{"om_disable_all_campaigns":false,"_monsterinsights_skip_tracking":false,"_monsterinsights_sitenote_active":false,"_monsterinsights_sitenote_note":"","_monsterinsights_sitenote_category":0},"categories":[1],"tags":[],"aioseo_notices":[],"gutentor_comment":0,"rttpg_featured_image_url":{"full":["https:\/\/arantv.az\/wp-content\/uploads\/2024\/02\/FotoJet-1-10.jpg",620,413,false],"landscape":["https:\/\/arantv.az\/wp-content\/uploads\/2024\/02\/FotoJet-1-10.jpg",620,413,false],"portraits":["https:\/\/arantv.az\/wp-content\/uploads\/2024\/02\/FotoJet-1-10.jpg",620,413,false],"thumbnail":["https:\/\/arantv.az\/wp-content\/uploads\/2024\/02\/FotoJet-1-10-500x280.jpg",500,280,true],"medium":["https:\/\/arantv.az\/wp-content\/uploads\/2024\/02\/FotoJet-1-10-548x365.jpg",548,365,true],"large":["https:\/\/arantv.az\/wp-content\/uploads\/2024\/02\/FotoJet-1-10.jpg",620,413,false],"1536x1536":["https:\/\/arantv.az\/wp-content\/uploads\/2024\/02\/FotoJet-1-10.jpg",620,413,false],"2048x2048":["https:\/\/arantv.az\/wp-content\/uploads\/2024\/02\/FotoJet-1-10.jpg",620,413,false],"post-thumbnail":["https:\/\/arantv.az\/wp-content\/uploads\/2024\/02\/FotoJet-1-10-240x172.jpg",240,172,true],"advps-thumb-one":["https:\/\/arantv.az\/wp-content\/uploads\/2024\/02\/FotoJet-1-10.jpg",620,413,false]},"rttpg_author":{"display_name":"V\u00fcsal Rafiqo\u011flu","author_link":"https:\/\/arantv.az\/?author=2"},"rttpg_comment":0,"rttpg_category":"<a href=\"https:\/\/arantv.az\/?cat=1\" rel=\"category\">C\u0259miyy\u0259t<\/a>","rttpg_excerpt":"Bak\u0131n\u0131n Yasamal rayonunda bir qrup sakin m\u0259nzil problemi il\u0259 \u00fcz-\u00fcz\u0259 qal\u0131b. Baku TV-nin m\u0259lumat\u0131na g\u00f6r\u0259, Z.\u018fhm\u0259db\u0259yov k\u00fc\u00e7\u0259sind\u0259 ya\u015fayan v\u0259t\u0259nda\u015flar\u0131n bir qismi evl\u0259rinin s\u00f6k\u00fclm\u0259si il\u0259 \u0259laq\u0259dar onlara veril\u0259n kompensasiyadan naraz\u0131d\u0131r, dig\u0259r qismi is\u0259 h\u0259min naraz\u0131 qalanlardan \u015fikay\u0259t\u00e7idir. Onlar m\u00fcqavil\u0259nin tezlikl\u0259 ba\u011flanmas\u0131n\u0131, k\u00f6hn\u0259 evl\u0259rinin \u0259v\u0259zin\u0259 yeni tikil\u0259c\u0259k binada m\u0259nzill\u0259 t\u0259min olunmalar\u0131n\u0131 ist\u0259yirl\u0259r. B\u0259zi sakinl\u0259r 2023-c\u00fc ilin avqust&hellip;","_links":{"self":[{"href":"https:\/\/arantv.az\/index.php?rest_route=\/wp\/v2\/posts\/689981"}],"collection":[{"href":"https:\/\/arantv.az\/index.php?rest_route=\/wp\/v2\/posts"}],"about":[{"href":"https:\/\/arantv.az\/index.php?rest_route=\/wp\/v2\/types\/post"}],"author":[{"embeddable":true,"href":"https:\/\/arantv.az\/index.php?rest_route=\/wp\/v2\/users\/2"}],"replies":[{"embeddable":true,"href":"https:\/\/arantv.az\/index.php?rest_route=%2Fwp%2Fv2%2Fcomments&post=689981"}],"version-history":[{"count":0,"href":"https:\/\/arantv.az\/index.php?rest_route=\/wp\/v2\/posts\/689981\/revisions"}],"wp:featuredmedia":[{"embeddable":true,"href":"https:\/\/arantv.az\/index.php?rest_route=\/wp\/v2\/media\/689982"}],"wp:attachment":[{"href":"https:\/\/arantv.az\/index.php?rest_route=%2Fwp%2Fv2%2Fmedia&parent=689981"}],"wp:term":[{"taxonomy":"category","embeddable":true,"href":"https:\/\/arantv.az\/index.php?rest_route=%2Fwp%2Fv2%2Fcategories&post=689981"},{"taxonomy":"post_tag","embeddable":true,"href":"https:\/\/arantv.az\/index.php?rest_route=%2Fwp%2Fv2%2Ftags&post=689981"}],"curies":[{"name":"wp","href":"https:\/\/api.w.org\/{rel}","templated":true}]}}