{"id":689986,"date":"2024-02-13T10:05:50","date_gmt":"2024-02-13T06:05:50","guid":{"rendered":"https:\/\/arantv.az\/?p=689986"},"modified":"2024-02-13T10:05:50","modified_gmt":"2024-02-13T06:05:50","slug":"erm%c9%99ni-t%c9%99xribatina-cavab-olaraq-az%c9%99rbaycan-qisas-%c9%99m%c9%99liyyati-kecirdi","status":"publish","type":"post","link":"https:\/\/arantv.az\/?p=689986","title":{"rendered":"Erm\u0259ni t\u0259xribat\u0131na cavab olaraq Az\u0259rbaycan \u201cQisas \u0259m\u0259liyyat\u0131\u201d ke\u00e7irdi"},"content":{"rendered":"<p>13 fevral tarixind\u0259 D\u00f6vl\u0259t S\u0259rh\u0259d Xidm\u0259tinin b\u00f6lm\u0259l\u0259ri t\u0259r\u0259find\u0259n Erm\u0259nistan Silahl\u0131 Q\u00fcvv\u0259l\u0259rinin d\u00fcn\u0259n t\u00f6r\u0259tdikl\u0259ri\u00a0<a href=\"https:\/\/oxu.az\/war\/837442\" target=\"_blank\" rel=\"noopener\"><strong>t\u0259xribata<\/strong><\/a>\u00a0cavab olaraq\u00a0\u201cQisas \u0259m\u0259liyyat\u0131\u201d\u00a0ke\u00e7irilib.<\/p>\n<p>Bu bar\u0259d\u0259 D\u00f6vl\u0259t S\u0259rh\u0259d Xidm\u0259tinin M\u0259tbuat M\u0259rk\u0259zi m\u0259lumat yay\u0131b.<\/p>\n<p>\u018fm\u0259liyyat n\u0259tic\u0259sind\u0259 d\u00fcn\u0259n \u0259sg\u0259rimiz\u0259 at\u0259\u015f a\u00e7\u0131lan Erm\u0259nistan Silahl\u0131 Q\u00fcvv\u0259l\u0259rinin Qafan rayonunun Nerkin-And ya\u015fay\u0131\u015f m\u0259nt\u0259q\u0259sinin yax\u0131nl\u0131\u011f\u0131ndak\u0131 d\u00f6y\u00fc\u015f postu tamamil\u0259 darmada\u011f\u0131n edilib, d\u00f6y\u00fc\u015f m\u00f6vqel\u0259ri susdurulub.<\/p>\n<p>Bildirilib ki, m\u0259hv edilmi\u015f d\u00f6y\u00fc\u015f postunun \u015f\u0259xsi hey\u0259ti aras\u0131nda ciddi itkil\u0259rin olmas\u0131 bar\u0259d\u0259 m\u0259lumatlar m\u00f6vcuddur.<\/p>\n<p>Erm\u0259nistan t\u0259r\u0259finin Az\u0259rbaycan-Erm\u0259nistan \u015f\u0259rti d\u00f6vl\u0259t s\u0259rh\u0259dind\u0259 \u0259m\u0259liyyat \u015f\u0259raitinin g\u0259rginl\u0259\u015fdirilm\u0259sin\u0259 y\u00f6n\u0259l\u0259n h\u0259r bir t\u0259xribat\u0131na bundan sonra daha ciddi v\u0259 q\u0259ti t\u0259dbirl\u0259rl\u0259 cavab veril\u0259c\u0259k.<\/p>\n<p>Qeyd olunub ki, ba\u015f vermi\u015f hadis\u0259y\u0259 g\u00f6r\u0259 m\u0259suliyy\u0259t tam \u015f\u0259kild\u0259 Erm\u0259nistan\u0131n h\u0259rbi-siyasi r\u0259hb\u0259rliyinin \u00fcz\u0259rin\u0259 d\u00fc\u015f\u00fcr.<\/p>\n","protected":false},"excerpt":{"rendered":"<p>13 fevral tarixind\u0259 D\u00f6vl\u0259t S\u0259rh\u0259d Xidm\u0259tinin b\u00f6lm\u0259l\u0259ri t\u0259r\u0259find\u0259n Erm\u0259nistan Silahl\u0131 Q\u00fcvv\u0259l\u0259rinin d\u00fcn\u0259n t\u00f6r\u0259tdikl\u0259ri\u00a0t\u0259xribata\u00a0cavab olaraq\u00a0\u201cQisas \u0259m\u0259liyyat\u0131\u201d\u00a0ke\u00e7irilib. Bu bar\u0259d\u0259 D\u00f6vl\u0259t S\u0259rh\u0259d Xidm\u0259tinin M\u0259tbuat M\u0259rk\u0259zi m\u0259lumat yay\u0131b. \u018fm\u0259liyyat n\u0259tic\u0259sind\u0259 d\u00fcn\u0259n \u0259sg\u0259rimiz\u0259 at\u0259\u015f a\u00e7\u0131lan Erm\u0259nistan Silahl\u0131 Q\u00fcvv\u0259l\u0259rinin Qafan rayonunun Nerkin-And ya\u015fay\u0131\u015f m\u0259nt\u0259q\u0259sinin yax\u0131nl\u0131\u011f\u0131ndak\u0131 d\u00f6y\u00fc\u015f postu tamamil\u0259 darmada\u011f\u0131n edilib, d\u00f6y\u00fc\u015f m\u00f6vqel\u0259ri susdurulub. Bildirilib ki, m\u0259hv edilmi\u015f d\u00f6y\u00fc\u015f postunun \u015f\u0259xsi hey\u0259ti aras\u0131nda ciddi itkil\u0259rin olmas\u0131 bar\u0259d\u0259 m\u0259lumatlar m\u00f6vcuddur. Erm\u0259nistan t\u0259r\u0259finin Az\u0259rbaycan-Erm\u0259nistan \u015f\u0259rti d\u00f6vl\u0259t s\u0259rh\u0259dind\u0259 \u0259m\u0259liyyat \u015f\u0259raitinin g\u0259rginl\u0259\u015fdirilm\u0259sin\u0259 y\u00f6n\u0259l\u0259n h\u0259r bir t\u0259xribat\u0131na bundan sonra daha ciddi v\u0259 q\u0259ti t\u0259dbirl\u0259rl\u0259 cavab veril\u0259c\u0259k. Qeyd olunub ki, ba\u015f vermi\u015f hadis\u0259y\u0259&hellip;<\/p>\n","protected":false},"author":2,"featured_media":689987,"comment_status":"closed","ping_status":"closed","sticky":false,"template":"","format":"standard","meta":{"om_disable_all_campaigns":false,"_monsterinsights_skip_tracking":false,"_monsterinsights_sitenote_active":false,"_monsterinsights_sitenote_note":"","_monsterinsights_sitenote_category":0},"categories":[10],"tags":[],"aioseo_notices":[],"gutentor_comment":0,"rttpg_featured_image_url":{"full":["https:\/\/arantv.az\/wp-content\/uploads\/2024\/02\/images-3.jpg",284,177,false],"landscape":["https:\/\/arantv.az\/wp-content\/uploads\/2024\/02\/images-3.jpg",284,177,false],"portraits":["https:\/\/arantv.az\/wp-content\/uploads\/2024\/02\/images-3.jpg",284,177,false],"thumbnail":["https:\/\/arantv.az\/wp-content\/uploads\/2024\/02\/images-3.jpg",284,177,false],"medium":["https:\/\/arantv.az\/wp-content\/uploads\/2024\/02\/images-3.jpg",284,177,false],"large":["https:\/\/arantv.az\/wp-content\/uploads\/2024\/02\/images-3.jpg",284,177,false],"1536x1536":["https:\/\/arantv.az\/wp-content\/uploads\/2024\/02\/images-3.jpg",284,177,false],"2048x2048":["https:\/\/arantv.az\/wp-content\/uploads\/2024\/02\/images-3.jpg",284,177,false],"post-thumbnail":["https:\/\/arantv.az\/wp-content\/uploads\/2024\/02\/images-3-240x172.jpg",240,172,true],"advps-thumb-one":["https:\/\/arantv.az\/wp-content\/uploads\/2024\/02\/images-3.jpg",284,177,false]},"rttpg_author":{"display_name":"V\u00fcsal Rafiqo\u011flu","author_link":"https:\/\/arantv.az\/?author=2"},"rttpg_comment":0,"rttpg_category":"<a href=\"https:\/\/arantv.az\/?cat=10\" rel=\"category\">C\u0259bh\u0259d\u0259n X\u0259b\u0259r<\/a>","rttpg_excerpt":"13 fevral tarixind\u0259 D\u00f6vl\u0259t S\u0259rh\u0259d Xidm\u0259tinin b\u00f6lm\u0259l\u0259ri t\u0259r\u0259find\u0259n Erm\u0259nistan Silahl\u0131 Q\u00fcvv\u0259l\u0259rinin d\u00fcn\u0259n t\u00f6r\u0259tdikl\u0259ri\u00a0t\u0259xribata\u00a0cavab olaraq\u00a0\u201cQisas \u0259m\u0259liyyat\u0131\u201d\u00a0ke\u00e7irilib. Bu bar\u0259d\u0259 D\u00f6vl\u0259t S\u0259rh\u0259d Xidm\u0259tinin M\u0259tbuat M\u0259rk\u0259zi m\u0259lumat yay\u0131b. \u018fm\u0259liyyat n\u0259tic\u0259sind\u0259 d\u00fcn\u0259n \u0259sg\u0259rimiz\u0259 at\u0259\u015f a\u00e7\u0131lan Erm\u0259nistan Silahl\u0131 Q\u00fcvv\u0259l\u0259rinin Qafan rayonunun Nerkin-And ya\u015fay\u0131\u015f m\u0259nt\u0259q\u0259sinin yax\u0131nl\u0131\u011f\u0131ndak\u0131 d\u00f6y\u00fc\u015f postu tamamil\u0259 darmada\u011f\u0131n edilib, d\u00f6y\u00fc\u015f m\u00f6vqel\u0259ri susdurulub. Bildirilib ki, m\u0259hv edilmi\u015f d\u00f6y\u00fc\u015f postunun \u015f\u0259xsi hey\u0259ti&hellip;","_links":{"self":[{"href":"https:\/\/arantv.az\/index.php?rest_route=\/wp\/v2\/posts\/689986"}],"collection":[{"href":"https:\/\/arantv.az\/index.php?rest_route=\/wp\/v2\/posts"}],"about":[{"href":"https:\/\/arantv.az\/index.php?rest_route=\/wp\/v2\/types\/post"}],"author":[{"embeddable":true,"href":"https:\/\/arantv.az\/index.php?rest_route=\/wp\/v2\/users\/2"}],"replies":[{"embeddable":true,"href":"https:\/\/arantv.az\/index.php?rest_route=%2Fwp%2Fv2%2Fcomments&post=689986"}],"version-history":[{"count":0,"href":"https:\/\/arantv.az\/index.php?rest_route=\/wp\/v2\/posts\/689986\/revisions"}],"wp:featuredmedia":[{"embeddable":true,"href":"https:\/\/arantv.az\/index.php?rest_route=\/wp\/v2\/media\/689987"}],"wp:attachment":[{"href":"https:\/\/arantv.az\/index.php?rest_route=%2Fwp%2Fv2%2Fmedia&parent=689986"}],"wp:term":[{"taxonomy":"category","embeddable":true,"href":"https:\/\/arantv.az\/index.php?rest_route=%2Fwp%2Fv2%2Fcategories&post=689986"},{"taxonomy":"post_tag","embeddable":true,"href":"https:\/\/arantv.az\/index.php?rest_route=%2Fwp%2Fv2%2Ftags&post=689986"}],"curies":[{"name":"wp","href":"https:\/\/api.w.org\/{rel}","templated":true}]}}