{"id":689989,"date":"2024-02-13T10:06:43","date_gmt":"2024-02-13T06:06:43","guid":{"rendered":"https:\/\/arantv.az\/?p=689989"},"modified":"2024-02-13T10:06:43","modified_gmt":"2024-02-13T06:06:43","slug":"qarli-gec%c9%99d%c9%99-bes-azyasli-ovladini-erm%c9%99nil%c9%99rin-%c9%99lind%c9%99n-xilas-ed%c9%99n-qadin-danisdi-video","status":"publish","type":"post","link":"https:\/\/arantv.az\/?p=689989","title":{"rendered":"Qarl\u0131 gec\u0259d\u0259 be\u015f azya\u015fl\u0131 \u00f6vlad\u0131n\u0131 erm\u0259nil\u0259rin \u0259lind\u0259n xilas ed\u0259n qad\u0131n dan\u0131\u015fd\u0131 &#8211; V\u0130DEO"},"content":{"rendered":"<article class=\"news\">\n<div class=\"news-inner\">\n<p>\u201cAmasiya rayonunun G\u00fcll\u00fcc\u0259 k\u0259ndind\u0259 anadan olmu\u015fam. \u00c7ox g\u00f6z\u0259l k\u0259nd idi. Erm\u0259nil\u0259r biz\u0259 \u00e7ox \u0259ziyy\u0259t verdil\u0259r\u201d.<\/p>\n<p>Bu s\u00f6zl\u0259ri AzTV-y\u0259 a\u00e7\u0131qlamas\u0131nda Surayya Ell\u0259zova deyib.<\/p>\n<p>O qeyd edib ki, be\u015f azya\u015fl\u0131 \u00f6vlad\u0131n\u0131 qarl\u0131 gec\u0259d\u0259 yor\u011fana b\u00fck\u0259r\u0259k G\u00fcll\u00fcc\u0259 k\u0259ndind\u0259n \u00e7\u0131xmaq m\u0259cburiyy\u0259tind\u0259 qal\u0131b:<\/p>\n<p>\u201cHe\u00e7 n\u0259 \u00e7\u0131xarda bilm\u0259dik. Erm\u0259nil\u0259r normal ya\u015fama\u011f\u0131m\u0131za icaz\u0259 vermirdil\u0259r\u201d.<\/p>\n<p>\u018ftrafl\u0131\u00a0s\u00fcjetd\u0259:<\/p>\n<div><iframe loading=\"lazy\" title=\"YouTube video player\" src=\"https:\/\/www.youtube.com\/embed\/2HB2wcdI7lA?si=QB0Ha5WeFDngQ8bu\" width=\"560\" height=\"315\" frameborder=\"0\" allowfullscreen=\"allowfullscreen\" data-mce-fragment=\"1\"><\/iframe><\/div>\n<\/div>\n<\/article>\n","protected":false},"excerpt":{"rendered":"<p>\u201cAmasiya rayonunun G\u00fcll\u00fcc\u0259 k\u0259ndind\u0259 anadan olmu\u015fam. \u00c7ox g\u00f6z\u0259l k\u0259nd idi. Erm\u0259nil\u0259r biz\u0259 \u00e7ox \u0259ziyy\u0259t verdil\u0259r\u201d. Bu s\u00f6zl\u0259ri AzTV-y\u0259 a\u00e7\u0131qlamas\u0131nda Surayya Ell\u0259zova deyib. O qeyd edib ki, be\u015f azya\u015fl\u0131 \u00f6vlad\u0131n\u0131 qarl\u0131 gec\u0259d\u0259 yor\u011fana b\u00fck\u0259r\u0259k G\u00fcll\u00fcc\u0259 k\u0259ndind\u0259n \u00e7\u0131xmaq m\u0259cburiyy\u0259tind\u0259 qal\u0131b: \u201cHe\u00e7 n\u0259 \u00e7\u0131xarda bilm\u0259dik. Erm\u0259nil\u0259r normal ya\u015fama\u011f\u0131m\u0131za icaz\u0259 vermirdil\u0259r\u201d. \u018ftrafl\u0131\u00a0s\u00fcjetd\u0259:<\/p>\n","protected":false},"author":2,"featured_media":689990,"comment_status":"closed","ping_status":"closed","sticky":false,"template":"","format":"standard","meta":{"om_disable_all_campaigns":false,"_monsterinsights_skip_tracking":false,"_monsterinsights_sitenote_active":false,"_monsterinsights_sitenote_note":"","_monsterinsights_sitenote_category":0},"categories":[1],"tags":[],"aioseo_notices":[],"gutentor_comment":0,"rttpg_featured_image_url":{"full":["https:\/\/arantv.az\/wp-content\/uploads\/2024\/02\/FotoJet-64-1.jpg",620,413,false],"landscape":["https:\/\/arantv.az\/wp-content\/uploads\/2024\/02\/FotoJet-64-1.jpg",620,413,false],"portraits":["https:\/\/arantv.az\/wp-content\/uploads\/2024\/02\/FotoJet-64-1.jpg",620,413,false],"thumbnail":["https:\/\/arantv.az\/wp-content\/uploads\/2024\/02\/FotoJet-64-1-500x280.jpg",500,280,true],"medium":["https:\/\/arantv.az\/wp-content\/uploads\/2024\/02\/FotoJet-64-1-548x365.jpg",548,365,true],"large":["https:\/\/arantv.az\/wp-content\/uploads\/2024\/02\/FotoJet-64-1.jpg",620,413,false],"1536x1536":["https:\/\/arantv.az\/wp-content\/uploads\/2024\/02\/FotoJet-64-1.jpg",620,413,false],"2048x2048":["https:\/\/arantv.az\/wp-content\/uploads\/2024\/02\/FotoJet-64-1.jpg",620,413,false],"post-thumbnail":["https:\/\/arantv.az\/wp-content\/uploads\/2024\/02\/FotoJet-64-1-240x172.jpg",240,172,true],"advps-thumb-one":["https:\/\/arantv.az\/wp-content\/uploads\/2024\/02\/FotoJet-64-1.jpg",620,413,false]},"rttpg_author":{"display_name":"V\u00fcsal Rafiqo\u011flu","author_link":"https:\/\/arantv.az\/?author=2"},"rttpg_comment":0,"rttpg_category":"<a href=\"https:\/\/arantv.az\/?cat=1\" rel=\"category\">C\u0259miyy\u0259t<\/a>","rttpg_excerpt":"\u201cAmasiya rayonunun G\u00fcll\u00fcc\u0259 k\u0259ndind\u0259 anadan olmu\u015fam. \u00c7ox g\u00f6z\u0259l k\u0259nd idi. Erm\u0259nil\u0259r biz\u0259 \u00e7ox \u0259ziyy\u0259t verdil\u0259r\u201d. Bu s\u00f6zl\u0259ri AzTV-y\u0259 a\u00e7\u0131qlamas\u0131nda Surayya Ell\u0259zova deyib. O qeyd edib ki, be\u015f azya\u015fl\u0131 \u00f6vlad\u0131n\u0131 qarl\u0131 gec\u0259d\u0259 yor\u011fana b\u00fck\u0259r\u0259k G\u00fcll\u00fcc\u0259 k\u0259ndind\u0259n \u00e7\u0131xmaq m\u0259cburiyy\u0259tind\u0259 qal\u0131b: \u201cHe\u00e7 n\u0259 \u00e7\u0131xarda bilm\u0259dik. Erm\u0259nil\u0259r normal ya\u015fama\u011f\u0131m\u0131za icaz\u0259 vermirdil\u0259r\u201d. \u018ftrafl\u0131\u00a0s\u00fcjetd\u0259:","_links":{"self":[{"href":"https:\/\/arantv.az\/index.php?rest_route=\/wp\/v2\/posts\/689989"}],"collection":[{"href":"https:\/\/arantv.az\/index.php?rest_route=\/wp\/v2\/posts"}],"about":[{"href":"https:\/\/arantv.az\/index.php?rest_route=\/wp\/v2\/types\/post"}],"author":[{"embeddable":true,"href":"https:\/\/arantv.az\/index.php?rest_route=\/wp\/v2\/users\/2"}],"replies":[{"embeddable":true,"href":"https:\/\/arantv.az\/index.php?rest_route=%2Fwp%2Fv2%2Fcomments&post=689989"}],"version-history":[{"count":0,"href":"https:\/\/arantv.az\/index.php?rest_route=\/wp\/v2\/posts\/689989\/revisions"}],"wp:featuredmedia":[{"embeddable":true,"href":"https:\/\/arantv.az\/index.php?rest_route=\/wp\/v2\/media\/689990"}],"wp:attachment":[{"href":"https:\/\/arantv.az\/index.php?rest_route=%2Fwp%2Fv2%2Fmedia&parent=689989"}],"wp:term":[{"taxonomy":"category","embeddable":true,"href":"https:\/\/arantv.az\/index.php?rest_route=%2Fwp%2Fv2%2Fcategories&post=689989"},{"taxonomy":"post_tag","embeddable":true,"href":"https:\/\/arantv.az\/index.php?rest_route=%2Fwp%2Fv2%2Ftags&post=689989"}],"curies":[{"name":"wp","href":"https:\/\/api.w.org\/{rel}","templated":true}]}}