{"id":689999,"date":"2024-02-13T10:08:39","date_gmt":"2024-02-13T06:08:39","guid":{"rendered":"https:\/\/arantv.az\/?p=689999"},"modified":"2024-02-13T10:08:39","modified_gmt":"2024-02-13T06:08:39","slug":"tarixi-gulustan-muqavil%c9%99sinin-imzalandigi-yerd%c9%99n-goruntul%c9%99r-video","status":"publish","type":"post","link":"https:\/\/arantv.az\/?p=689999","title":{"rendered":"Tarixi G\u00fcl\u00fcstan m\u00fcqavil\u0259sinin imzaland\u0131\u011f\u0131 yerd\u0259n G\u00d6R\u00dcNT\u00dcL\u018fR &#8211; V\u0130DEO"},"content":{"rendered":"<p>Goranboy rayonunun G\u00fcl\u00fcstan k\u0259ndi v\u0259 G\u00fcl\u00fcstan qalas\u0131n\u0131n videog\u00f6r\u00fcnt\u00fcl\u0259ri yay\u0131l\u0131b.<\/p>\n<p><b>ARANTV.AZ\u00a0 <\/b>x\u0259b\u0259r verir ki, uzun m\u00fcdd\u0259t i\u015f\u011fal alt\u0131nda olan G\u00fcl\u00fcstan qalas\u0131n\u0131n \u0259traf\u0131nda Erm\u0259nistan silahl\u0131 q\u00fcvv\u0259l\u0259ri t\u0259r\u0259find\u0259n xeyli sayda m\u00fcxt\u0259lif t\u0259yinatl\u0131 minalar basd\u0131r\u0131l\u0131b.<\/p>\n<p>Goranboy rayonunun G\u00fcl\u00fcstan k\u0259ndi \u0259razisind\u0259 h\u0259l\u0259 d\u0259 tank v\u0259 piyada \u0259leyhin\u0259 mina t\u0259hl\u00fck\u0259si m\u00f6vcuddur.<\/p>\n<p>Qeyd ed\u0259k ki, qalan\u0131n tikilm\u0259 tarixi t\u0259dqiqat\u00e7\u0131lar t\u0259r\u0259find\u0259n Qafqaz Albaniyas\u0131 d\u00f6vr\u00fcn\u0259 aid edilir. Yerli da\u015flardan tikil\u0259n qala m\u00f6hk\u0259m m\u00fcdafi\u0259 qur\u011fusu olub. XVIII-XIX \u0259srl\u0259rd\u0259 m\u00f6vcud olmu\u015f G\u00fcl\u00fcstan m\u0259likliyinin m\u0259rk\u0259zi olub. Tarixi G\u00fcl\u00fcstan m\u00fcqavil\u0259si d\u0259 bu qalada imzalan\u0131b.<\/p>\n<p>H\u0259min g\u00f6r\u00fcnt\u00fcl\u0259ri t\u0259qdim edirik:<\/p>\n<div><iframe loading=\"lazy\" id=\"telegram-post-oxuaze-81046\" src=\"https:\/\/t.me\/oxuaze\/81046?embed=1\" width=\"100%\" height=\"\" frameborder=\"0\" scrolling=\"no\" data-mce-fragment=\"1\"><\/iframe><\/div>\n<p>&nbsp;<\/p>\n","protected":false},"excerpt":{"rendered":"<p>Goranboy rayonunun G\u00fcl\u00fcstan k\u0259ndi v\u0259 G\u00fcl\u00fcstan qalas\u0131n\u0131n videog\u00f6r\u00fcnt\u00fcl\u0259ri yay\u0131l\u0131b. ARANTV.AZ\u00a0 x\u0259b\u0259r verir ki, uzun m\u00fcdd\u0259t i\u015f\u011fal alt\u0131nda olan G\u00fcl\u00fcstan qalas\u0131n\u0131n \u0259traf\u0131nda Erm\u0259nistan silahl\u0131 q\u00fcvv\u0259l\u0259ri t\u0259r\u0259find\u0259n xeyli sayda m\u00fcxt\u0259lif t\u0259yinatl\u0131 minalar basd\u0131r\u0131l\u0131b. Goranboy rayonunun G\u00fcl\u00fcstan k\u0259ndi \u0259razisind\u0259 h\u0259l\u0259 d\u0259 tank v\u0259 piyada \u0259leyhin\u0259 mina t\u0259hl\u00fck\u0259si m\u00f6vcuddur. Qeyd ed\u0259k ki, qalan\u0131n tikilm\u0259 tarixi t\u0259dqiqat\u00e7\u0131lar t\u0259r\u0259find\u0259n Qafqaz Albaniyas\u0131 d\u00f6vr\u00fcn\u0259 aid edilir. Yerli da\u015flardan tikil\u0259n qala m\u00f6hk\u0259m m\u00fcdafi\u0259 qur\u011fusu olub. XVIII-XIX \u0259srl\u0259rd\u0259 m\u00f6vcud olmu\u015f G\u00fcl\u00fcstan m\u0259likliyinin m\u0259rk\u0259zi olub. Tarixi G\u00fcl\u00fcstan m\u00fcqavil\u0259si d\u0259 bu qalada imzalan\u0131b. H\u0259min g\u00f6r\u00fcnt\u00fcl\u0259ri t\u0259qdim edirik: &nbsp;<\/p>\n","protected":false},"author":2,"featured_media":690000,"comment_status":"closed","ping_status":"closed","sticky":false,"template":"","format":"standard","meta":{"om_disable_all_campaigns":false,"_monsterinsights_skip_tracking":false,"_monsterinsights_sitenote_active":false,"_monsterinsights_sitenote_note":"","_monsterinsights_sitenote_category":0},"categories":[1],"tags":[],"aioseo_notices":[],"gutentor_comment":0,"rttpg_featured_image_url":{"full":["https:\/\/arantv.az\/wp-content\/uploads\/2024\/02\/FotoJet-18-3.jpg",620,413,false],"landscape":["https:\/\/arantv.az\/wp-content\/uploads\/2024\/02\/FotoJet-18-3.jpg",620,413,false],"portraits":["https:\/\/arantv.az\/wp-content\/uploads\/2024\/02\/FotoJet-18-3.jpg",620,413,false],"thumbnail":["https:\/\/arantv.az\/wp-content\/uploads\/2024\/02\/FotoJet-18-3-500x280.jpg",500,280,true],"medium":["https:\/\/arantv.az\/wp-content\/uploads\/2024\/02\/FotoJet-18-3-548x365.jpg",548,365,true],"large":["https:\/\/arantv.az\/wp-content\/uploads\/2024\/02\/FotoJet-18-3.jpg",620,413,false],"1536x1536":["https:\/\/arantv.az\/wp-content\/uploads\/2024\/02\/FotoJet-18-3.jpg",620,413,false],"2048x2048":["https:\/\/arantv.az\/wp-content\/uploads\/2024\/02\/FotoJet-18-3.jpg",620,413,false],"post-thumbnail":["https:\/\/arantv.az\/wp-content\/uploads\/2024\/02\/FotoJet-18-3-240x172.jpg",240,172,true],"advps-thumb-one":["https:\/\/arantv.az\/wp-content\/uploads\/2024\/02\/FotoJet-18-3.jpg",620,413,false]},"rttpg_author":{"display_name":"V\u00fcsal Rafiqo\u011flu","author_link":"https:\/\/arantv.az\/?author=2"},"rttpg_comment":0,"rttpg_category":"<a href=\"https:\/\/arantv.az\/?cat=1\" rel=\"category\">C\u0259miyy\u0259t<\/a>","rttpg_excerpt":"Goranboy rayonunun G\u00fcl\u00fcstan k\u0259ndi v\u0259 G\u00fcl\u00fcstan qalas\u0131n\u0131n videog\u00f6r\u00fcnt\u00fcl\u0259ri yay\u0131l\u0131b. ARANTV.AZ\u00a0 x\u0259b\u0259r verir ki, uzun m\u00fcdd\u0259t i\u015f\u011fal alt\u0131nda olan G\u00fcl\u00fcstan qalas\u0131n\u0131n \u0259traf\u0131nda Erm\u0259nistan silahl\u0131 q\u00fcvv\u0259l\u0259ri t\u0259r\u0259find\u0259n xeyli sayda m\u00fcxt\u0259lif t\u0259yinatl\u0131 minalar basd\u0131r\u0131l\u0131b. Goranboy rayonunun G\u00fcl\u00fcstan k\u0259ndi \u0259razisind\u0259 h\u0259l\u0259 d\u0259 tank v\u0259 piyada \u0259leyhin\u0259 mina t\u0259hl\u00fck\u0259si m\u00f6vcuddur. Qeyd ed\u0259k ki, qalan\u0131n tikilm\u0259 tarixi t\u0259dqiqat\u00e7\u0131lar t\u0259r\u0259find\u0259n Qafqaz Albaniyas\u0131&hellip;","_links":{"self":[{"href":"https:\/\/arantv.az\/index.php?rest_route=\/wp\/v2\/posts\/689999"}],"collection":[{"href":"https:\/\/arantv.az\/index.php?rest_route=\/wp\/v2\/posts"}],"about":[{"href":"https:\/\/arantv.az\/index.php?rest_route=\/wp\/v2\/types\/post"}],"author":[{"embeddable":true,"href":"https:\/\/arantv.az\/index.php?rest_route=\/wp\/v2\/users\/2"}],"replies":[{"embeddable":true,"href":"https:\/\/arantv.az\/index.php?rest_route=%2Fwp%2Fv2%2Fcomments&post=689999"}],"version-history":[{"count":0,"href":"https:\/\/arantv.az\/index.php?rest_route=\/wp\/v2\/posts\/689999\/revisions"}],"wp:featuredmedia":[{"embeddable":true,"href":"https:\/\/arantv.az\/index.php?rest_route=\/wp\/v2\/media\/690000"}],"wp:attachment":[{"href":"https:\/\/arantv.az\/index.php?rest_route=%2Fwp%2Fv2%2Fmedia&parent=689999"}],"wp:term":[{"taxonomy":"category","embeddable":true,"href":"https:\/\/arantv.az\/index.php?rest_route=%2Fwp%2Fv2%2Fcategories&post=689999"},{"taxonomy":"post_tag","embeddable":true,"href":"https:\/\/arantv.az\/index.php?rest_route=%2Fwp%2Fv2%2Ftags&post=689999"}],"curies":[{"name":"wp","href":"https:\/\/api.w.org\/{rel}","templated":true}]}}