{"id":690005,"date":"2024-02-13T10:10:11","date_gmt":"2024-02-13T06:10:11","guid":{"rendered":"https:\/\/arantv.az\/?p=690005"},"modified":"2024-02-13T10:10:11","modified_gmt":"2024-02-13T06:10:11","slug":"xin-pasinyan-az%c9%99rbaycana-qarsi-novb%c9%99ti-bohtan-xarakterli-iddialar-s%c9%99sl%c9%99ndirib","status":"publish","type":"post","link":"https:\/\/arantv.az\/?p=690005","title":{"rendered":"X\u0130N: \u201cPa\u015finyan Az\u0259rbaycana qar\u015f\u0131 n\u00f6vb\u0259ti b\u00f6htan xarakterli iddialar s\u0259sl\u0259ndirib\u201d"},"content":{"rendered":"<p>Fevral\u0131n 11-d\u0259 Erm\u0259nistan\u0131n ba\u015f naziri Nikol Pa\u015finyan \u201cThe Telegraph\u201d q\u0259zetin\u0259 verdiyi m\u00fcsahib\u0259 zaman\u0131 Az\u0259rbaycana qar\u015f\u0131 n\u00f6vb\u0259ti d\u0259f\u0259 b\u00f6htan xarakterli \u0259sass\u0131z iddialar s\u0259sl\u0259ndirib.<\/p>\n<p>Bu Az\u0259rbaycan Xarici \u0130\u015fl\u0259r Nazirliyinin (X\u0130N) Pa\u015finyan\u0131n m\u00fcsahib\u0259 zaman\u0131 s\u0259sl\u0259ndirdiyi iddialara dair \u015f\u0259rhind\u0259 yer al\u0131b.<\/p>\n<p>\u201cM\u00fcsahib\u0259 zaman\u0131, beyn\u0259lxalq raz\u0131l\u0131qlar\u0131n v\u0259 \u00f6hd\u0259likl\u0259rin yerin\u0259 yetirilm\u0259sini t\u0259\u015fviq ed\u0259n Erm\u0259nistan ba\u015f nazirinin t\u0259msil etdiyi \u00f6lk\u0259sinin beyn\u0259lxalq h\u00fcququn b\u00fct\u00fcn norma v\u0259 prinsipl\u0259rin\u0259, habel\u0259 istinad etdiyi Alma-Ata b\u0259yannam\u0259sin\u0259 m\u0259ram v\u0259 m\u0259qs\u0259dl\u0259rin\u0259 zidd olaraq Az\u0259rbaycan \u0259razil\u0259rini 30 il\u0259 yax\u0131n m\u00fcdd\u0259td\u0259 i\u015f\u011fal alt\u0131nda saxlamas\u0131 fakt\u0131n\u0131n \u00fcz\u0259rind\u0259n ke\u00e7m\u0259y\u0259 \u00e7al\u0131\u015fmas\u0131 t\u0259\u0259ss\u00fcf do\u011furur.<\/p>\n<p>Bununla yana\u015f\u0131, 44 g\u00fcnl\u00fck V\u0259t\u0259n m\u00fcharib\u0259sind\u0259n sonra Erm\u0259nistan\u0131n \u00fc\u00e7t\u0259r\u0259fli b\u0259yanat\u0131n m\u00fcdd\u0259alar\u0131n\u0131 kobud \u015f\u0259kild\u0259 pozaraq, Az\u0259rbaycan \u0259razil\u0259rind\u0259n i\u015f\u011fal\u00e7\u0131 q\u00fcvv\u0259l\u0259ri \u00e7\u0131xarmamas\u0131, \u0259razil\u0259rimiz\u0259 silah-sursat, h\u0259rbi texnika v\u0259 minalar\u0131 \u00f6t\u00fcrm\u0259kd\u0259 davam etm\u0259si v\u0259 dig\u0259r kobud pozuntu v\u0259 t\u0259xribatlar t\u00f6r\u0259tm\u0259si bar\u0259d\u0259 dan\u0131lmaz faktlar Erm\u0259nistan t\u0259r\u0259finin \u0259sl niyy\u0259tind\u0259n x\u0259b\u0259r verir.<\/p>\n<div id=\"22889818619\"><\/div>\n<p>Erm\u0259nistan ba\u015f nazirin\u0259 h\u0259m\u00e7inin yax\u015f\u0131 m\u0259lumdur ki, Erm\u0259nistan t\u0259r\u0259fi Praqa v\u0259 So\u00e7i g\u00f6r\u00fc\u015fl\u0259rind\u0259 v\u0259 daha sonra Az\u0259rbaycan\u0131n \u0259razi b\u00fct\u00f6vl\u00fcy\u00fcn\u00fc tan\u0131d\u0131\u011f\u0131n\u0131 b\u0259yan ets\u0259 d\u0259, Az\u0259rbaycan \u0259razil\u0259rind\u0259 yaratd\u0131\u011f\u0131 qondarma rejimin saxta \u201cm\u00fcst\u0259qilliyi\u201d il\u0259 ba\u011fl\u0131 2023-c\u00fc ilin sentyabr ay\u0131nda t\u0259brik b\u0259yanatlar\u0131 verm\u0259kl\u0259 yana\u015f\u0131, bu g\u00fcn\u0259d\u0259k beyn\u0259lxalq t\u0259\u015fkilat v\u0259 m\u0259hk\u0259m\u0259l\u0259rd\u0259 Az\u0259rbaycan\u0131n suverenliyi v\u0259 \u0259razi b\u00fct\u00f6vl\u00fcy\u00fcn\u0259 qar\u015f\u0131 iddialar\u0131 davam etdirm\u0259kd\u0259dir.<\/p>\n<p>Erm\u0259nistan t\u0259r\u0259finin Alma-Ata b\u0259yannam\u0259sin\u0259 qo\u015fulan zaman verdikl\u0259ri qeyd \u015f\u0259rti, Qaraba\u011f\u0131 Az\u0259rbaycan\u0131n t\u0259rkib hiss\u0259si kimi tan\u0131ma\u011fa qar\u015f\u0131 \u00e7\u0131xan q\u00fcvv\u0259d\u0259 olan qanunvericilik aktlar\u0131n\u0131n m\u00f6vcudlu\u011funu unutdurma\u011fa \u00e7al\u0131\u015fmas\u0131 da dig\u0259r ciddi narahatl\u0131q m\u0259nb\u0259yidir.<\/p>\n<p>Erm\u0259nistan t\u0259r\u0259fi bu kimi t\u0259xribatlar v\u0259 Az\u0259rbaycana qar\u015f\u0131 siyasi manipulyasiya dolu fikirl\u0259r v\u0259 add\u0131mlar \u0259v\u0259zin\u0259, s\u00f6zd\u0259 deyil, \u0259m\u0259ld\u0259 beyn\u0259lxalq \u00f6hd\u0259likl\u0259r\u0259 riay\u0259t etm\u0259li v\u0259 s\u00fclh prosesin\u0259 t\u00f6hf\u0259 verm\u0259lidir\u201d, &#8211; X\u0130N-d\u0259n bildirilib.<\/p>\n","protected":false},"excerpt":{"rendered":"<p>Fevral\u0131n 11-d\u0259 Erm\u0259nistan\u0131n ba\u015f naziri Nikol Pa\u015finyan \u201cThe Telegraph\u201d q\u0259zetin\u0259 verdiyi m\u00fcsahib\u0259 zaman\u0131 Az\u0259rbaycana qar\u015f\u0131 n\u00f6vb\u0259ti d\u0259f\u0259 b\u00f6htan xarakterli \u0259sass\u0131z iddialar s\u0259sl\u0259ndirib. Bu Az\u0259rbaycan Xarici \u0130\u015fl\u0259r Nazirliyinin (X\u0130N) Pa\u015finyan\u0131n m\u00fcsahib\u0259 zaman\u0131 s\u0259sl\u0259ndirdiyi iddialara dair \u015f\u0259rhind\u0259 yer al\u0131b. \u201cM\u00fcsahib\u0259 zaman\u0131, beyn\u0259lxalq raz\u0131l\u0131qlar\u0131n v\u0259 \u00f6hd\u0259likl\u0259rin yerin\u0259 yetirilm\u0259sini t\u0259\u015fviq ed\u0259n Erm\u0259nistan ba\u015f nazirinin t\u0259msil etdiyi \u00f6lk\u0259sinin beyn\u0259lxalq h\u00fcququn b\u00fct\u00fcn norma v\u0259 prinsipl\u0259rin\u0259, habel\u0259 istinad etdiyi Alma-Ata b\u0259yannam\u0259sin\u0259 m\u0259ram v\u0259 m\u0259qs\u0259dl\u0259rin\u0259 zidd olaraq Az\u0259rbaycan \u0259razil\u0259rini 30 il\u0259 yax\u0131n m\u00fcdd\u0259td\u0259 i\u015f\u011fal alt\u0131nda saxlamas\u0131 fakt\u0131n\u0131n \u00fcz\u0259rind\u0259n ke\u00e7m\u0259y\u0259 \u00e7al\u0131\u015fmas\u0131 t\u0259\u0259ss\u00fcf do\u011furur. Bununla yana\u015f\u0131, 44 g\u00fcnl\u00fck V\u0259t\u0259n m\u00fcharib\u0259sind\u0259n&hellip;<\/p>\n","protected":false},"author":2,"featured_media":557829,"comment_status":"closed","ping_status":"closed","sticky":false,"template":"","format":"standard","meta":{"om_disable_all_campaigns":false,"_monsterinsights_skip_tracking":false,"_monsterinsights_sitenote_active":false,"_monsterinsights_sitenote_note":"","_monsterinsights_sitenote_category":0},"categories":[4],"tags":[],"aioseo_notices":[],"gutentor_comment":0,"rttpg_featured_image_url":{"full":["https:\/\/arantv.az\/wp-content\/uploads\/2023\/01\/XIN.jpg",975,540,false],"landscape":["https:\/\/arantv.az\/wp-content\/uploads\/2023\/01\/XIN.jpg",975,540,false],"portraits":["https:\/\/arantv.az\/wp-content\/uploads\/2023\/01\/XIN.jpg",975,540,false],"thumbnail":["https:\/\/arantv.az\/wp-content\/uploads\/2023\/01\/XIN-500x280.jpg",500,280,true],"medium":["https:\/\/arantv.az\/wp-content\/uploads\/2023\/01\/XIN-660x365.jpg",660,365,true],"large":["https:\/\/arantv.az\/wp-content\/uploads\/2023\/01\/XIN-840x465.jpg",640,354,true],"1536x1536":["https:\/\/arantv.az\/wp-content\/uploads\/2023\/01\/XIN.jpg",975,540,false],"2048x2048":["https:\/\/arantv.az\/wp-content\/uploads\/2023\/01\/XIN.jpg",975,540,false],"post-thumbnail":["https:\/\/arantv.az\/wp-content\/uploads\/2023\/01\/XIN-240x172.jpg",240,172,true],"advps-thumb-one":["https:\/\/arantv.az\/wp-content\/uploads\/2023\/01\/XIN.jpg",975,540,false]},"rttpg_author":{"display_name":"V\u00fcsal Rafiqo\u011flu","author_link":"https:\/\/arantv.az\/?author=2"},"rttpg_comment":0,"rttpg_category":"<a href=\"https:\/\/arantv.az\/?cat=4\" rel=\"category\">Siyas\u0259t<\/a>","rttpg_excerpt":"Fevral\u0131n 11-d\u0259 Erm\u0259nistan\u0131n ba\u015f naziri Nikol Pa\u015finyan \u201cThe Telegraph\u201d q\u0259zetin\u0259 verdiyi m\u00fcsahib\u0259 zaman\u0131 Az\u0259rbaycana qar\u015f\u0131 n\u00f6vb\u0259ti d\u0259f\u0259 b\u00f6htan xarakterli \u0259sass\u0131z iddialar s\u0259sl\u0259ndirib. Bu Az\u0259rbaycan Xarici \u0130\u015fl\u0259r Nazirliyinin (X\u0130N) Pa\u015finyan\u0131n m\u00fcsahib\u0259 zaman\u0131 s\u0259sl\u0259ndirdiyi iddialara dair \u015f\u0259rhind\u0259 yer al\u0131b. \u201cM\u00fcsahib\u0259 zaman\u0131, beyn\u0259lxalq raz\u0131l\u0131qlar\u0131n v\u0259 \u00f6hd\u0259likl\u0259rin yerin\u0259 yetirilm\u0259sini t\u0259\u015fviq ed\u0259n Erm\u0259nistan ba\u015f nazirinin t\u0259msil etdiyi \u00f6lk\u0259sinin beyn\u0259lxalq h\u00fcququn&hellip;","_links":{"self":[{"href":"https:\/\/arantv.az\/index.php?rest_route=\/wp\/v2\/posts\/690005"}],"collection":[{"href":"https:\/\/arantv.az\/index.php?rest_route=\/wp\/v2\/posts"}],"about":[{"href":"https:\/\/arantv.az\/index.php?rest_route=\/wp\/v2\/types\/post"}],"author":[{"embeddable":true,"href":"https:\/\/arantv.az\/index.php?rest_route=\/wp\/v2\/users\/2"}],"replies":[{"embeddable":true,"href":"https:\/\/arantv.az\/index.php?rest_route=%2Fwp%2Fv2%2Fcomments&post=690005"}],"version-history":[{"count":0,"href":"https:\/\/arantv.az\/index.php?rest_route=\/wp\/v2\/posts\/690005\/revisions"}],"wp:featuredmedia":[{"embeddable":true,"href":"https:\/\/arantv.az\/index.php?rest_route=\/wp\/v2\/media\/557829"}],"wp:attachment":[{"href":"https:\/\/arantv.az\/index.php?rest_route=%2Fwp%2Fv2%2Fmedia&parent=690005"}],"wp:term":[{"taxonomy":"category","embeddable":true,"href":"https:\/\/arantv.az\/index.php?rest_route=%2Fwp%2Fv2%2Fcategories&post=690005"},{"taxonomy":"post_tag","embeddable":true,"href":"https:\/\/arantv.az\/index.php?rest_route=%2Fwp%2Fv2%2Ftags&post=690005"}],"curies":[{"name":"wp","href":"https:\/\/api.w.org\/{rel}","templated":true}]}}