{"id":690007,"date":"2024-02-13T10:11:10","date_gmt":"2024-02-13T06:11:10","guid":{"rendered":"https:\/\/arantv.az\/?p=690007"},"modified":"2024-02-13T10:11:10","modified_gmt":"2024-02-13T06:11:10","slug":"avropa-ittifaqinin-erm%c9%99nistandaki-sulh-missiyasi-yeni-h%c9%99rbi-toqqusmalar-ucun-z%c9%99min-hazirlayir-s%c9%99rh","status":"publish","type":"post","link":"https:\/\/arantv.az\/?p=690007","title":{"rendered":"Avropa \u0130ttifaq\u0131n\u0131n Erm\u0259nistandak\u0131 \u201cs\u00fclh missiya\u201ds\u0131 yeni h\u0259rbi toqqu\u015fmalar \u00fc\u00e7\u00fcn z\u0259min haz\u0131rlay\u0131r &#8211; \u015e\u018fRH"},"content":{"rendered":"<p>\u201cBu ilin yanvar ay\u0131nda Avropa \u0130ttifaq\u0131n\u0131n Erm\u0259nistandak\u0131 \u201cmissiya\u201ds\u0131 (EUMA) Az\u0259rbaycanla s\u0259rh\u0259dyan\u0131 \u0259razil\u0259r\u0259 1500 n\u0259f\u0259r patrul g\u00f6nd\u0259rib. Onlara yerl\u0259rd\u0259ki v\u0259ziyy\u0259ti m\u00fc\u015fahid\u0259 etm\u0259k v\u0259 hesabat haz\u0131rlamaq tap\u015f\u0131r\u0131l\u0131b. Qurumdan bildirilib ki, \u201cmissiya\u201d s\u0259rh\u0259dyan\u0131 \u0259razil\u0259rd\u0259 guya \u201csabitliy\u0259 t\u00f6vh\u0259 verm\u0259k\u201d, iki \u00f6lk\u0259 aras\u0131nda m\u00fcnasib\u0259tl\u0259rin normalla\u015fmaq m\u0259qs\u0259dil\u0259 i\u015f aparacaq\u201d.<\/p>\n<p>Bu s\u00f6zl\u0259ri \u201c\u0130slahat\u00e7\u0131 G\u0259ncl\u0259r\u201d \u0130ctimai Birliyinin s\u0259dri, siyasi \u015f\u0259rh\u00e7i\u00a0<strong>F\u0259rid \u015eahbazl\u0131<\/strong>\u00a0<strong>Oxu.Az<\/strong>-a a\u00e7\u0131qlamas\u0131nda deyib.<\/p>\n<p>O bildirib ki, \u201cmissiya\u201dn\u0131 h\u0259v\u0259sl\u0259 q\u0259bul ed\u0259n v\u0259 onunla \u0259m\u0259kda\u015fl\u0131q ed\u0259c\u0259yini bildir\u0259n Erm\u0259nistandan f\u0259rqli olaraq, Az\u0259rbaycan ilk g\u00fcnd\u0259n onun m\u0259ram v\u0259 m\u0259qs\u0259dinin C\u0259nubi Qafqazda s\u00fclh v\u0259 sabitliy\u0259 deyil, s\u00fclh v\u0259 sabitlik ist\u0259m\u0259y\u0259nl\u0259rin qara niyy\u0259tl\u0259rin\u0259 xidm\u0259t ed\u0259c\u0259yini b\u0259yan etmi\u015fdi. \u00c7\u00fcnki s\u00f6z\u00fcged\u0259n \u201cmissiya\u201dda t\u0259msil olunan \u00f6lk\u0259l\u0259rin ayr\u0131-ayr\u0131l\u0131qda h\u0259r birinin Az\u0259rbaycana, Qaraba\u011f \u00fcz\u0259rind\u0259 d\u00f6vl\u0259t suverenliyimizin b\u0259rpas\u0131 m\u0259s\u0259l\u0259sin\u0259 m\u00fcnasib\u0259ti ham\u0131ya yax\u015f\u0131 m\u0259lumdur.<\/p>\n<p>\u201cBel\u0259 d\u0259 oldu. Bu g\u00fcn &#8211; fevral\u0131n 12-d\u0259 erm\u0259ni silahl\u0131 q\u00fcvv\u0259l\u0259rinin \u0259sg\u0259rl\u0259ri bu \u201cs\u00fclsev\u0259r missiya\u201dn\u0131n g\u00f6z\u00fc qar\u015f\u0131s\u0131nda at\u0259\u015f a\u00e7araq \u0259sg\u0259rimizi\u00a0<a href=\"https:\/\/oxu.az\/war\/837442\" target=\"_blank\" rel=\"noopener\">yaralad\u0131lar<\/a>. Hadis\u0259nin m\u0259qs\u0259dy\u00f6nl\u00fc \u015f\u0259kild\u0259 t\u00f6r\u0259dildiyi v\u0259 v\u0259ziyy\u0259tin g\u0259rginl\u0259\u015fm\u0259sin\u0259 y\u00f6n\u0259ldiyi g\u00fcn kimi ayd\u0131nd\u0131r. H\u0259tta at\u0259\u015fin \u201cmissiya\u201d \u00fczvl\u0259rind\u0259n biri t\u0259r\u0259find\u0259n a\u00e7\u0131ld\u0131\u011f\u0131 variant\u0131 da n\u0259z\u0259rd\u0259n ke\u00e7iril\u0259 bil\u0259r.<\/p>\n<p>Bu hadis\u0259d\u0259n sonra Avropa \u0130ttifaq\u0131n\u0131n (A\u0130) Az\u0259rbaycandak\u0131 s\u0259firi Peter Mixalko Az\u0259rbaycan Xarici \u0130\u015fl\u0259r Nazirliyin\u0259\u00a0<a href=\"https:\/\/oxu.az\/politics\/837328\" target=\"_blank\" rel=\"noopener\">\u00e7a\u011f\u0131r\u0131ld\u0131<\/a>. Burada ona Avropa \u0130ttifaq\u0131n\u0131n Erm\u0259nistandak\u0131 M\u00fc\u015fahid\u0259 Missiyas\u0131n\u0131n (EUMA) f\u0259aliyy\u0259ti il\u0259 ba\u011fl\u0131 ilkin raz\u0131la\u015fmalara zidd olan f\u0259aliyy\u0259tind\u0259n ciddi narahatl\u0131q ifad\u0259 edildi. S\u0259firin diqq\u0259tin\u0259 \u00e7atd\u0131r\u0131ld\u0131 ki, regionda sabitliyin t\u0259\u015fviq edilm\u0259si, Az\u0259rbaycan v\u0259 Erm\u0259nistan aras\u0131nda etimad\u0131n yarad\u0131lmas\u0131 kimi b\u0259yan edilmi\u015f m\u0259qs\u0259dl\u0259r\u0259 zidd olaraq, \u201cmissiya\u201ddan Az\u0259rbaycan \u0259leyhin\u0259 bir t\u0259bli\u011fat vasit\u0259si kimi geni\u015f istifad\u0259 olunur.<\/p>\n<p>\u201cMissiya\u201d faktiki olaraq m\u00fcxt\u0259lif Avropa r\u0259smil\u0259rinin v\u0259 qeyri-r\u0259smi n\u00fcmay\u0259nd\u0259 hey\u0259tl\u0259rinin s\u0259rh\u0259dyan\u0131 \u0259razil\u0259r\u0259 s\u0259f\u0259rl\u0259rini h\u0259yata ke\u00e7ir\u0259n \u201cd\u00fcrb\u00fcn diplomatiyas\u0131n\u0131n\u201d agentin\u0259 \u00e7evrilib.<\/p>\n<p>Odur ki, s\u0259fird\u0259n A\u0130 t\u0259r\u0259find\u0259n \u201cmissiya\u201dn\u0131n b\u0259yan edilmi\u015f mandat\u0131na uy\u011fun olaraq ciddi \u015f\u0259kild\u0259 neytral, m\u00fclki v\u0259 silahs\u0131z missiya kimi f\u0259aliyy\u0259t g\u00f6st\u0259rm\u0259si, Az\u0259rbaycan\u0131n suverenliyin\u0259, \u0259razi b\u00fct\u00f6vl\u00fcy\u00fcn\u0259 qar\u015f\u0131 y\u00f6n\u0259lmi\u015f h\u0259r hans\u0131 f\u0259aliyy\u0259td\u0259n \u00e7\u0259kinm\u0259sini t\u0259min etm\u0259k \u00fc\u00e7\u00fcn b\u00fct\u00fcn z\u0259ruri t\u0259dbirl\u0259ri g\u00f6rm\u0259k t\u0259l\u0259b olunub.<\/p>\n<p>\u015e\u00fcbh\u0259siz ki, bu g\u00fcn ikit\u0259r\u0259fli Az\u0259rbaycan-Erm\u0259nistan dan\u0131\u015f\u0131qlar\u0131n\u0131n l\u0259ng d\u0259 olsa m\u00fcsb\u0259t m\u0259crada inki\u015faf etm\u0259si, s\u00fclh sazi\u015finin imzalanmas\u0131 istiqam\u0259tind\u0259 m\u00fc\u0259yy\u0259n ir\u0259lil\u0259yi\u015fl\u0259rin m\u00fc\u015fahid\u0259 olunmas\u0131, n\u0259qliyyat kommunikasiyalar\u0131n\u0131n a\u00e7\u0131lmas\u0131n\u0131n bir h\u0259yati z\u0259rur\u0259t\u0259 \u00e7evrilm\u0259si v\u0259 s. tendensiyalar fonunda A\u0130 \u00f6lk\u0259l\u0259rinin t\u0259\u015fvi\u015fini ba\u015fa d\u00fc\u015fm\u0259k \u00e7\u0259tin deyil: onlar s\u00fclh deyil, sava\u015f ist\u0259yirl\u0259r, qan ist\u0259yirl\u0259r v\u0259 bu qan \u00fcz\u0259rind\u0259n pul qazanmaq ist\u0259yirl\u0259r. Bu m\u0259nada ba\u015f ver\u0259n t\u0259xribat\u00a0 A\u0130 missiyas\u0131n\u0131n b\u00f6lg\u0259d\u0259 daha uzun m\u00fcdd\u0259t\u0259 qalmas\u0131na v\u0259 h\u0259tta, g\u00fccl\u0259ndirilm\u0259sin\u0259\u00a0 bir \u201carqument\u201d kimi laz\u0131m idi. \u00c7\u00fcnki sabitlik olanda h\u0259r hans\u0131 bir \u201cmissiya\u201dya da ehtiyac olmur.<\/p>\n<p>B\u0259li, bu g\u00fcn bir \u0259sg\u0259rimiz yaraland\u0131. Sabah, bir h\u0259ft\u0259 v\u0259 ya bir ay sonra n\u0259 olacaq, bilinmir. \u00c7\u00fcnki son zamanlar Erm\u0259nistan\u0131n s\u00fcr\u0259tl\u0259 silahlanmas\u0131, Fransadan, Hindistandan v\u0259 ba\u015fqa \u00f6lk\u0259l\u0259rd\u0259n \u0259n m\u00fcasir h\u0259rbi texnika almas\u0131, h\u0259m\u00e7inin ritorikas\u0131 tez-tez d\u0259yi\u015f\u0259n Nikol Pa\u015finyan\u0131n ziddiyy\u0259tli v\u0259 aqressiv b\u0259yanatlar\u0131 ilk bax\u0131\u015fdan Erm\u0259nistan\u0131n iri miqyasl\u0131 h\u0259rbi \u0259m\u0259liyyatlara haz\u0131rla\u015fmas\u0131 kimi g\u00f6r\u00fcn\u00fcr.<\/p>\n<p>B\u0259li, fir\u0259ngl\u0259r Erm\u0259nistan\u0131 n\u00f6vb\u0259ti d\u0259f\u0259 f\u0259lak\u0259t\u0259 s\u00fcr\u00fckl\u0259yir, erm\u0259nil\u0259r is\u0259 bunu g\u00f6rm\u0259k v\u0259 anlamaq ist\u0259mirl\u0259r. Bizd\u0259n dem\u0259k, gerisi onlara qal\u0131b\u201d , &#8211; dey\u0259 F.\u015eahbazl\u0131\u00a0bildirib.<\/p>\n","protected":false},"excerpt":{"rendered":"<p>\u201cBu ilin yanvar ay\u0131nda Avropa \u0130ttifaq\u0131n\u0131n Erm\u0259nistandak\u0131 \u201cmissiya\u201ds\u0131 (EUMA) Az\u0259rbaycanla s\u0259rh\u0259dyan\u0131 \u0259razil\u0259r\u0259 1500 n\u0259f\u0259r patrul g\u00f6nd\u0259rib. Onlara yerl\u0259rd\u0259ki v\u0259ziyy\u0259ti m\u00fc\u015fahid\u0259 etm\u0259k v\u0259 hesabat haz\u0131rlamaq tap\u015f\u0131r\u0131l\u0131b. Qurumdan bildirilib ki, \u201cmissiya\u201d s\u0259rh\u0259dyan\u0131 \u0259razil\u0259rd\u0259 guya \u201csabitliy\u0259 t\u00f6vh\u0259 verm\u0259k\u201d, iki \u00f6lk\u0259 aras\u0131nda m\u00fcnasib\u0259tl\u0259rin normalla\u015fmaq m\u0259qs\u0259dil\u0259 i\u015f aparacaq\u201d. Bu s\u00f6zl\u0259ri \u201c\u0130slahat\u00e7\u0131 G\u0259ncl\u0259r\u201d \u0130ctimai Birliyinin s\u0259dri, siyasi \u015f\u0259rh\u00e7i\u00a0F\u0259rid \u015eahbazl\u0131\u00a0Oxu.Az-a a\u00e7\u0131qlamas\u0131nda deyib. O bildirib ki, \u201cmissiya\u201dn\u0131 h\u0259v\u0259sl\u0259 q\u0259bul ed\u0259n v\u0259 onunla \u0259m\u0259kda\u015fl\u0131q ed\u0259c\u0259yini bildir\u0259n Erm\u0259nistandan f\u0259rqli olaraq, Az\u0259rbaycan ilk g\u00fcnd\u0259n onun m\u0259ram v\u0259 m\u0259qs\u0259dinin C\u0259nubi Qafqazda s\u00fclh v\u0259 sabitliy\u0259 deyil, s\u00fclh v\u0259 sabitlik ist\u0259m\u0259y\u0259nl\u0259rin qara niyy\u0259tl\u0259rin\u0259 xidm\u0259t&hellip;<\/p>\n","protected":false},"author":2,"featured_media":690008,"comment_status":"closed","ping_status":"closed","sticky":false,"template":"","format":"standard","meta":{"om_disable_all_campaigns":false,"_monsterinsights_skip_tracking":false,"_monsterinsights_sitenote_active":false,"_monsterinsights_sitenote_note":"","_monsterinsights_sitenote_category":0},"categories":[4],"tags":[],"aioseo_notices":[],"gutentor_comment":0,"rttpg_featured_image_url":{"full":["https:\/\/arantv.az\/wp-content\/uploads\/2024\/02\/FotoJet-14-3.jpg",620,413,false],"landscape":["https:\/\/arantv.az\/wp-content\/uploads\/2024\/02\/FotoJet-14-3.jpg",620,413,false],"portraits":["https:\/\/arantv.az\/wp-content\/uploads\/2024\/02\/FotoJet-14-3.jpg",620,413,false],"thumbnail":["https:\/\/arantv.az\/wp-content\/uploads\/2024\/02\/FotoJet-14-3-500x280.jpg",500,280,true],"medium":["https:\/\/arantv.az\/wp-content\/uploads\/2024\/02\/FotoJet-14-3-548x365.jpg",548,365,true],"large":["https:\/\/arantv.az\/wp-content\/uploads\/2024\/02\/FotoJet-14-3.jpg",620,413,false],"1536x1536":["https:\/\/arantv.az\/wp-content\/uploads\/2024\/02\/FotoJet-14-3.jpg",620,413,false],"2048x2048":["https:\/\/arantv.az\/wp-content\/uploads\/2024\/02\/FotoJet-14-3.jpg",620,413,false],"post-thumbnail":["https:\/\/arantv.az\/wp-content\/uploads\/2024\/02\/FotoJet-14-3-240x172.jpg",240,172,true],"advps-thumb-one":["https:\/\/arantv.az\/wp-content\/uploads\/2024\/02\/FotoJet-14-3.jpg",620,413,false]},"rttpg_author":{"display_name":"V\u00fcsal Rafiqo\u011flu","author_link":"https:\/\/arantv.az\/?author=2"},"rttpg_comment":0,"rttpg_category":"<a href=\"https:\/\/arantv.az\/?cat=4\" rel=\"category\">Siyas\u0259t<\/a>","rttpg_excerpt":"\u201cBu ilin yanvar ay\u0131nda Avropa \u0130ttifaq\u0131n\u0131n Erm\u0259nistandak\u0131 \u201cmissiya\u201ds\u0131 (EUMA) Az\u0259rbaycanla s\u0259rh\u0259dyan\u0131 \u0259razil\u0259r\u0259 1500 n\u0259f\u0259r patrul g\u00f6nd\u0259rib. Onlara yerl\u0259rd\u0259ki v\u0259ziyy\u0259ti m\u00fc\u015fahid\u0259 etm\u0259k v\u0259 hesabat haz\u0131rlamaq tap\u015f\u0131r\u0131l\u0131b. Qurumdan bildirilib ki, \u201cmissiya\u201d s\u0259rh\u0259dyan\u0131 \u0259razil\u0259rd\u0259 guya \u201csabitliy\u0259 t\u00f6vh\u0259 verm\u0259k\u201d, iki \u00f6lk\u0259 aras\u0131nda m\u00fcnasib\u0259tl\u0259rin normalla\u015fmaq m\u0259qs\u0259dil\u0259 i\u015f aparacaq\u201d. Bu s\u00f6zl\u0259ri \u201c\u0130slahat\u00e7\u0131 G\u0259ncl\u0259r\u201d \u0130ctimai Birliyinin s\u0259dri, siyasi \u015f\u0259rh\u00e7i\u00a0F\u0259rid \u015eahbazl\u0131\u00a0Oxu.Az-a a\u00e7\u0131qlamas\u0131nda deyib.&hellip;","_links":{"self":[{"href":"https:\/\/arantv.az\/index.php?rest_route=\/wp\/v2\/posts\/690007"}],"collection":[{"href":"https:\/\/arantv.az\/index.php?rest_route=\/wp\/v2\/posts"}],"about":[{"href":"https:\/\/arantv.az\/index.php?rest_route=\/wp\/v2\/types\/post"}],"author":[{"embeddable":true,"href":"https:\/\/arantv.az\/index.php?rest_route=\/wp\/v2\/users\/2"}],"replies":[{"embeddable":true,"href":"https:\/\/arantv.az\/index.php?rest_route=%2Fwp%2Fv2%2Fcomments&post=690007"}],"version-history":[{"count":0,"href":"https:\/\/arantv.az\/index.php?rest_route=\/wp\/v2\/posts\/690007\/revisions"}],"wp:featuredmedia":[{"embeddable":true,"href":"https:\/\/arantv.az\/index.php?rest_route=\/wp\/v2\/media\/690008"}],"wp:attachment":[{"href":"https:\/\/arantv.az\/index.php?rest_route=%2Fwp%2Fv2%2Fmedia&parent=690007"}],"wp:term":[{"taxonomy":"category","embeddable":true,"href":"https:\/\/arantv.az\/index.php?rest_route=%2Fwp%2Fv2%2Fcategories&post=690007"},{"taxonomy":"post_tag","embeddable":true,"href":"https:\/\/arantv.az\/index.php?rest_route=%2Fwp%2Fv2%2Ftags&post=690007"}],"curies":[{"name":"wp","href":"https:\/\/api.w.org\/{rel}","templated":true}]}}