{"id":690013,"date":"2024-02-13T10:13:01","date_gmt":"2024-02-13T06:13:01","guid":{"rendered":"https:\/\/arantv.az\/?p=690013"},"modified":"2024-02-13T10:13:01","modified_gmt":"2024-02-13T06:13:01","slug":"erm%c9%99nistan-az%c9%99rbaycani-muharib%c9%99y%c9%99-t%c9%99hrik-edir-video","status":"publish","type":"post","link":"https:\/\/arantv.az\/?p=690013","title":{"rendered":"Erm\u0259nistan Az\u0259rbaycan\u0131 m\u00fcharib\u0259y\u0259 t\u0259hrik edir &#8211; V\u0130DEO"},"content":{"rendered":"<article class=\"news\">\n<div class=\"news-inner\">\n<p>\u201cQaraba\u011f xronikas\u0131\u201d verili\u015finin 132-ci burax\u0131l\u0131\u015f\u0131 efir\u0259 gedib.<\/p>\n<p>Verili\u015fin apar\u0131c\u0131s\u0131, h\u0259rbi m\u00fcxbir F\u0259rdin \u0130sazad\u0259 bud\u0259f\u0259ki burax\u0131l\u0131\u015fda Erm\u0259nistan Silahl\u0131 Q\u00fcvv\u0259l\u0259rinin fevral\u0131n 12-si saat 13:37 rad\u0259l\u0259rind\u0259 Z\u0259ngilan istiqam\u0259tind\u0259 t\u00f6r\u0259tdiyi h\u0259rbi t\u0259xribatdan b\u0259hs edib.<\/p>\n<p>O qeyd edib ki, texniki m\u00fc\u015fahid\u0259 vasit\u0259l\u0259ri il\u0259 \u0259ld\u0259 olunan g\u00f6r\u00fcnt\u00fcl\u0259r\u0259 \u0259sas\u0259n, at\u0259\u015fk\u0259s rejiminin pozulmas\u0131 fakt\u0131 m\u0259qs\u0259dy\u00f6nl\u00fc xarakter da\u015f\u0131y\u0131r:<\/p>\n<p>\u201cKadrlardak\u0131 Erm\u0259nistan bayra\u011f\u0131ndan da g\u00f6rd\u00fcy\u00fcm\u00fcz kimi, m\u00f6vqeyin kim\u0259 m\u0259xsuslu\u011fu \u015f\u00fcbh\u0259 do\u011furmur. Postun bilavasit\u0259 \u00f6n\u00fcnd\u0259 m\u00f6vqel\u0259n\u0259n erm\u0259ni snayper qar\u015f\u0131 t\u0259r\u0259fi h\u0259d\u0259f\u0259 al\u0131r v\u0259 Az\u0259rbaycan s\u0259rh\u0259d\u00e7il\u0259rin\u0259 at\u0259\u015f a\u00e7d\u0131qdan sonra at\u0259\u015f sektorunu t\u0259rk ed\u0259r\u0259k \u00f6zl\u0259rin\u0259 m\u0259xsus posta qay\u0131d\u0131r\u201d.<\/p>\n<p>Bildirilib ki, C\u0259nubi Qafqazda stabillik, s\u00fclh v\u0259 \u0259min-amanl\u0131q m\u00fc\u0259yy\u0259n g\u00fcc m\u0259rk\u0259zl\u0259rinin maraqlar\u0131na cavab vermir: \u201cThe Telegraph\u201d Agentliyinin jurnalisti Roland Olifant\u0131n Erm\u0259nistan\u0131n Ba\u015f naziri Nikol Pa\u015finyana yeni m\u00fcharib\u0259 il\u0259 ba\u011fl\u0131 bir ne\u00e7\u0259 d\u0259f\u0259 \u00fcnvanlad\u0131\u011f\u0131 suallar Q\u0259rbin niyy\u0259tini bir daha ortaya qoydu. El\u0259 N.Pa\u015finyan\u0131n da stabillik haqda pafoslu cavablar\u0131 Erm\u0259nistan\u0131n bu \u0259razil\u0259rd\u0259 yeni sifari\u015fl\u0259ri yerin\u0259 yetirm\u0259y\u0259 haz\u0131r oldu\u011fundan x\u0259b\u0259r verir\u201d.<\/p>\n<p>\u018ftrafl\u0131 Baku TV-nin s\u00fcjetind\u0259:<\/p>\n<div><iframe loading=\"lazy\" title=\"YouTube video player\" src=\"https:\/\/www.youtube.com\/embed\/YkbMJdjdvgY?si=MlEZgi-A8MoRGjJl\" width=\"560\" height=\"315\" frameborder=\"0\" allowfullscreen=\"allowfullscreen\" data-mce-fragment=\"1\"><\/iframe><\/div>\n<\/div>\n<\/article>\n","protected":false},"excerpt":{"rendered":"<p>\u201cQaraba\u011f xronikas\u0131\u201d verili\u015finin 132-ci burax\u0131l\u0131\u015f\u0131 efir\u0259 gedib. Verili\u015fin apar\u0131c\u0131s\u0131, h\u0259rbi m\u00fcxbir F\u0259rdin \u0130sazad\u0259 bud\u0259f\u0259ki burax\u0131l\u0131\u015fda Erm\u0259nistan Silahl\u0131 Q\u00fcvv\u0259l\u0259rinin fevral\u0131n 12-si saat 13:37 rad\u0259l\u0259rind\u0259 Z\u0259ngilan istiqam\u0259tind\u0259 t\u00f6r\u0259tdiyi h\u0259rbi t\u0259xribatdan b\u0259hs edib. O qeyd edib ki, texniki m\u00fc\u015fahid\u0259 vasit\u0259l\u0259ri il\u0259 \u0259ld\u0259 olunan g\u00f6r\u00fcnt\u00fcl\u0259r\u0259 \u0259sas\u0259n, at\u0259\u015fk\u0259s rejiminin pozulmas\u0131 fakt\u0131 m\u0259qs\u0259dy\u00f6nl\u00fc xarakter da\u015f\u0131y\u0131r: \u201cKadrlardak\u0131 Erm\u0259nistan bayra\u011f\u0131ndan da g\u00f6rd\u00fcy\u00fcm\u00fcz kimi, m\u00f6vqeyin kim\u0259 m\u0259xsuslu\u011fu \u015f\u00fcbh\u0259 do\u011furmur. Postun bilavasit\u0259 \u00f6n\u00fcnd\u0259 m\u00f6vqel\u0259n\u0259n erm\u0259ni snayper qar\u015f\u0131 t\u0259r\u0259fi h\u0259d\u0259f\u0259 al\u0131r v\u0259 Az\u0259rbaycan s\u0259rh\u0259d\u00e7il\u0259rin\u0259 at\u0259\u015f a\u00e7d\u0131qdan sonra at\u0259\u015f sektorunu t\u0259rk ed\u0259r\u0259k \u00f6zl\u0259rin\u0259 m\u0259xsus posta qay\u0131d\u0131r\u201d. Bildirilib ki, C\u0259nubi Qafqazda stabillik, s\u00fclh&hellip;<\/p>\n","protected":false},"author":2,"featured_media":690014,"comment_status":"closed","ping_status":"closed","sticky":false,"template":"","format":"standard","meta":{"om_disable_all_campaigns":false,"_monsterinsights_skip_tracking":false,"_monsterinsights_sitenote_active":false,"_monsterinsights_sitenote_note":"","_monsterinsights_sitenote_category":0},"categories":[19],"tags":[],"aioseo_notices":[],"gutentor_comment":0,"rttpg_featured_image_url":{"full":["https:\/\/arantv.az\/wp-content\/uploads\/2024\/02\/photo_154079.jpg",750,444,false],"landscape":["https:\/\/arantv.az\/wp-content\/uploads\/2024\/02\/photo_154079.jpg",750,444,false],"portraits":["https:\/\/arantv.az\/wp-content\/uploads\/2024\/02\/photo_154079.jpg",750,444,false],"thumbnail":["https:\/\/arantv.az\/wp-content\/uploads\/2024\/02\/photo_154079-500x280.jpg",500,280,true],"medium":["https:\/\/arantv.az\/wp-content\/uploads\/2024\/02\/photo_154079-617x365.jpg",617,365,true],"large":["https:\/\/arantv.az\/wp-content\/uploads\/2024\/02\/photo_154079.jpg",640,379,false],"1536x1536":["https:\/\/arantv.az\/wp-content\/uploads\/2024\/02\/photo_154079.jpg",750,444,false],"2048x2048":["https:\/\/arantv.az\/wp-content\/uploads\/2024\/02\/photo_154079.jpg",750,444,false],"post-thumbnail":["https:\/\/arantv.az\/wp-content\/uploads\/2024\/02\/photo_154079-240x172.jpg",240,172,true],"advps-thumb-one":["https:\/\/arantv.az\/wp-content\/uploads\/2024\/02\/photo_154079.jpg",750,444,false]},"rttpg_author":{"display_name":"V\u00fcsal Rafiqo\u011flu","author_link":"https:\/\/arantv.az\/?author=2"},"rttpg_comment":0,"rttpg_category":"<a href=\"https:\/\/arantv.az\/?cat=19\" rel=\"category\">G\u00fcnd\u0259m<\/a>","rttpg_excerpt":"\u201cQaraba\u011f xronikas\u0131\u201d verili\u015finin 132-ci burax\u0131l\u0131\u015f\u0131 efir\u0259 gedib. Verili\u015fin apar\u0131c\u0131s\u0131, h\u0259rbi m\u00fcxbir F\u0259rdin \u0130sazad\u0259 bud\u0259f\u0259ki burax\u0131l\u0131\u015fda Erm\u0259nistan Silahl\u0131 Q\u00fcvv\u0259l\u0259rinin fevral\u0131n 12-si saat 13:37 rad\u0259l\u0259rind\u0259 Z\u0259ngilan istiqam\u0259tind\u0259 t\u00f6r\u0259tdiyi h\u0259rbi t\u0259xribatdan b\u0259hs edib. O qeyd edib ki, texniki m\u00fc\u015fahid\u0259 vasit\u0259l\u0259ri il\u0259 \u0259ld\u0259 olunan g\u00f6r\u00fcnt\u00fcl\u0259r\u0259 \u0259sas\u0259n, at\u0259\u015fk\u0259s rejiminin pozulmas\u0131 fakt\u0131 m\u0259qs\u0259dy\u00f6nl\u00fc xarakter da\u015f\u0131y\u0131r: \u201cKadrlardak\u0131 Erm\u0259nistan bayra\u011f\u0131ndan da g\u00f6rd\u00fcy\u00fcm\u00fcz kimi,&hellip;","_links":{"self":[{"href":"https:\/\/arantv.az\/index.php?rest_route=\/wp\/v2\/posts\/690013"}],"collection":[{"href":"https:\/\/arantv.az\/index.php?rest_route=\/wp\/v2\/posts"}],"about":[{"href":"https:\/\/arantv.az\/index.php?rest_route=\/wp\/v2\/types\/post"}],"author":[{"embeddable":true,"href":"https:\/\/arantv.az\/index.php?rest_route=\/wp\/v2\/users\/2"}],"replies":[{"embeddable":true,"href":"https:\/\/arantv.az\/index.php?rest_route=%2Fwp%2Fv2%2Fcomments&post=690013"}],"version-history":[{"count":0,"href":"https:\/\/arantv.az\/index.php?rest_route=\/wp\/v2\/posts\/690013\/revisions"}],"wp:featuredmedia":[{"embeddable":true,"href":"https:\/\/arantv.az\/index.php?rest_route=\/wp\/v2\/media\/690014"}],"wp:attachment":[{"href":"https:\/\/arantv.az\/index.php?rest_route=%2Fwp%2Fv2%2Fmedia&parent=690013"}],"wp:term":[{"taxonomy":"category","embeddable":true,"href":"https:\/\/arantv.az\/index.php?rest_route=%2Fwp%2Fv2%2Fcategories&post=690013"},{"taxonomy":"post_tag","embeddable":true,"href":"https:\/\/arantv.az\/index.php?rest_route=%2Fwp%2Fv2%2Ftags&post=690013"}],"curies":[{"name":"wp","href":"https:\/\/api.w.org\/{rel}","templated":true}]}}