{"id":690017,"date":"2024-02-13T10:13:29","date_gmt":"2024-02-13T06:13:29","guid":{"rendered":"https:\/\/arantv.az\/?p=690017"},"modified":"2024-02-13T10:13:29","modified_gmt":"2024-02-13T06:13:29","slug":"lacinli-n%c9%99n%c9%99-vannada-paltar-yuyanda-goturub-qacirdilar-video","status":"publish","type":"post","link":"https:\/\/arantv.az\/?p=690017","title":{"rendered":"La\u00e7\u0131nl\u0131 n\u0259n\u0259: \u201cVannada paltar yuyanda g\u00f6t\u00fcr\u00fcb qa\u00e7\u0131rd\u0131lar\u201d &#8211; V\u0130DEO"},"content":{"rendered":"<article class=\"news\">\n<div class=\"news-inner\">\n<p>Baku TV-d\u0259 yay\u0131mlanan \u201cO vaxtlar\u201d verili\u015finin yeni burax\u0131l\u0131\u015f\u0131 efir\u0259 gedib.<\/p>\n<p>Verili\u015fin bud\u0259f\u0259ki say\u0131nda La\u00e7\u0131n sakinl\u0259ri \u018fl\u00f6vs\u0259t \u0130brahimov v\u0259 S\u0131yatel \u0130brahimova ke\u00e7mi\u015f g\u00fcnl\u0259rd\u0259n dan\u0131\u015f\u0131blar.<\/p>\n<p>La\u00e7\u0131nl\u0131 a\u011fbir\u00e7\u0259k h\u0259yat yolda\u015f\u0131 \u018f.\u0130brahimovla tan\u0131\u015fl\u0131qlar\u0131ndan b\u0259hs ed\u0259rk\u0259n qeyd edib ki, paltar yuyanda qa\u00e7\u0131r\u0131l\u0131b. Ovaxtk\u0131 ail\u0259 m\u00fcnasib\u0259tl\u0259rind\u0259n s\u00f6z a\u00e7an S.\u0130brahimova deyib ki, \u0259vv\u0259ll\u0259r q\u0131zlar evl\u0259n\u0259rk\u0259n o\u011flan\u0131n maddi durumuna baxm\u0131rd\u0131lar:<\/p>\n<p>\u201cHe\u00e7 k\u0259s evl\u0259n\u0259c\u0259yi adam\u0131n evinin, ma\u015f\u0131n\u0131n\u0131n, pulunun, olub-olmamas\u0131n\u0131 fikirl\u0259\u015fm\u0259zdi. Var-d\u00f6vl\u0259t\u0259 baxan yox idi, deyirdil\u0259r ki, \u0259sas mehribanl\u0131q olsun\u201d.<\/p>\n<p>\u018ftrafl\u0131 s\u00fcjetd\u0259:<\/p>\n<div><iframe loading=\"lazy\" title=\"YouTube video player\" src=\"https:\/\/www.youtube.com\/embed\/ujeMRk3aIMU?si=9ddtLyErHrExfUdo\" width=\"560\" height=\"315\" frameborder=\"0\" allowfullscreen=\"allowfullscreen\" data-mce-fragment=\"1\"><\/iframe><\/div>\n<\/div>\n<\/article>\n","protected":false},"excerpt":{"rendered":"<p>Baku TV-d\u0259 yay\u0131mlanan \u201cO vaxtlar\u201d verili\u015finin yeni burax\u0131l\u0131\u015f\u0131 efir\u0259 gedib. Verili\u015fin bud\u0259f\u0259ki say\u0131nda La\u00e7\u0131n sakinl\u0259ri \u018fl\u00f6vs\u0259t \u0130brahimov v\u0259 S\u0131yatel \u0130brahimova ke\u00e7mi\u015f g\u00fcnl\u0259rd\u0259n dan\u0131\u015f\u0131blar. La\u00e7\u0131nl\u0131 a\u011fbir\u00e7\u0259k h\u0259yat yolda\u015f\u0131 \u018f.\u0130brahimovla tan\u0131\u015fl\u0131qlar\u0131ndan b\u0259hs ed\u0259rk\u0259n qeyd edib ki, paltar yuyanda qa\u00e7\u0131r\u0131l\u0131b. Ovaxtk\u0131 ail\u0259 m\u00fcnasib\u0259tl\u0259rind\u0259n s\u00f6z a\u00e7an S.\u0130brahimova deyib ki, \u0259vv\u0259ll\u0259r q\u0131zlar evl\u0259n\u0259rk\u0259n o\u011flan\u0131n maddi durumuna baxm\u0131rd\u0131lar: \u201cHe\u00e7 k\u0259s evl\u0259n\u0259c\u0259yi adam\u0131n evinin, ma\u015f\u0131n\u0131n\u0131n, pulunun, olub-olmamas\u0131n\u0131 fikirl\u0259\u015fm\u0259zdi. Var-d\u00f6vl\u0259t\u0259 baxan yox idi, deyirdil\u0259r ki, \u0259sas mehribanl\u0131q olsun\u201d. \u018ftrafl\u0131 s\u00fcjetd\u0259:<\/p>\n","protected":false},"author":2,"featured_media":690018,"comment_status":"closed","ping_status":"closed","sticky":false,"template":"","format":"standard","meta":{"om_disable_all_campaigns":false,"_monsterinsights_skip_tracking":false,"_monsterinsights_sitenote_active":false,"_monsterinsights_sitenote_note":"","_monsterinsights_sitenote_category":0},"categories":[1],"tags":[],"aioseo_notices":[],"gutentor_comment":0,"rttpg_featured_image_url":{"full":["https:\/\/arantv.az\/wp-content\/uploads\/2024\/02\/FotoJet-8-5.jpg",620,413,false],"landscape":["https:\/\/arantv.az\/wp-content\/uploads\/2024\/02\/FotoJet-8-5.jpg",620,413,false],"portraits":["https:\/\/arantv.az\/wp-content\/uploads\/2024\/02\/FotoJet-8-5.jpg",620,413,false],"thumbnail":["https:\/\/arantv.az\/wp-content\/uploads\/2024\/02\/FotoJet-8-5-500x280.jpg",500,280,true],"medium":["https:\/\/arantv.az\/wp-content\/uploads\/2024\/02\/FotoJet-8-5-548x365.jpg",548,365,true],"large":["https:\/\/arantv.az\/wp-content\/uploads\/2024\/02\/FotoJet-8-5.jpg",620,413,false],"1536x1536":["https:\/\/arantv.az\/wp-content\/uploads\/2024\/02\/FotoJet-8-5.jpg",620,413,false],"2048x2048":["https:\/\/arantv.az\/wp-content\/uploads\/2024\/02\/FotoJet-8-5.jpg",620,413,false],"post-thumbnail":["https:\/\/arantv.az\/wp-content\/uploads\/2024\/02\/FotoJet-8-5-240x172.jpg",240,172,true],"advps-thumb-one":["https:\/\/arantv.az\/wp-content\/uploads\/2024\/02\/FotoJet-8-5.jpg",620,413,false]},"rttpg_author":{"display_name":"V\u00fcsal Rafiqo\u011flu","author_link":"https:\/\/arantv.az\/?author=2"},"rttpg_comment":0,"rttpg_category":"<a href=\"https:\/\/arantv.az\/?cat=1\" rel=\"category\">C\u0259miyy\u0259t<\/a>","rttpg_excerpt":"Baku TV-d\u0259 yay\u0131mlanan \u201cO vaxtlar\u201d verili\u015finin yeni burax\u0131l\u0131\u015f\u0131 efir\u0259 gedib. Verili\u015fin bud\u0259f\u0259ki say\u0131nda La\u00e7\u0131n sakinl\u0259ri \u018fl\u00f6vs\u0259t \u0130brahimov v\u0259 S\u0131yatel \u0130brahimova ke\u00e7mi\u015f g\u00fcnl\u0259rd\u0259n dan\u0131\u015f\u0131blar. La\u00e7\u0131nl\u0131 a\u011fbir\u00e7\u0259k h\u0259yat yolda\u015f\u0131 \u018f.\u0130brahimovla tan\u0131\u015fl\u0131qlar\u0131ndan b\u0259hs ed\u0259rk\u0259n qeyd edib ki, paltar yuyanda qa\u00e7\u0131r\u0131l\u0131b. Ovaxtk\u0131 ail\u0259 m\u00fcnasib\u0259tl\u0259rind\u0259n s\u00f6z a\u00e7an S.\u0130brahimova deyib ki, \u0259vv\u0259ll\u0259r q\u0131zlar evl\u0259n\u0259rk\u0259n o\u011flan\u0131n maddi durumuna baxm\u0131rd\u0131lar: \u201cHe\u00e7 k\u0259s evl\u0259n\u0259c\u0259yi&hellip;","_links":{"self":[{"href":"https:\/\/arantv.az\/index.php?rest_route=\/wp\/v2\/posts\/690017"}],"collection":[{"href":"https:\/\/arantv.az\/index.php?rest_route=\/wp\/v2\/posts"}],"about":[{"href":"https:\/\/arantv.az\/index.php?rest_route=\/wp\/v2\/types\/post"}],"author":[{"embeddable":true,"href":"https:\/\/arantv.az\/index.php?rest_route=\/wp\/v2\/users\/2"}],"replies":[{"embeddable":true,"href":"https:\/\/arantv.az\/index.php?rest_route=%2Fwp%2Fv2%2Fcomments&post=690017"}],"version-history":[{"count":0,"href":"https:\/\/arantv.az\/index.php?rest_route=\/wp\/v2\/posts\/690017\/revisions"}],"wp:featuredmedia":[{"embeddable":true,"href":"https:\/\/arantv.az\/index.php?rest_route=\/wp\/v2\/media\/690018"}],"wp:attachment":[{"href":"https:\/\/arantv.az\/index.php?rest_route=%2Fwp%2Fv2%2Fmedia&parent=690017"}],"wp:term":[{"taxonomy":"category","embeddable":true,"href":"https:\/\/arantv.az\/index.php?rest_route=%2Fwp%2Fv2%2Fcategories&post=690017"},{"taxonomy":"post_tag","embeddable":true,"href":"https:\/\/arantv.az\/index.php?rest_route=%2Fwp%2Fv2%2Ftags&post=690017"}],"curies":[{"name":"wp","href":"https:\/\/api.w.org\/{rel}","templated":true}]}}