{"id":690029,"date":"2024-02-13T10:17:37","date_gmt":"2024-02-13T06:17:37","guid":{"rendered":"https:\/\/arantv.az\/?p=690029"},"modified":"2024-02-13T10:17:37","modified_gmt":"2024-02-13T06:17:37","slug":"zavalli-yararsizlar","status":"publish","type":"post","link":"https:\/\/arantv.az\/?p=690029","title":{"rendered":"Zavall\u0131 yarars\u0131zlar"},"content":{"rendered":"<div class=\"text-content\" data-id=\"\" data-url=\"\">\n<p><strong>Ke\u00e7irilmi\u015f se\u00e7kil\u0259rl\u0259 ba\u011fl\u0131 bizim b\u0259la-siyas\u0259tcikl\u0259rimizin siyasi davran\u0131\u015f\u0131n\u0131 obyektiv d\u0259y\u0259rl\u0259ndirm\u0259k \u00fc\u00e7\u00fcn onlar\u0131n m\u0259s\u0259l\u0259y\u0259 m\u00fcnasib\u0259tinin dinamikas\u0131n\u0131 konkret ifad\u0259l\u0259rl\u0259 \u0259ks etdir\u0259k &#8211; \u0259vv\u0259lc\u0259 \u201cn\u0259y\u0259 laz\u0131m bu t\u0259l\u0259sik\u201d, sonra \u201cbizim haz\u0131rl\u0131q \u00fc\u00e7\u00fcn \u00e7ox az vaxt\u0131m\u0131z var\u201d, \u201cboykot\u201d, ard\u0131nca \u201cse\u00e7kil\u0259rin n\u0259tic\u0259l\u0259rini tan\u0131m\u0131r\u0131q\u201d v\u0259 n\u0259hay\u0259t \u201cqalibin he\u00e7 bir reytinqi yoxdur\u201d. Radikallar\u0131n se\u00e7kil\u0259r\u0259 olan m\u00fcnasib\u0259tinin m\u0259zmununu \u0259ks etdir\u0259n bu ifad\u0259l\u0259r bel\u0259 yet\u0259rlidir ki, a\u00e7\u0131q q\u0259r\u0259zi hiss ed\u0259 bil\u0259k. Burada m\u00fcbariz\u0259 aparmaq niyy\u0259ti bel\u0259 hiss olunmur. H\u0259d\u0259f yaln\u0131z t\u0259xribat xarakterli situasiyalar\u0131n yarad\u0131lmas\u0131d\u0131r. Qeyd olunan amil prinsipial xarakterlidir v\u0259 ya\u015fanan hadis\u0259l\u0259r\u0259 \u015f\u0259xsi m\u00fcnasib\u0259tin formala\u015fd\u0131r\u0131lmas\u0131 prosesind\u0259 sadalananlar m\u00fctl\u0259q n\u0259z\u0259r\u0259 al\u0131nmal\u0131d\u0131rlar.<\/strong><\/p>\n<p><strong>ARANTV.AZ <\/strong>\u00a0x\u0259b\u0259r verir ki, bu fikirl\u0259r politoloq A.Adil \u201cZavall\u0131 yarars\u0131zlar\u201d s\u0259rl\u00f6vh\u0259li m\u0259qal\u0259sind\u0259 yer al\u0131b.<\/p>\n<p>\u201cAz\u0259rbaycan xalq\u0131 \u00fc\u00e7\u00fcn he\u00e7 bir faydas\u0131 olmayan bu zavall\u0131 yarars\u0131zlar\u0131n se\u00e7kil\u0259r \u0259traf\u0131nda qurduqlar\u0131 oyunlar\u0131n son manipulyasiyalar\u0131na da diqq\u0259t yetir\u0259k. Radikallar\u0131n b\u00fct\u00fcn hiyl\u0259l\u0259ri m\u00fctl\u0259q if\u015fa olunmal\u0131d\u0131r ki, onlar\u0131n \u00e7evrilm\u0259mi\u015f \u201ckartlar\u0131\u201d qalmas\u0131n. \u201cKirli\u201d siyasi texnologiyalar\u0131n if\u015fas\u0131 h\u0259m d\u0259 ona g\u00f6r\u0259 laz\u0131md\u0131r ki, bunun n\u0259tic\u0259sind\u0259 s\u0259n \u00f6z r\u0259qibini t\u0259miz r\u0259qab\u0259t aparma\u011fa vadar ed\u0259 bil\u0259s\u0259n. \u018flb\u0259tt\u0259, \u201ct\u0259miz\u201d v\u0259 \u201csa\u011flam\u201d m\u00fcnasib\u0259tl\u0259r olan yerd\u0259 radikal t\u0259f\u0259kk\u00fcr\u0259 yer yoxdur. Bel\u0259 ki, m\u00fcxalif\u0259t d\u00fc\u015f\u0259rg\u0259sinin k\u00f6m\u00fcrl\u0259 \u00e7al\u0131\u015fan v\u0259 pasl\u0131 lokomotivi hesab olunan AXCP v\u0259 M\u00fcsavat\u0131n liderl\u0259rinin \u00f6t\u0259n h\u0259ft\u0259 \u201cBBC News Az\u0259rbaycan\u201d kanal\u0131na verdikl\u0259ri m\u00fcsahib\u0259nin m\u0259zmununa diqq\u0259t yetir\u0259n zaman insan\u0131n dilin\u0259 yaln\u0131z \u201czavall\u0131 yarars\u0131zlar\u201d ifad\u0259si g\u0259l\u0259 bil\u0259r. Meyxana deyi\u015fm\u0259sin\u0259 b\u0259nz\u0259y\u0259n bu verili\u015f zaman\u0131 biz yen\u0259 d\u0259 g\u0259l\u0259c\u0259kl\u0259 ba\u011fl\u0131 he\u00e7 bir fikir e\u015fid\u0259 bilm\u0259dik. Ax\u0131 \u00f6z\u00fcn\u00fc \u201csiyasi q\u00fcvv\u0259\u201d hesab ed\u0259n bu zavall\u0131lar g\u0259l\u0259c\u0259y\u0259 dair he\u00e7 bir yana\u015fma v\u0259 t\u0259klifi olmad\u0131\u011f\u0131 t\u0259qdird\u0259, \u00f6z kadr potensial\u0131n\u0131 nec\u0259 art\u0131rmaq ist\u0259yirl\u0259r? Ona g\u00f6r\u0259 d\u0259 bu t\u0259xribat\u00e7\u0131lar\u0131n t\u0259k \u00fcmidi qar\u0131\u015f\u0131ql\u0131q v\u0259 k\u00fc\u00e7\u0259 i\u011fti\u015fa\u015flard\u0131r. B\u0259zi \u00f6lk\u0259l\u0259rin u\u011fursuz t\u0259cr\u00fcb\u0259sini n\u0259z\u0259r\u0259 alaraq, v\u0259t\u0259nda\u015flar\u0131m\u0131z t\u0259r\u0259find\u0259n qeyd olunan t\u0259sbit n\u00f6vb\u0259ti siyasi aksiom kimi q\u0259bul olunmal\u0131d\u0131r\u201d, &#8211; dey\u0259 politoloq vur\u011fulay\u0131b.<\/p>\n<p>A.Adil qeyd edib ki, \u0259lb\u0259tt\u0259, h\u0259r bir se\u00e7ki q\u0259r\u0259zli t\u0259xribatlar \u00fc\u00e7\u00fcn universal f\u00fcrs\u0259tl\u0259r yarad\u0131r. Beyn\u0259lxalq t\u0259cr\u00fcb\u0259 a\u00e7\u0131q \u015f\u0259kild\u0259 onu g\u00f6st\u0259rir ki, ist\u0259nil\u0259n \u00f6lk\u0259nin siyasi sistemi \u00fc\u00e7\u00fcn t\u0259hdidl\u0259rin say\u0131 m\u0259hz se\u00e7kil\u0259r zaman\u0131 x\u00fcsusi olaraq art\u0131r. He\u00e7 \u015f\u00fcbh\u0259siz, m\u00fc\u015fahid\u0259 olunan bu c\u00fcr tendensiyan\u0131n t\u0259sad\u00fcfi adland\u0131r\u0131lmas\u0131, yum\u015faq des\u0259k, b\u00f6y\u00fck sad\u0259l\u00f6vhl\u00fckd\u00fcr. Yuxar\u0131da qeyd olunan verili\u015fin t\u0259\u015fkili d\u0259 m\u0259hz se\u00e7kil\u0259r \u0259traf\u0131nda t\u0259xribat xarakterli situasiyalar\u0131n yarad\u0131lmas\u0131 ist\u0259yi il\u0259 ba\u011fl\u0131d\u0131r. T\u0259\u0259ss\u00fcf ki, bu b\u0259la-siyas\u0259tcikl\u0259r \u00f6z siyasi f\u0259aliyy\u0259tl\u0259rini v\u0259 siyas\u0259td\u0259 r\u0259qab\u0259ti yaln\u0131z manipulyasiya v\u0259 t\u0259xribatlarda g\u00f6r\u00fcrl\u0259r. G\u00f6r\u00fcn\u0259n odur ki, bunlar\u0131n ba\u015fa d\u00fc\u015fd\u00fckl\u0259ri yegan\u0259 dil \u201cg\u00fcc\u201d dilidir. Qeyd ed\u0259k ki, onlar\u0131n bu c\u00fcr yana\u015fmas\u0131 \u00f6z\u00fc bel\u0259 t\u0259xribat xarakterlidir. \u00c7\u00fcnki bu c\u00fcr yana\u015fma t\u0259hrikedicidir.<\/p>\n<p>\u201cYuxar\u0131da qeyd olunan v\u0259 meyxana deyi\u015fm\u0259sin\u0259 b\u0259nz\u0259y\u0259n verili\u015fd\u0259 t\u0259kc\u0259 ritmi tutma\u011fa k\u00f6m\u0259k ed\u0259n \u00e7\u0131rtmavuran \u00e7at\u0131\u015fm\u0131rd\u0131. \u018fslind\u0259, \u00e7\u0131rtmavuranlar Q\u0259rbin polittexnoloqlar\u0131d\u0131r. Onlar\u0131n m\u00f6vcudlu\u011fu v\u0259 d\u0259st-x\u0259ti h\u0259m verili\u015f zaman\u0131 qonaqlara veril\u0259n suallarda, h\u0259m d\u0259 qonaqlar\u0131n cavablar\u0131nda a\u00e7\u0131q \u015f\u0259kild\u0259 hiss olunurdu. \u018flb\u0259tt\u0259, s\u00f6z\u00fcged\u0259n verili\u015f bilavasit\u0259 t\u0259xribatlar silsil\u0259sinin davam\u0131d\u0131r. Bu konteksti d\u0259 \u00f6z t\u0259hlill\u0259rimizd\u0259 \u0259sla unutmamal\u0131y\u0131q.<\/p>\n<p>Q\u0259rbin t\u0259l\u0259 torlar\u0131na d\u00fc\u015f\u0259n siyasi\u015fiv\u0259nl\u0259r h\u0259r\u0259k\u0259t etdikc\u0259 bu torun i\u00e7ind\u0259 daha da bo\u011fulurlar v\u0259 xalq\u0131n g\u00f6z\u00fc qar\u015f\u0131s\u0131nda r\u00fcsvay olurlar. Bel\u0259 ki, qeyd olunan verili\u015f demaqoqlar\u0131m\u0131z\u0131n siyasi r\u0259zilliyin n\u00f6vb\u0259ti t\u0259c\u0259ss\u00fcm\u00fc idi. G\u0259lin birlikd\u0259 verili\u015fin strateji t\u0259yinat\u0131na diqq\u0259t yetir\u0259k. Bunu etm\u0259k \u00e7ox asan i\u015fdir, \u00e7\u00fcnki verili\u015fin qonaqlar\u0131 \u018fli K\u0259rimli v\u0259 Arif Hac\u0131l\u0131 \u00f6z \u0259sl niyy\u0259tl\u0259rini gizl\u0259tm\u0259y\u0259 bel\u0259 \u00e7al\u0131\u015fm\u0131rd\u0131lar. Verili\u015f zaman\u0131 onlar\u0131n h\u0259tta bir-birin\u0259 qar\u015f\u0131 olan d\u00f6z\u00fcms\u00fczl\u00fcy\u00fc bel\u0259 hiss olunurdu. Ancaq bu m\u0259s\u0259l\u0259 dig\u0259r yaz\u0131n\u0131n m\u00f6vzusu ola bil\u0259r. M\u00f6vcud halda g\u00f6r\u00fcn\u0259n o idi ki, onlar, sad\u0259c\u0259, \u00f6d\u0259ni\u015f ed\u0259n v\u0259 maliyy\u0259ni ay\u0131ran sifari\u015f\u00e7inin arzulad\u0131\u011f\u0131 musiqini \u00e7al\u0131rd\u0131lar. Bu iki siyas\u0259t\u00e7i t\u0259r\u0259find\u0259n verili\u015f zaman\u0131 oxuduqlar\u0131 meyxanan\u0131n qafiy\u0259si bel\u0259 \u00f6nc\u0259d\u0259n haz\u0131r idi: \u201cQara\u00e7\u0131l\u0131q etdim bel\u0259, haray\u0131ma \u00e7atmad\u0131. Qa\u00e7\u0131rtd\u0131m f\u00fcrs\u0259tl\u0259ri. Birc\u0259 qal\u0131b bu reytinq s\u00f6hb\u0259ti\u201d. Xalq\u0131n v\u0259 \u00f6lk\u0259nin tarixind\u0259 yeni q\u00fcrur s\u0259hif\u0259sinin m\u00fc\u0259llifi, habel\u0259 se\u00e7kil\u0259rd\u0259 a\u00e7\u0131q \u00fcst\u00fcnl\u00fcy\u0259 malik olan v\u0259 92 faizd\u0259n art\u0131q se\u00e7ici s\u0259si y\u0131\u011fm\u0131\u015f qalib Ali Ba\u015f Komandan\u0131n \u00fcnvan\u0131na \u201conun he\u00e7 bir reytinqi yoxdur\u201d s\u00f6zl\u0259rinin deyilm\u0259si yaln\u0131z tamamil\u0259 t\u00fck\u0259nmi\u015fliyin v\u0259 acizliyin t\u0259zah\u00fcr\u00fc ola bil\u0259r. Ancaq bu, t\u0259kc\u0259 onlar\u0131n acizliyi deyil, bu hal h\u0259m d\u0259 onlar \u00fc\u00e7\u00fcn ssenari yazanlar\u0131n acizliyinin \u0259lam\u0259tidir\u201d, &#8211; dey\u0259 politoloq diqq\u0259t\u0259 \u00e7atd\u0131r\u0131b.<\/p>\n<\/div>\n<div><\/div>\n<div>\n<div class=\"banner banner-6cdd60ea0045eb7a6ec44c54d29ed402\" data-banner=\"MTg0\"><\/div>\n<\/div>\n","protected":false},"excerpt":{"rendered":"<p>Ke\u00e7irilmi\u015f se\u00e7kil\u0259rl\u0259 ba\u011fl\u0131 bizim b\u0259la-siyas\u0259tcikl\u0259rimizin siyasi davran\u0131\u015f\u0131n\u0131 obyektiv d\u0259y\u0259rl\u0259ndirm\u0259k \u00fc\u00e7\u00fcn onlar\u0131n m\u0259s\u0259l\u0259y\u0259 m\u00fcnasib\u0259tinin dinamikas\u0131n\u0131 konkret ifad\u0259l\u0259rl\u0259 \u0259ks etdir\u0259k &#8211; \u0259vv\u0259lc\u0259 \u201cn\u0259y\u0259 laz\u0131m bu t\u0259l\u0259sik\u201d, sonra \u201cbizim haz\u0131rl\u0131q \u00fc\u00e7\u00fcn \u00e7ox az vaxt\u0131m\u0131z var\u201d, \u201cboykot\u201d, ard\u0131nca \u201cse\u00e7kil\u0259rin n\u0259tic\u0259l\u0259rini tan\u0131m\u0131r\u0131q\u201d v\u0259 n\u0259hay\u0259t \u201cqalibin he\u00e7 bir reytinqi yoxdur\u201d. Radikallar\u0131n se\u00e7kil\u0259r\u0259 olan m\u00fcnasib\u0259tinin m\u0259zmununu \u0259ks etdir\u0259n bu ifad\u0259l\u0259r bel\u0259 yet\u0259rlidir ki, a\u00e7\u0131q q\u0259r\u0259zi hiss ed\u0259 bil\u0259k. Burada m\u00fcbariz\u0259 aparmaq niyy\u0259ti bel\u0259 hiss olunmur. H\u0259d\u0259f yaln\u0131z t\u0259xribat xarakterli situasiyalar\u0131n yarad\u0131lmas\u0131d\u0131r. Qeyd olunan amil prinsipial xarakterlidir v\u0259 ya\u015fanan hadis\u0259l\u0259r\u0259 \u015f\u0259xsi m\u00fcnasib\u0259tin formala\u015fd\u0131r\u0131lmas\u0131 prosesind\u0259 sadalananlar m\u00fctl\u0259q n\u0259z\u0259r\u0259 al\u0131nmal\u0131d\u0131rlar.&hellip;<\/p>\n","protected":false},"author":2,"featured_media":690030,"comment_status":"closed","ping_status":"closed","sticky":false,"template":"","format":"standard","meta":{"om_disable_all_campaigns":false,"_monsterinsights_skip_tracking":false,"_monsterinsights_sitenote_active":false,"_monsterinsights_sitenote_note":"","_monsterinsights_sitenote_category":0},"categories":[1],"tags":[],"aioseo_notices":[],"gutentor_comment":0,"rttpg_featured_image_url":{"full":["https:\/\/arantv.az\/wp-content\/uploads\/2024\/02\/f3c9059c4e8807f64bf601d94cccd484.jpg",870,500,false],"landscape":["https:\/\/arantv.az\/wp-content\/uploads\/2024\/02\/f3c9059c4e8807f64bf601d94cccd484.jpg",870,500,false],"portraits":["https:\/\/arantv.az\/wp-content\/uploads\/2024\/02\/f3c9059c4e8807f64bf601d94cccd484.jpg",870,500,false],"thumbnail":["https:\/\/arantv.az\/wp-content\/uploads\/2024\/02\/f3c9059c4e8807f64bf601d94cccd484-500x280.jpg",500,280,true],"medium":["https:\/\/arantv.az\/wp-content\/uploads\/2024\/02\/f3c9059c4e8807f64bf601d94cccd484-635x365.jpg",635,365,true],"large":["https:\/\/arantv.az\/wp-content\/uploads\/2024\/02\/f3c9059c4e8807f64bf601d94cccd484-840x483.jpg",640,368,true],"1536x1536":["https:\/\/arantv.az\/wp-content\/uploads\/2024\/02\/f3c9059c4e8807f64bf601d94cccd484.jpg",870,500,false],"2048x2048":["https:\/\/arantv.az\/wp-content\/uploads\/2024\/02\/f3c9059c4e8807f64bf601d94cccd484.jpg",870,500,false],"post-thumbnail":["https:\/\/arantv.az\/wp-content\/uploads\/2024\/02\/f3c9059c4e8807f64bf601d94cccd484-240x172.jpg",240,172,true],"advps-thumb-one":["https:\/\/arantv.az\/wp-content\/uploads\/2024\/02\/f3c9059c4e8807f64bf601d94cccd484.jpg",870,500,false]},"rttpg_author":{"display_name":"V\u00fcsal Rafiqo\u011flu","author_link":"https:\/\/arantv.az\/?author=2"},"rttpg_comment":0,"rttpg_category":"<a href=\"https:\/\/arantv.az\/?cat=1\" rel=\"category\">C\u0259miyy\u0259t<\/a>","rttpg_excerpt":"Ke\u00e7irilmi\u015f se\u00e7kil\u0259rl\u0259 ba\u011fl\u0131 bizim b\u0259la-siyas\u0259tcikl\u0259rimizin siyasi davran\u0131\u015f\u0131n\u0131 obyektiv d\u0259y\u0259rl\u0259ndirm\u0259k \u00fc\u00e7\u00fcn onlar\u0131n m\u0259s\u0259l\u0259y\u0259 m\u00fcnasib\u0259tinin dinamikas\u0131n\u0131 konkret ifad\u0259l\u0259rl\u0259 \u0259ks etdir\u0259k &#8211; \u0259vv\u0259lc\u0259 \u201cn\u0259y\u0259 laz\u0131m bu t\u0259l\u0259sik\u201d, sonra \u201cbizim haz\u0131rl\u0131q \u00fc\u00e7\u00fcn \u00e7ox az vaxt\u0131m\u0131z var\u201d, \u201cboykot\u201d, ard\u0131nca \u201cse\u00e7kil\u0259rin n\u0259tic\u0259l\u0259rini tan\u0131m\u0131r\u0131q\u201d v\u0259 n\u0259hay\u0259t \u201cqalibin he\u00e7 bir reytinqi yoxdur\u201d. Radikallar\u0131n se\u00e7kil\u0259r\u0259 olan m\u00fcnasib\u0259tinin m\u0259zmununu \u0259ks etdir\u0259n bu ifad\u0259l\u0259r bel\u0259 yet\u0259rlidir&hellip;","_links":{"self":[{"href":"https:\/\/arantv.az\/index.php?rest_route=\/wp\/v2\/posts\/690029"}],"collection":[{"href":"https:\/\/arantv.az\/index.php?rest_route=\/wp\/v2\/posts"}],"about":[{"href":"https:\/\/arantv.az\/index.php?rest_route=\/wp\/v2\/types\/post"}],"author":[{"embeddable":true,"href":"https:\/\/arantv.az\/index.php?rest_route=\/wp\/v2\/users\/2"}],"replies":[{"embeddable":true,"href":"https:\/\/arantv.az\/index.php?rest_route=%2Fwp%2Fv2%2Fcomments&post=690029"}],"version-history":[{"count":0,"href":"https:\/\/arantv.az\/index.php?rest_route=\/wp\/v2\/posts\/690029\/revisions"}],"wp:featuredmedia":[{"embeddable":true,"href":"https:\/\/arantv.az\/index.php?rest_route=\/wp\/v2\/media\/690030"}],"wp:attachment":[{"href":"https:\/\/arantv.az\/index.php?rest_route=%2Fwp%2Fv2%2Fmedia&parent=690029"}],"wp:term":[{"taxonomy":"category","embeddable":true,"href":"https:\/\/arantv.az\/index.php?rest_route=%2Fwp%2Fv2%2Fcategories&post=690029"},{"taxonomy":"post_tag","embeddable":true,"href":"https:\/\/arantv.az\/index.php?rest_route=%2Fwp%2Fv2%2Ftags&post=690029"}],"curies":[{"name":"wp","href":"https:\/\/api.w.org\/{rel}","templated":true}]}}