{"id":690033,"date":"2024-02-13T10:18:45","date_gmt":"2024-02-13T06:18:45","guid":{"rendered":"https:\/\/arantv.az\/?p=690033"},"modified":"2024-02-13T10:18:45","modified_gmt":"2024-02-13T06:18:45","slug":"seckil%c9%99rin-az%c9%99rbaycana-xarici-s%c9%99rmay%c9%99l%c9%99rin-yatirilmasinda-hansi-t%c9%99sirl%c9%99ri-olacaq-r%c9%99yl%c9%99r","status":"publish","type":"post","link":"https:\/\/arantv.az\/?p=690033","title":{"rendered":"Se\u00e7kil\u0259rin Az\u0259rbaycana xarici s\u0259rmay\u0259l\u0259rin yat\u0131r\u0131lmas\u0131nda hans\u0131 t\u0259sirl\u0259ri olacaq &#8211; r\u0259yl\u0259r"},"content":{"rendered":"<p><strong>Eld\u0259niz \u018fmirov: \u201c\u0130nvestisiyalar\u0131n \u00f6lk\u0259y\u0259 c\u0259lb olunmas\u0131 \u00fc\u00e7\u00fcn m\u00fctl\u0259q \u015f\u0259kild\u0259 \u0259lveri\u015fli investisiya m\u00fchiti yarad\u0131lmal\u0131d\u0131r\u201d; ekspertl\u0259r\u0259 g\u00f6r\u0259, m\u00fc\u0259yy\u0259n sah\u0259l\u0259rd\u0259 \u0259ng\u0259ll\u0259r aradan qald\u0131r\u0131larsa, investorlar\u0131n c\u0259lb olunmas\u0131nda problem qalmayacaq\u00a0<\/strong><\/p>\n<p><em>Az\u0259rbaycanda 7 fevral n\u00f6vb\u0259d\u0259nk\u0259nar prezident se\u00e7kisi il\u0259 \u0130lham \u018fliyev \u00f6z legitimliyini t\u0259z\u0259l\u0259di v\u0259 daha da g\u00fccl\u0259ndirdi. \u00d6lk\u0259 \u00fc\u00e7\u00fcn is\u0259 faktiki yeni bir era ba\u015flanm\u0131\u015f say\u0131la bil\u0259r. B\u0259s se\u00e7ki Az\u0259rbaycana xarici s\u0259rmay\u0259l\u0259rin yat\u0131r\u0131lmas\u0131na hans\u0131 t\u0259sirl\u0259ri g\u00f6st\u0259r\u0259c\u0259k? \u00dcmumiyy\u0259tl\u0259, \u00f6lk\u0259y\u0259 investisiya ax\u0131n\u0131n\u0131 art\u0131rmaq \u00fc\u00e7\u00fcn hans\u0131 t\u0259xir\u0259sal\u0131nmaz t\u0259dbirl\u0259r\u0259 ehtiyac var? Formala\u015facaq yeni kabinet bu istiqam\u0259td\u0259 konkret hans\u0131 add\u0131mlar atmal\u0131d\u0131r? G\u00f6zl\u0259ntil\u0259r n\u0259dir?<\/em><\/p>\n<p>Qeyd ed\u0259k ki, M\u0259rk\u0259zi Bank\u0131n m\u0259lumat\u0131na \u0259sas\u0259n, \u00f6t\u0259n ilin 6 ay\u0131nda xaricd\u0259n c\u0259lb olunan investisiyalar\u0131n \u00fcmumi m\u0259bl\u0259\u011fi 3 milyard dollar, xaric\u0259 yat\u0131r\u0131lan s\u0259rmay\u0259l\u0259rin h\u0259cmi is\u0259 0,6 milyard dollar olub. \u00d6lk\u0259 iqtisadiyyat\u0131 qoyulan birba\u015fa xarici investisiyalar\u0131n strukturunda neft-qaz sektorunun x\u00fcsusi \u00e7\u0259kisi 75,9 faiz t\u0259\u015fkil edib. D\u00f6vl\u0259t Statistika Komit\u0259sinin m\u0259lumat\u0131na g\u00f6r\u0259, 2023-c\u00fc ilin yanvar-avqust aylar\u0131nda xarici \u00f6lk\u0259l\u0259r v\u0259 beyn\u0259lxalq t\u0259\u015fkilatlar\u0131n \u0259sas kapitala y\u00f6n\u0259ltdikl\u0259ri v\u0259saitin 2 milyard 285 milyon manat\u0131 (90,4 faizi) Birl\u0259\u015fmi\u015f Krall\u0131q, T\u00fcrkiy\u0259, AB\u015e, Fransa, Yaponiya, Rusiya, \u0130sve\u00e7r\u0259 v\u0259 Norve\u00e7 s\u0259rmay\u0259darlar\u0131na m\u0259xsus olub.<\/p>\n<p><img loading=\"lazy\" src=\"https:\/\/www.e-huquq.az\/media\/2021\/06\/21\/azer-badamovjpg-1582118164.jpg\" alt=\"Az\u0259r Badamov: &quot;Davosda ke\u00e7iril\u0259n g\u00f6r\u00fc\u015fl\u0259r bir daha g\u00f6st\u0259rdi ki, \u00f6lk\u0259miz\u0259  b\u00f6y\u00fck maraq var&quot;\" width=\"1444\" height=\"812\" \/><\/p>\n<p><strong>\u00a0Az\u0259r Badamov<\/strong><\/p>\n<p>\u0130qtisad\u00e7\u0131 mill\u0259t v\u0259kili Az\u0259r Badamov m\u00f6vzu il\u0259 ba\u011fl\u0131 \u201cYeni M\u00fcsavat\u201da dedi ki, xarici s\u0259rmay\u0259darlar investisiyalar\u0131 yat\u0131randa ilk n\u00f6vb\u0259d\u0259 \u00f6lk\u0259l\u0259rd\u0259ki siyasi sabitliyi n\u0259z\u0259r\u0259 al\u0131rlar: \u201cBu bax\u0131mdan siyasi sabitliyi olmayan\u00a0 v\u0259 dinamik inki\u015faf etm\u0259y\u0259n iqtisadiyyat\u0131 olan \u00f6lk\u0259l\u0259r\u0259 he\u00e7 kim investisiya qoymur. Az\u0259rbaycan \u00f6z\u00fcn\u00fcn d\u00fcnyan\u0131n sabitlik adas\u0131 oldu\u011funu t\u0259sdiq edib. 7 fevralda ke\u00e7irilmi\u015f se\u00e7kil\u0259rd\u0259 d\u0259 c\u0259nab \u0130lham \u018fliyev\u0259\u00a0 yenid\u0259n etimad g\u00f6st\u0259rm\u0259sin\u0259 xalq\u0131m\u0131z\u0131n q\u0259l\u0259b\u0259y\u0259, sabitliy\u0259 v\u0259 t\u0259r\u0259qqiy\u0259 s\u0259s verdiyini des\u0259k yan\u0131lmar\u0131q. \u00d6lk\u0259mizin iqtisadi potensial\u0131 \u00e7ox y\u00fcks\u0259kdir. Son ill\u0259r co\u011frafi yerl\u0259\u015fm\u0259sind\u0259n s\u0259m\u0259r\u0259li istifad\u0259 edil\u0259r\u0259k beyn\u0259lxalq logistik haba \u00e7evirm\u0259yimiz \u00f6lk\u0259miz\u0259 xarici inventarlar\u0131n mara\u011f\u0131n\u0131 da art\u0131r\u0131b. O c\u00fcml\u0259d\u0259n i\u015f\u011faldan azad edilmi\u015f \u0259razil\u0259rd\u0259 d\u0259 yarad\u0131lm\u0131\u015f optimal \u015f\u0259rait h\u0259r bir investor \u00fc\u00e7\u00fcn b\u00f6y\u00fck m\u0259nf\u0259\u0259t qazand\u0131racaq. Prezident \u0130lham \u018fliyev yenid\u0259n d\u00f6vl\u0259t ba\u015f\u00e7\u0131s\u0131 kimi s\u0259lahiyy\u0259tl\u0259rin\u0259 ba\u015flayandan sonra \u00f6lk\u0259d\u0259 islahatlar\u0131n ke\u00e7irilm\u0259si d\u0259rinl\u0259\u015f\u0259c\u0259k. T\u0259bii ki, b\u00fct\u00fcn islahatlar insanlar\u0131n rifah\u0131n\u0131n yax\u015f\u0131la\u015fmas\u0131na v\u0259 \u00f6lk\u0259nin iqtisadi g\u00fcc\u00fcn\u00fcn art\u0131r\u0131lmas\u0131na hesablan\u0131r. Bunun \u00fc\u00e7\u00fcn d\u0259 m\u00fctl\u0259q \u015f\u0259kild\u0259 xarici s\u0259rmay\u0259darlar\u0131n \u00f6lk\u0259miz\u0259 c\u0259lb edilm\u0259si \u00fc\u00e7\u00fcn t\u0259dbirl\u0259rin davam etdirilm\u0259sini vacib hesab edir\u0259m\u201d.<\/p>\n<p><strong>Deputat \u0259lav\u0259 edib ki, sahibkarl\u0131q f\u0259aliyy\u0259ti \u00fc\u00e7\u00fcn m\u00fcasir qanunvericilik bazas\u0131 yarad\u0131l\u0131b:<\/strong>\u00a0\u201cBel\u0259 ki,\u00a0 \u018fl\u0259t Azad \u0130qtisadi Zonas\u0131nda, s\u0259naye v\u0259 aqroparklarda, o c\u00fcml\u0259d\u0259n i\u015f\u011faldan azad olunmu\u015f \u0259razil\u0259rd\u0259 f\u0259aliyy\u0259t g\u00f6st\u0259r\u0259c\u0259k s\u0259rmay\u0259darlar \u00fc\u00e7\u00fcn x\u00fcsusi g\u00fcz\u0259\u015ftl\u0259r t\u0259tbiq olunur. Dey\u0259 bil\u0259rik ki, \u00f6lk\u0259d\u0259ki s\u0259rmay\u0259 m\u00fchiti h\u0259r bir xarici s\u0259rmay\u0259dar \u00fc\u00e7\u00fcn q\u0259bul olunand\u0131r. N\u00f6vb\u0259ti d\u00f6vrd\u0259 is\u0259 sad\u0259c\u0259, m\u00f6vcud s\u0259rmay\u0259 m\u00fchitimizi beyn\u0259lxalq s\u0259viyy\u0259d\u0259 yax\u015f\u0131 t\u0259bli\u011f etm\u0259y\u0259 ehtiyac var. Bunun \u00fc\u00e7\u00fcn h\u0259m \u00f6lk\u0259 daxilind\u0259, h\u0259m d\u0259 xarici \u00f6lk\u0259l\u0259rd\u0259 i\u015f adamlar\u0131 d\u0259v\u0259t olunaraq s\u0259rgil\u0259r v\u0259 konfranslar v\u0259 biznes forumlar\u0131n ke\u00e7iril\u0259m\u0259sinin \u00e7oxald\u0131lmas\u0131 vacibdir. \u00d6lk\u0259mizd\u0259 b\u00fct\u00fcn \u015f\u0259rait v\u0259 imkanlar var, amma bu imkanlar\u0131 laz\u0131mi s\u0259viyy\u0259d\u0259 t\u0259bli\u011f ed\u0259 bilm\u0259m\u0259yimiz xarici s\u0259rmay\u0259darlar\u0131n az c\u0259lb olunmas\u0131na g\u0259tirib \u00e7\u0131xar\u0131b. Yeni d\u00f6vrd\u0259 is\u0259 bu m\u0259s\u0259l\u0259l\u0259ri x\u00fcsusil\u0259 diqq\u0259t m\u0259rk\u0259zind\u0259 saxlama\u011f\u0131 vacib hesab edir\u0259m. \u00c7\u00fcnki \u00f6lk\u0259d\u0259 a\u00e7\u0131lan h\u0259r bir m\u00fc\u0259ssis\u0259 yeni i\u015f yerl\u0259ri v\u0259 yeni \u00e7e\u015fidli m\u0259hsullar dem\u0259kdir. Bu da \u00f6lk\u0259 iqtisadiyyat\u0131n\u0131n\u00a0 g\u00fccl\u0259nm\u0259sin\u0259 v\u0259 v\u0259t\u0259nda\u015flar\u0131n rifah\u0131n\u0131n yax\u015f\u0131la\u015fmas\u0131na xidm\u0259t edir\u201d.<\/p>\n<p><img src=\"https:\/\/azertag.az\/files\/2023\/2\/1200x630\/16871592894509419579_1200x630.jpg\" alt=\"Eld\u0259niz \u018fmirov: Dayan\u0131ql\u0131 iqtisadiyyata nail olmaq \u00fc\u00e7\u00fcn ya\u015f\u0131l enerjinin  t\u0259tbiqi b\u00f6y\u00fck \u0259h\u0259miyy\u0259t da\u015f\u0131y\u0131r - AZ\u018fRTAC\" \/><\/p>\n<p><strong>Eld\u0259niz \u018fmirov<\/strong><\/p>\n<p><strong>M\u00f6vzu il\u0259 ba\u011fl\u0131 iqtisad\u00e7\u0131-ekspert Eld\u0259niz \u018fmirov da \u201cYeni M\u00fcsavat\u201da fikirl\u0259rini a\u00e7\u0131qlad\u0131:<\/strong>\u00a0\u201c\u0130nvestisiyalar\u0131n \u00f6lk\u0259y\u0259 c\u0259lb olunmas\u0131 \u00fc\u00e7\u00fcn m\u00fctl\u0259q \u015f\u0259kild\u0259 \u0259lveri\u015fli investisiya m\u00fchiti yarad\u0131lmal\u0131d\u0131r. \u018flveri\u015fli investisiya m\u00fchitinin \u015f\u0259rtl\u0259rind\u0259n \u0259n \u0259sas\u0131 is\u0259 kapital\u0131n s\u0259rb\u0259st ax\u0131n\u0131na \u015f\u0259rait yarad\u0131lmas\u0131d\u0131r. Y\u0259ni h\u0259m \u00f6lk\u0259y\u0259 daxil olmas\u0131, eyni zamanda xarici investorun \u00f6z kapital\u0131n\u0131 \u00f6lk\u0259d\u0259n \u00e7\u0131xarmaq ist\u0259yi il\u0259 ba\u011fl\u0131 h\u0259r hans\u0131 mane\u00e7ilik olmamal\u0131d\u0131r. Dig\u0259r bir t\u0259r\u0259fd\u0259n, Vergi M\u0259c\u0259ll\u0259sind\u0259 h\u0259r d\u0259f\u0259 d\u0259yi\u015fiklikl\u0259rin olmas\u0131 xarici investorlar\u0131n \u00f6lk\u0259y\u0259 g\u0259lm\u0259sini \u0259ng\u0259ll\u0259y\u0259n \u0259sas faktorlardan biridir. \u00c7\u00fcnki bu istiqam\u0259td\u0259 bir sabitliyin olmamas\u0131 investor \u00fc\u00e7\u00fcn qar\u015f\u0131dak\u0131 ill\u0259rd\u0259 ciddi \u015f\u0259kild\u0259 suallar yarad\u0131r. Onlar bu proses\u0259 risk faktoru kimi bax\u0131rlar, ona g\u00f6r\u0259 d\u0259 daha \u00e7ox ehtiyatl\u0131 davran\u0131rlar. Bir d\u0259 \u00f6z\u0259ll\u0259\u015fdirm\u0259 prosesl\u0259rind\u0259 xarici subyektl\u0259rin i\u015ftirak\u0131n\u0131n t\u0259min olunmas\u0131 \u00f6lk\u0259y\u0259 investisiya ax\u0131n\u0131n\u0131 t\u0259min ed\u0259 bil\u0259r. Bu h\u0259ssas m\u0259s\u0259l\u0259 oldu\u011funa g\u00f6r\u0259 d\u00f6vl\u0259t buna daha diqq\u0259tl\u0259 yana\u015fmal\u0131d\u0131r. Ba\u015fqa m\u0259s\u0259l\u0259 manat\u0131n m\u0259z\u0259nn\u0259sidir ki, investisiya m\u00fchitin\u0259 ciddi t\u0259sir g\u00f6st\u0259rir. Dig\u0259r bir m\u0259s\u0259l\u0259 yerli sahibkarl\u0131\u011f\u0131n inki\u015faf\u0131d\u0131r. Xarici investorlar bir \u00f6lk\u0259y\u0259 investisiya yat\u0131rmaq \u00fc\u00e7\u00fcn h\u0259min bazar\u0131 ara\u015fd\u0131ran zaman g\u00f6st\u0259ricil\u0259rd\u0259n biri d\u0259 yerli sahibkarl\u0131\u011fa dair dinamikad\u0131r. Ona g\u00f6r\u0259 ilk n\u00f6vb\u0259d\u0259 yerli sahibkarl\u0131\u011f\u0131n da inki\u015faf\u0131na \u00f6n\u0259m verilm\u0259si vacibdir\u201d.<\/p>\n<p><strong>Ekspert \u00f6lk\u0259nin daha effektiv daxili iqtisadi siyas\u0259ti g\u00f6r\u0259 bil\u0259c\u0259yin\u0259 \u00fcmidli\u00a0 oldu\u011funu deyib:<\/strong>\u00a0\u201cOna g\u00f6r\u0259 ki, postm\u00fcharib\u0259 d\u00f6n\u0259mind\u0259 imkanlar\u0131m\u0131z artacaq. \u018fvv\u0259lki d\u00f6n\u0259md\u0259 resurslar\u0131n m\u00fc\u0259yy\u0259n hiss\u0259si xarici siyas\u0259t\u0259, eyni zamanda Az\u0259rbaycan\u0131n strateji m\u00f6vqeyinin qorunmas\u0131na v\u0259 n\u00fcfuzunun saxlan\u0131lmas\u0131na, g\u00fccl\u0259ndirilm\u0259sin\u0259 h\u0259sr edils\u0259 d\u0259, art\u0131q Qaraba\u011f problemi h\u0259ll edildiyind\u0259n daxili iqtisadiyyata diqq\u0259tin ayr\u0131lmas\u0131na daha \u00e7ox ehtiyac vard\u0131r. Fikrimc\u0259, h\u00f6kum\u0259t d\u0259 bu m\u0259s\u0259l\u0259ni prioritet olaraq g\u00f6t\u00fcr\u0259c\u0259k\u201d.<\/p>\n<p>\u0130\u015f\u011faldan azad olunan \u0259razil\u0259rd\u0259 h\u0259yata ke\u00e7iril\u0259c\u0259k m\u00fch\u00fcm t\u0259dbirl\u0259rd\u0259n biri d\u0259 investisiya qoyulu\u015fudur. B\u00f6y\u00fck potensiala malik olan bu regiona xarici v\u0259 daxili investorlar\u0131n c\u0259lb edilm\u0259si haz\u0131rda qar\u015f\u0131da duran prioritet m\u0259s\u0259l\u0259l\u0259rd\u0259n biridir. Az\u0259rbaycan Memarl\u0131q v\u0259 \u0130n\u015faat Universitetinin m\u00fc\u0259llimi, memar T\u0259rlan \u018fliyev mediaya a\u00e7\u0131qlamas\u0131nda deyib ki, h\u0259min \u0259razil\u0259rd\u0259 tikinti, aqrar sektor, enerji, m\u0259d\u0259n s\u0259nayesi, turizm sektoru kimi sah\u0259l\u0259rin inki\u015faf\u0131 prioritetlik t\u0259\u015fkil ed\u0259 bil\u0259r. Qaraba\u011f v\u0259 \u015e\u0259rqi Z\u0259ng\u0259zur iqtisadi rayonlar\u0131nda bu sah\u0259l\u0259r \u00e7ox y\u00fcks\u0259k inki\u015faf perspektivin\u0259 malikdir.<\/p>\n<p>&nbsp;<\/p>\n<p><strong>T.\u018fliyev bildirib ki, Prezident \u0130lham \u018fliyev t\u0259r\u0259find\u0259n yarad\u0131lan \u201cQaraba\u011f Dir\u00e7\u0259li\u015f Fondu\u201d i\u015f\u011faldan azad edilmi\u015f \u0259razil\u0259r\u0259 xarici v\u0259 daxili investisiyalar\u0131n c\u0259lb edilm\u0259si, iqtisadiyyat\u0131n yenid\u0259n qurulmas\u0131 v\u0259 inki\u015faf\u0131 \u00fc\u00e7\u00fcn olduqca m\u00fch\u00fcm amildir. \u0130nvestisiyalar\u0131n bu \u0259razil\u0259r\u0259 y\u00f6n\u0259ldilm\u0259si zaman\u0131 h\u0259min regionun t\u0259bii s\u0259rv\u0259tl\u0259rinin, iqliminin, geoloji m\u00f6vqeyinin h\u0259r bir rayon \u00fczr\u0259 t\u0259dqiq edilm\u0259si v\u0259 \u00fcmumi strukturun qurulmas\u0131, bu prosesin s\u00fcr\u0259tl\u0259nm\u0259sin\u0259, eyni zamanda daxili v\u0259 xarici investorlar\u0131n bu sah\u0259d\u0259 daha s\u0259m\u0259r\u0259li f\u0259aliyy\u0259tin\u0259 t\u0259kan ver\u0259c\u0259k:<\/strong>\u00a0\u201cRegionda aqrar sektorun inki\u015faf\u0131 \u00fc\u00e7\u00fcn torpaq v\u0259 iqlim faktorlar\u0131 m\u00fch\u00fcm rol oynay\u0131r. Qaraba\u011f \u0259razisind\u0259ki 7 rayonun \u0259kin\u0259yararl\u0131 torpaq sah\u0259l\u0259rinin \u00fcmumi h\u0259cmi 535 min hektardan art\u0131qd\u0131r. Bunu n\u0259z\u0259r\u0259 alsaq, bu sektora b\u00f6y\u00fck investisiya qoyulu\u015flar\u0131 \u00e7ox b\u00f6y\u00fck fayda ver\u0259c\u0259k. Bundan ba\u015fqa, Qaraba\u011fda h\u0259yata ke\u00e7iril\u0259c\u0259k b\u0259rpa v\u0259 yenid\u0259nqurma i\u015fl\u0259ri zaman\u0131 yerli tikinti materiallar\u0131ndan istifad\u0259 olunmas\u0131 \u00fc\u00e7\u00fcn \u0259lveri\u015fli \u015f\u0259rait m\u00f6vcuddur. N\u0259tic\u0259 etibaril\u0259 tikinti xammal\u0131na qoyulan investisiya h\u0259m investora, h\u0259m d\u0259 d\u00f6vl\u0259t\u0259 yol v\u0259 n\u0259qliyyat x\u0259rcl\u0259rinin azald\u0131lmas\u0131, tikinti materiallar\u0131n\u0131n g\u00fcz\u0259\u015ftli istehsal\u0131 v\u0259 sat\u0131\u015f\u0131 kimi m\u0259s\u0259l\u0259l\u0259rd\u0259 g\u0259lir v\u0259 s\u0259m\u0259r\u0259lilik g\u0259tir\u0259c\u0259k\u201d.<\/p>\n","protected":false},"excerpt":{"rendered":"<p>Eld\u0259niz \u018fmirov: \u201c\u0130nvestisiyalar\u0131n \u00f6lk\u0259y\u0259 c\u0259lb olunmas\u0131 \u00fc\u00e7\u00fcn m\u00fctl\u0259q \u015f\u0259kild\u0259 \u0259lveri\u015fli investisiya m\u00fchiti yarad\u0131lmal\u0131d\u0131r\u201d; ekspertl\u0259r\u0259 g\u00f6r\u0259, m\u00fc\u0259yy\u0259n sah\u0259l\u0259rd\u0259 \u0259ng\u0259ll\u0259r aradan qald\u0131r\u0131larsa, investorlar\u0131n c\u0259lb olunmas\u0131nda problem qalmayacaq\u00a0 Az\u0259rbaycanda 7 fevral n\u00f6vb\u0259d\u0259nk\u0259nar prezident se\u00e7kisi il\u0259 \u0130lham \u018fliyev \u00f6z legitimliyini t\u0259z\u0259l\u0259di v\u0259 daha da g\u00fccl\u0259ndirdi. \u00d6lk\u0259 \u00fc\u00e7\u00fcn is\u0259 faktiki yeni bir era ba\u015flanm\u0131\u015f say\u0131la bil\u0259r. B\u0259s se\u00e7ki Az\u0259rbaycana xarici s\u0259rmay\u0259l\u0259rin yat\u0131r\u0131lmas\u0131na hans\u0131 t\u0259sirl\u0259ri g\u00f6st\u0259r\u0259c\u0259k? \u00dcmumiyy\u0259tl\u0259, \u00f6lk\u0259y\u0259 investisiya ax\u0131n\u0131n\u0131 art\u0131rmaq \u00fc\u00e7\u00fcn hans\u0131 t\u0259xir\u0259sal\u0131nmaz t\u0259dbirl\u0259r\u0259 ehtiyac var? Formala\u015facaq yeni kabinet bu istiqam\u0259td\u0259 konkret hans\u0131 add\u0131mlar atmal\u0131d\u0131r? G\u00f6zl\u0259ntil\u0259r n\u0259dir? Qeyd ed\u0259k ki, M\u0259rk\u0259zi Bank\u0131n m\u0259lumat\u0131na \u0259sas\u0259n, \u00f6t\u0259n&hellip;<\/p>\n","protected":false},"author":2,"featured_media":690034,"comment_status":"closed","ping_status":"closed","sticky":false,"template":"","format":"standard","meta":{"om_disable_all_campaigns":false,"_monsterinsights_skip_tracking":false,"_monsterinsights_sitenote_active":false,"_monsterinsights_sitenote_note":"","_monsterinsights_sitenote_category":0},"categories":[19],"tags":[],"aioseo_notices":[],"gutentor_comment":0,"rttpg_featured_image_url":{"full":["https:\/\/arantv.az\/wp-content\/uploads\/2024\/02\/5855e9a4ad925f9b23113eaaf78081d3.jpg",870,500,false],"landscape":["https:\/\/arantv.az\/wp-content\/uploads\/2024\/02\/5855e9a4ad925f9b23113eaaf78081d3.jpg",870,500,false],"portraits":["https:\/\/arantv.az\/wp-content\/uploads\/2024\/02\/5855e9a4ad925f9b23113eaaf78081d3.jpg",870,500,false],"thumbnail":["https:\/\/arantv.az\/wp-content\/uploads\/2024\/02\/5855e9a4ad925f9b23113eaaf78081d3-500x280.jpg",500,280,true],"medium":["https:\/\/arantv.az\/wp-content\/uploads\/2024\/02\/5855e9a4ad925f9b23113eaaf78081d3-635x365.jpg",635,365,true],"large":["https:\/\/arantv.az\/wp-content\/uploads\/2024\/02\/5855e9a4ad925f9b23113eaaf78081d3-840x483.jpg",640,368,true],"1536x1536":["https:\/\/arantv.az\/wp-content\/uploads\/2024\/02\/5855e9a4ad925f9b23113eaaf78081d3.jpg",870,500,false],"2048x2048":["https:\/\/arantv.az\/wp-content\/uploads\/2024\/02\/5855e9a4ad925f9b23113eaaf78081d3.jpg",870,500,false],"post-thumbnail":["https:\/\/arantv.az\/wp-content\/uploads\/2024\/02\/5855e9a4ad925f9b23113eaaf78081d3-240x172.jpg",240,172,true],"advps-thumb-one":["https:\/\/arantv.az\/wp-content\/uploads\/2024\/02\/5855e9a4ad925f9b23113eaaf78081d3.jpg",870,500,false]},"rttpg_author":{"display_name":"V\u00fcsal Rafiqo\u011flu","author_link":"https:\/\/arantv.az\/?author=2"},"rttpg_comment":0,"rttpg_category":"<a href=\"https:\/\/arantv.az\/?cat=19\" rel=\"category\">G\u00fcnd\u0259m<\/a>","rttpg_excerpt":"Eld\u0259niz \u018fmirov: \u201c\u0130nvestisiyalar\u0131n \u00f6lk\u0259y\u0259 c\u0259lb olunmas\u0131 \u00fc\u00e7\u00fcn m\u00fctl\u0259q \u015f\u0259kild\u0259 \u0259lveri\u015fli investisiya m\u00fchiti yarad\u0131lmal\u0131d\u0131r\u201d; ekspertl\u0259r\u0259 g\u00f6r\u0259, m\u00fc\u0259yy\u0259n sah\u0259l\u0259rd\u0259 \u0259ng\u0259ll\u0259r aradan qald\u0131r\u0131larsa, investorlar\u0131n c\u0259lb olunmas\u0131nda problem qalmayacaq\u00a0 Az\u0259rbaycanda 7 fevral n\u00f6vb\u0259d\u0259nk\u0259nar prezident se\u00e7kisi il\u0259 \u0130lham \u018fliyev \u00f6z legitimliyini t\u0259z\u0259l\u0259di v\u0259 daha da g\u00fccl\u0259ndirdi. \u00d6lk\u0259 \u00fc\u00e7\u00fcn is\u0259 faktiki yeni bir era ba\u015flanm\u0131\u015f say\u0131la bil\u0259r. B\u0259s se\u00e7ki Az\u0259rbaycana xarici&hellip;","_links":{"self":[{"href":"https:\/\/arantv.az\/index.php?rest_route=\/wp\/v2\/posts\/690033"}],"collection":[{"href":"https:\/\/arantv.az\/index.php?rest_route=\/wp\/v2\/posts"}],"about":[{"href":"https:\/\/arantv.az\/index.php?rest_route=\/wp\/v2\/types\/post"}],"author":[{"embeddable":true,"href":"https:\/\/arantv.az\/index.php?rest_route=\/wp\/v2\/users\/2"}],"replies":[{"embeddable":true,"href":"https:\/\/arantv.az\/index.php?rest_route=%2Fwp%2Fv2%2Fcomments&post=690033"}],"version-history":[{"count":0,"href":"https:\/\/arantv.az\/index.php?rest_route=\/wp\/v2\/posts\/690033\/revisions"}],"wp:featuredmedia":[{"embeddable":true,"href":"https:\/\/arantv.az\/index.php?rest_route=\/wp\/v2\/media\/690034"}],"wp:attachment":[{"href":"https:\/\/arantv.az\/index.php?rest_route=%2Fwp%2Fv2%2Fmedia&parent=690033"}],"wp:term":[{"taxonomy":"category","embeddable":true,"href":"https:\/\/arantv.az\/index.php?rest_route=%2Fwp%2Fv2%2Fcategories&post=690033"},{"taxonomy":"post_tag","embeddable":true,"href":"https:\/\/arantv.az\/index.php?rest_route=%2Fwp%2Fv2%2Ftags&post=690033"}],"curies":[{"name":"wp","href":"https:\/\/api.w.org\/{rel}","templated":true}]}}