{"id":690039,"date":"2024-02-13T10:21:46","date_gmt":"2024-02-13T06:21:46","guid":{"rendered":"https:\/\/arantv.az\/?p=690039"},"modified":"2024-02-13T10:21:46","modified_gmt":"2024-02-13T06:21:46","slug":"xank%c9%99ndid%c9%99-s%c9%99sverm%c9%99nin-boyuk-siyasi-v%c9%99-r%c9%99mzi-m%c9%99nasi-var","status":"publish","type":"post","link":"https:\/\/arantv.az\/?p=690039","title":{"rendered":"Xank\u0259ndid\u0259 s\u0259sverm\u0259nin b\u00f6y\u00fck siyasi v\u0259 r\u0259mzi m\u0259nas\u0131 var"},"content":{"rendered":"<p><em><strong>D\u00f6vl\u0259t ba\u015f\u00e7\u0131s\u0131 \u0130lham \u018fliyev daim b\u00f6y\u00fck q\u00fcrur hissi il\u0259 bu \u00e7a\u011f\u0131r\u0131\u015f\u0131 qeyd edir ki, bundan sonra bu torpaqlarda Az\u0259rbaycan Bayra\u011f\u0131 \u0259b\u0259di dal\u011falanacaq<\/strong><\/em><\/p>\n<p>&nbsp;<\/p>\n<p>7 fevral 2024-c\u00fc il tarixd\u0259 ke\u00e7iril\u0259n prezident se\u00e7kil\u0259ri art\u0131q tarix\u0259 qovu\u015fdu. M\u0259rk\u0259zi Se\u00e7ki Komissiyas\u0131n\u0131n (MSK) fevral\u0131n 11-d\u0259 ke\u00e7iril\u0259n iclas\u0131nda n\u00f6vb\u0259d\u0259nk\u0259nar prezident se\u00e7kil\u0259rinin n\u0259tic\u0259l\u0259rin\u0259 dair protokolun m\u00fcvafiq s\u0259n\u0259dl\u0259rl\u0259 birlikd\u0259 Konstitusiya M\u0259hk\u0259m\u0259sin\u0259 t\u0259qdim edilm\u0259si il\u0259 ba\u011fl\u0131 m\u0259s\u0259l\u0259\u00a0t\u0259sdiql\u0259ndi.\u00a0 Prezidenti \u0130lham \u018fliyev fevral\u0131n 7-d\u0259 ke\u00e7iril\u0259n se\u00e7kil\u0259rd\u0259 s\u0259sl\u0259rin 92.12 faizini (4 milyon 567 mind\u0259n \u00e7ox) toplayaraq q\u0259l\u0259b\u0259 qazand\u0131. Fevral\u0131n 13-d\u0259 prezident se\u00e7kil\u0259rinin yekunlar\u0131na dair MSK-n\u0131n protokolunun t\u0259sdiql\u0259nm\u0259si v\u0259 se\u00e7kil\u0259rin n\u0259tic\u0259l\u0259ri il\u0259 ba\u011fl\u0131 Konstitusiya M\u0259hk\u0259m\u0259si Plenumunun iclas\u0131 ke\u00e7iril\u0259c\u0259k.<\/p>\n<p>Az\u0259rbaycan\u0131n \u0259razi b\u00fct\u00f6vl\u00fcy\u00fcn\u00fcn v\u0259 suverenliyinin tam b\u0259rpa olunmas\u0131 \u015f\u0259raitind\u0259 ke\u00e7iril\u0259n Z\u0259f\u0259r se\u00e7kil\u0259ri b\u00fct\u00fcn \u00f6lk\u0259 \u0259razisini \u0259hat\u0259 etdi, 30 il\u0259 yax\u0131n dogma yurd-yuvalar\u0131ndan did\u0259rgin d\u00fc\u015fm\u00fc\u015f soyda\u015flar\u0131m\u0131z m\u00fcst\u0259qillik tariximizd\u0259 ilk d\u0259f\u0259 olaraq \u00f6z yerl\u0259rind\u0259 bu prosesin f\u0259al i\u015ftirak\u00e7\u0131s\u0131na \u00e7evrildil\u0259r. \u0130\u015f\u011faldan azad edilmi\u015f \u0259razil\u0259rimizd\u0259 se\u00e7ici f\u0259all\u0131\u011f\u0131 93 faizd\u0259n art\u0131q oldu. Qalib xalq\u0131n qalib Lideri \u00a0h\u0259l\u0259\u00a0 2003-c\u00fc ild\u0259 ke\u00e7iril\u0259n andi\u00e7m\u0259 m\u0259rasimind\u0259 i\u015f\u011fal alt\u0131nda olan b\u00fct\u00fcn torpaqlar\u0131m\u0131z\u0131n azad edil\u0259c\u0259yini, soyda\u015flar\u0131m\u0131z\u0131n do\u011fma yurd-yuvalar\u0131na qay\u0131dacaqlar\u0131n\u0131 b\u00f6y\u00fck \u0259minlikl\u0259 bildirmi\u015fdi. 20 ild\u0259 h\u0259r bir v\u0259din konkret \u0259m\u0259li i\u015fd\u0259 \u00f6z t\u0259sdiqini tapmas\u0131 xalq\u0131n Prezidentin\u0259 inam\u0131n\u0131, etimad\u0131n\u0131 daha da art\u0131rd\u0131. C\u0259nab \u0130lham \u018fliyev ke\u00e7mi\u015f m\u0259cburi k\u00f6\u00e7k\u00fcnl\u0259rl\u0259 g\u00f6r\u00fc\u015fl\u0259rind\u0259 onlar \u00fc\u00e7\u00fcn yarad\u0131lan \u015f\u0259raitin m\u00fcv\u0259qq\u0259ti xarakter da\u015f\u0131d\u0131\u011f\u0131n\u0131, tezlikl\u0259 m\u00fcnaqi\u015f\u0259nin h\u0259ll edil\u0259c\u0259yini v\u0259 soyda\u015flar\u0131m\u0131z\u0131n bu yerl\u0259r\u0259 qay\u0131daraq ill\u0259rl\u0259 erm\u0259ni v\u0259h\u015filikl\u0259ri il\u0259 \u00fcz-\u00fcz\u0259 qalan, tamamil\u0259 da\u011f\u0131d\u0131l\u0131b yerl\u0259-yeksan edil\u0259n torpaqlar\u0131m\u0131za yeni n\u0259f\u0259s ver\u0259c\u0259kl\u0259rini bildirirdi. Daim bu inam ifad\u0259 olunurdu ki, o g\u00fcn uzaqda deyil.<\/p>\n<p>M\u00fcz\u0259ff\u0259r Ali Ba\u015f Komandan \u0130lham \u018fliyevin r\u0259hb\u0259rliyi il\u0259 r\u0259\u015fad\u0259tli ordumuz 44 g\u00fcnd\u0259 30 ilin i\u015f\u011fal\u0131na son qoydu. T\u0259bii ki, \u0130kinci Qaraba\u011f m\u00fcharib\u0259sin\u0259 ged\u0259n yol h\u0259r k\u0259s\u0259 b\u0259llidir. Erm\u0259nistan 30 il dan\u0131\u015f\u0131qlara imitasiya namin\u0259 qat\u0131laraq yeni \u0259razil\u0259r u\u011frunda m\u00fcharib\u0259 planlar\u0131 haz\u0131rlad\u0131 v\u0259 27 sentyabr tarixind\u0259 Az\u0259rbaycan \u0259razil\u0259rini m\u00fcxt\u0259lif istiqam\u0259tl\u0259rd\u0259n raket at\u0259\u015fin\u0259 tutmaqla\u00a0 m\u0259qs\u0259dli plan\u0131n\u0131 n\u00fcmayi\u015f etdirdi. Erm\u0259nistan silahl\u0131 q\u00fcvv\u0259l\u0259ri Az\u0259rbaycan Ordusunun bel\u0259 \u0259ks-h\u00fccum \u0259m\u0259liyyatlar\u0131 il\u0259 \u00fcz-\u00fcz\u0259 qalacaqlar\u0131n\u0131 d\u00fc\u015f\u00fcnm\u00fcrd\u00fcl\u0259r. Daim yaratd\u0131qlar\u0131 mifl\u0259r\u0259 g\u00f6r\u0259 \u0259n \u201cg\u00fccl\u00fc ordu\u201d Erm\u0259nistan ordusu idi. Az\u0259rbaycan Silahl\u0131 Q\u00fcvv\u0259l\u0259ri 44 g\u00fcnd\u0259 bu mifi darmada\u011f\u0131n etdi. Bir daha s\u00fcbut olndu ki, \u0259n g\u00fccl\u00fc irdu Az\u0259rbaycan Ordusudur, \u0259n m\u0259\u011flubedilm\u0259z, yenilm\u0259z xalq Az\u0259rbaycan xalq\u0131d\u0131r.<\/p>\n<p>Tarixi Z\u0259f\u0259rimizd\u0259n \u00fc\u00e7 ild\u0259n art\u0131q vaxt ke\u00e7m\u0259sin\u0259 baxmayaraq h\u0259r g\u00fcn \u015fanl\u0131 Q\u0259l\u0259b\u0259miz\u0259 ged\u0259n yolu v\u0259 onun yaratd\u0131\u011f\u0131 reall\u0131qlar\u0131 bir daha n\u0259z\u0259rd\u0259n ke\u00e7irm\u0259yi \u00f6z\u00fcm\u00fcz\u0259 borc bilirik. Tarixi Z\u0259f\u0259rimizin\u00a0 m\u00fc\u0259llifi \u00a0c\u0259nab \u0130lham \u018fliyevin \u0259dal\u0259t\u0259 v\u0259 beyn\u0259lxalq h\u00fcquqa s\u00f6yk\u0259n\u0259n siyas\u0259ti n\u0259tic\u0259sind\u0259 \u00f6t\u0259n ilin 23 aprel tarixind\u0259 La\u00e7\u0131n n\u0259zar\u0259t-burax\u0131l\u0131\u015f m\u0259nt\u0259q\u0259sinin yarad\u0131lmas\u0131 il\u0259 Az\u0259rbaycan\u0131n \u0259razi b\u00fct\u00f6vl\u00fcy\u00fc v\u0259 sentyabr\u0131n 19-da Silahl\u0131 Q\u00fcvv\u0259l\u0259rimizin\u00a0 h\u0259yata ke\u00e7irdiyi bir g\u00fcnl\u00fck antiterror t\u0259dbirl\u0259ri n\u0259tic\u0259sind\u0259 is\u0259 suverenliyimiz tam b\u0259rpa olundu. \u00d6lk\u0259mizin h\u0259yat\u0131nda yeni d\u00f6vr ba\u015flad\u0131.<\/p>\n<p>Tarixi Z\u0259f\u0259rimizin yaratd\u0131\u011f\u0131 reall\u0131qlardan b\u0259hs ed\u0259rk\u0259n Az\u0259rbaycan\u0131n regionda dayan\u0131ql\u0131 s\u00fclh\u00fcn v\u0259 t\u0259hl\u00fck\u0259sizliyin yarad\u0131lmas\u0131, Erm\u0259nistanla m\u00fcnasib\u0259tl\u0259rd\u0259 yeni s\u0259hif\u0259nin a\u00e7\u0131lmas\u0131 m\u0259qs\u0259dil\u0259 qar\u015f\u0131 t\u0259r\u0259f\u0259 s\u00fclh t\u0259klifini x\u00fcsusi qeyd etm\u0259liyik. Son \u00fc\u00e7 ild\u0259 bu istiqam\u0259td\u0259 m\u00fcxt\u0259lif formatlarda v\u0259 t\u0259rkibl\u0259rd\u0259 g\u00f6r\u00fc\u015fl\u0259r ke\u00e7irildi v\u0259 Erm\u0259nistan ba\u015f naziri Az\u0259rbaycan\u0131n beyn\u0259lxalq h\u00fcququn be\u015f\u00a0 \u0259sas prinsipini \u00f6z\u00fcnd\u0259 \u0259ks etdir\u0259n s\u00fclh t\u0259klifini d\u0259st\u0259kl\u0259diyini bildirdi. B\u00fct\u00fcn hallarda Erm\u0259nistan yen\u0259 d\u0259 30 illik i\u015f\u011fal d\u00f6vr\u00fcnd\u0259 oldu\u011fu kimi, postm\u00fcnaqi\u015f\u0259 m\u0259rh\u0259l\u0259sind\u0259 d\u0259 himay\u0259darlar\u0131n\u0131n tap\u015f\u0131r\u0131\u011f\u0131 \u0259sas\u0131nda h\u0259r\u0259k\u0259t etdiyini a\u00e7\u0131q-a\u015fkar b\u00fcruz\u0259 verir. M\u0259lumdur ki, Avropa \u0130ttifaq\u0131 \u015euras\u0131n\u0131n Prezidenti \u015earl Mi\u015felin t\u0259\u015f\u0259bb\u00fcs\u00fc il\u0259 Az\u0259rbaycan Prezidenti \u0130lham \u018fliyevin v\u0259\u00a0 v\u0259 Erm\u0259nistan\u0131n ba\u015f naziri Nikol Pa\u015finyan\u0131n Br\u00fcsseld\u0259 d\u0259f\u0259l\u0259rl\u0259 g\u00f6r\u00fc\u015fl\u0259ri ke\u00e7irilib. H\u0259r iki t\u0259r\u0259f dan\u0131\u015f\u0131qlar\u0131n bu format\u0131ndan raz\u0131l\u0131\u011f\u0131n\u0131 ifad\u0259 edir. Erm\u0259nistan\u0131n zaman-zaman himay\u0259darlar\u0131n\u0131n g\u00f6st\u0259ri\u015fi il\u0259 h\u0259r\u0259k\u0259t etm\u0259si, eyni zamanda, d\u00fcnyan\u0131n apar\u0131c\u0131 d\u00f6vl\u0259tl\u0259rinin v\u0259 n\u00fcfuzlu beyn\u0259lxalq t\u0259\u015fkilatlar\u0131n ikili standartlara \u0259saslanan siyas\u0259ti fonunda bu format\u0131n davam\u0131nda fasil\u0259l\u0259r yarand\u0131. 7 fevral prezident se\u00e7kil\u0259rind\u0259 inaml\u0131 q\u0259l\u0259b\u0259si m\u00fcnasib\u0259til\u0259 \u00a0c\u0259nab \u0130lham \u018fliyev\u0259 telefon z\u0259ngi ed\u0259n Avropa \u0130ttifaq\u0131 \u015euras\u0131n\u0131n Prezidenti \u015earl Mi\u015fel il\u0259 d\u00f6vl\u0259timizin ba\u015f\u00e7\u0131s\u0131 telefon dan\u0131\u015f\u0131\u011f\u0131 \u0259snas\u0131nda Az\u0259rbaycan v\u0259 Avropa \u0130ttifaq\u0131 aras\u0131nda \u0259laq\u0259l\u0259rin m\u00fcxt\u0259lif aspektl\u0259rini, x\u00fcsusil\u0259 energetika v\u0259 n\u0259qliyyat sah\u0259sind\u0259 \u0259m\u0259kda\u015fl\u0131q m\u0259s\u0259l\u0259l\u0259rini geni\u015f m\u00fczakir\u0259 etdil\u0259r. \u00a0\u015earl Mi\u015fel n\u0259qliyyat v\u0259 ba\u011flant\u0131lar sah\u0259sind\u0259 Avropa \u0130ttifaq\u0131n\u0131n region \u00f6lk\u0259l\u0259ri il\u0259 \u0259laq\u0259l\u0259ri inki\u015faf etdirm\u0259k \u00fc\u00e7\u00fcn konkret layih\u0259l\u0259rl\u0259 \u00e7\u0131x\u0131\u015f etdiyini vur\u011fulad\u0131.\u00a0 T\u0259r\u0259fl\u0259r COP29-un Az\u0259rbaycanda ke\u00e7irilm\u0259si v\u0259 bu \u00e7\u0259r\u00e7iv\u0259d\u0259 Avropa \u0130ttifaq\u0131 il\u0259 Az\u0259rbaycan aras\u0131nda \u0259m\u0259kda\u015fl\u0131q m\u0259s\u0259l\u0259l\u0259rin\u0259 d\u0259 toxundular.<\/p>\n<p>\u015earl Mi\u015fel \u00fc\u00e7t\u0259r\u0259fli formatda Br\u00fcsseld\u0259 Az\u0259rbaycan, Erm\u0259nistan v\u0259 Avropa \u0130ttifaq\u0131 aras\u0131nda g\u00f6r\u00fc\u015fl\u0259rin b\u0259rpa edilm\u0259si il\u0259 ba\u011fl\u0131 Prezident \u0130lham \u018fliyevd\u0259n m\u00f6vqeyini bildirm\u0259sini xahi\u015f etdi. Prezident \u0130lham \u018fliyev Az\u0259rbaycan\u0131n h\u0259mi\u015f\u0259 \u015earl Mi\u015felin t\u0259\u015f\u0259bb\u00fcs\u00fc il\u0259 Br\u00fcsseld\u0259 ke\u00e7iril\u0259n \u00fc\u00e7t\u0259r\u0259fli g\u00f6r\u00fc\u015fl\u0259ri d\u0259st\u0259kl\u0259diyini bildirdi. S\u00f6hb\u0259t zaman\u0131 Erm\u0259nistanla Az\u0259rbaycan aras\u0131nda s\u00fclh dan\u0131\u015f\u0131qlar\u0131 il\u0259 ba\u011fl\u0131 fikir m\u00fcbadil\u0259si apar\u0131ld\u0131, Az\u0259rbaycan Respublikas\u0131n\u0131n Prezident Administrasiyas\u0131 v\u0259 Erm\u0259nistan\u0131n ba\u015f nazirinin aparat\u0131 aras\u0131nda dekabr\u0131n 7-d\u0259 ikit\u0259r\u0259fli \u0259sasda q\u0259bul edilmi\u015f birg\u0259 b\u0259yanat\u0131n ir\u0259liy\u0259 do\u011fru m\u00fch\u00fcm add\u0131m oldu\u011fu vur\u011fuland\u0131.<\/p>\n<p>Art\u0131q s\u00fclh m\u00fcqavil\u0259sinin imzalanmas\u0131 \u00fc\u00e7\u00fcn he\u00e7 bir mane\u0259 yoxdur. Reall\u0131q budur ki, Az\u0259rbaycan \u0259razi b\u00fct\u00f6vl\u00fcy\u00fcn\u00fc v\u0259 suverenliyini tam b\u0259rpa etdi. Suverenliyimizin t\u0259min olunmas\u0131 \u0259sas\u0131nda ke\u00e7iril\u0259n 7 fevral prezident se\u00e7kil\u0259ri \u00f6z\u00fcnd\u0259 b\u00fct\u00fcn m\u0259qamlar\u0131 ehtiva edir. \u00a0D\u00f6vl\u0259t ba\u015f\u00e7\u0131s\u0131 \u0130lham \u018fliyevin, birinci xan\u0131m Mehriban \u018fliyevan\u0131n v\u0259 ail\u0259 \u00fczvl\u0259rinin Xank\u0259ndid\u0259 s\u0259s verm\u0259l\u0259ri m\u00fcasir tariximiz\u0259 \u0259n m\u00f6ht\u0259\u015f\u0259m, q\u00fcrurverici hadis\u0259l\u0259rind\u0259n biri oldu. \u00a0Prezident \u0130lham \u018fliyevin Az\u0259rbaycan-T\u00fcrkiy\u0259 parlamentl\u0259raras\u0131 dostluq qrupunun r\u0259hb\u0259ri \u015eamil Ayr\u0131m\u0131n ba\u015f\u00e7\u0131l\u0131q etdiyi T\u00fcrkiy\u0259 B\u00f6y\u00fck Mill\u0259t M\u0259clisinin \u00fczvl\u0259rind\u0259n ibar\u0259t n\u00fcmay\u0259nd\u0259 hey\u0259ti il\u0259 g\u00f6r\u00fc\u015f\u00fcnd\u0259 bu m\u0259qama x\u00fcsusi diqq\u0259t y\u00f6n\u0259ldildi. \u015eamil Ayr\u0131m Prezident \u0130lham \u018fliyevin v\u0259 ail\u0259 \u00fczvl\u0259rinin Xank\u0259ndid\u0259 s\u0259s verm\u0259l\u0259rinin b\u00f6y\u00fck \u0259h\u0259miyy\u0259t da\u015f\u0131d\u0131\u011f\u0131n\u0131 bildirdi. D\u00f6vl\u0259timizin ba\u015f\u00e7\u0131s\u0131 da Xank\u0259ndid\u0259 s\u0259sverm\u0259nin b\u00f6y\u00fck siyasi v\u0259 r\u0259mzi m\u0259nas\u0131n\u0131n oldu\u011funu vur\u011fulad\u0131. Qonaq, h\u0259m\u00e7inin \u00a044 g\u00fcnl\u00fck V\u0259t\u0259n m\u00fcharib\u0259sind\u0259, \u00a0antiterror t\u0259dbirl\u0259rind\u0259 Prezident \u0130lham \u018fliyevin v\u0259 Az\u0259rbaycan\u0131n d\u00fcnyaya bir n\u00fcmun\u0259 g\u00f6st\u0259rdiyini qeyd etdi. \u00dcmummilli Lider Heyd\u0259r \u018fliyevin v\u0259siyy\u0259tinin d\u00f6vl\u0259timizin ba\u015f\u00e7\u0131s\u0131 t\u0259r\u0259find\u0259n yerin\u0259 yetirildiyini bildir\u0259n \u015eamil Ayr\u0131m \u00a0vur\u011fulad\u0131 ki, Az\u0259rbaycan xalq\u0131 ilk d\u0259f\u0259 olaraq bu se\u00e7kil\u0259rd\u0259 \u0259razi b\u00fct\u00f6vl\u00fcy\u00fc v\u0259 suverenliyi t\u0259min olunmu\u015f \u015f\u0259kild\u0259 q\u00fcrurla i\u015ftirak etdi.<\/p>\n<p>Az\u0259rbaycan\u0131n, Prezident \u0130lham \u018fliyevin d\u00fcnyaya n\u00fcmun\u0259 olan add\u0131mlar\u0131 dig\u0259r t\u0259brik m\u0259ktublar\u0131nda da \u00f6z \u0259ksini tap\u0131r. Bir daha s\u00fcbut olunur ki, tarixi \u0259dal\u0259t\u0259 v\u0259 beyn\u0259lxalq h\u00fcquqa s\u00f6yk\u0259n\u0259n siyas\u0259tin yol a\u00e7d\u0131\u011f\u0131 z\u0259f\u0259rl\u0259r davaml\u0131 olur. Qar\u015f\u0131dak\u0131 ill\u0259rd\u0259 qalib Az\u0259rbaycan\u0131 daha m\u00f6ht\u0259\u015f\u0259m z\u0259f\u0259rl\u0259r g\u00f6zl\u0259yir.<\/p>\n<p>Haz\u0131rk\u0131 d\u00f6vr\u00fcn q\u00fcrurverici m\u0259qamlar\u0131ndan biri d\u0259 Qaraba\u011f\u0131m\u0131z\u0131n v\u0259 \u015e\u0259rqi Z\u0259ng\u0259zurumuzun dir\u00e7\u0259lm\u0259si, soyda\u015flar\u0131m\u0131z\u0131n B\u00f6y\u00fck Qay\u0131d\u0131\u015f\u0131n\u0131n davaml\u0131 olmas\u0131d\u0131r. C\u0259nab \u0130lham \u018fliyev cari ilin 10 yanvar tarixind\u0259 yerli televiziya kanallar\u0131na m\u00fcsahib\u0259sind\u0259 bu istiqam\u0259td\u0259 g\u00f6r\u00fcl\u0259n i\u015fl\u0259r fonunda qar\u015f\u0131da dayanan h\u0259d\u0259fl\u0259ri a\u00e7\u0131qlad\u0131. Bildirdi ki, bu g\u00fcn\u0259 q\u0259d\u0259r g\u00f6r\u00fcl\u0259n i\u015fl\u0259r g\u00f6z qaba\u011f\u0131ndad\u0131r. \u018fsas nailiyy\u0259timiz odur ki, be\u015f ya\u015fay\u0131\u015f m\u0259nt\u0259q\u0259sin\u0259 ke\u00e7mi\u015f k\u00f6\u00e7k\u00fcnl\u0259r qay\u0131tm\u0131\u015flar. La\u00e7\u0131n, F\u00fczuli \u015f\u0259h\u0259rl\u0259ri, A\u011fal\u0131, Tal\u0131\u015f v\u0259 Zabux k\u0259ndl\u0259ri art\u0131q dir\u00e7\u0259lir. Bu il h\u0259min ya\u015fay\u0131\u015f m\u0259nt\u0259q\u0259l\u0259rin\u0259 ke\u00e7mi\u015f k\u00f6\u00e7k\u00fcnl\u0259rin qaytar\u0131lmas\u0131 davam ed\u0259c\u0259k: \u201cBu ilin \u0130nvestisiya Proqram\u0131 yax\u0131n g\u00fcnl\u0259rd\u0259 m\u0259nim t\u0259r\u0259fimd\u0259n t\u0259sdiq olunacaq, bir ne\u00e7\u0259 d\u0259f\u0259 art\u0131q m\u00fczakir\u0259d\u0259n ke\u00e7ib. H\u0259m Qaraba\u011fa, \u015e\u0259rqi Z\u0259ng\u0259zura, h\u0259m d\u0259 \u00f6lk\u0259mizin dig\u0259r yerl\u0259rin\u0259 aid \u0130nvestisiya Proqram\u0131 bizim \u0259sas al\u0259timizdir, b\u0259rpa \u00fc\u00e7\u00fcn \u0259sas al\u0259timizdir.\u201d<\/p>\n<p>Cari ild\u0259 icra edil\u0259c\u0259k infrastruktur layih\u0259l\u0259rin\u0259 d\u0259 x\u00fcsusi diqq\u0259t y\u00f6n\u0259ldildi. \u201cBu il Qaraba\u011fda, \u015e\u0259rqi Z\u0259ng\u0259zurda infrastruktur layih\u0259l\u0259rinin ham\u0131s\u0131 davam etdiril\u0259c\u0259k\u201d s\u00f6yl\u0259y\u0259n c\u0259nab \u0130lham \u018fliyev onu da \u0259lav\u0259 etdi ki, bunlar n\u0259h\u0259ng layih\u0259l\u0259rdir. Yax\u0131n g\u0259l\u0259c\u0259kd\u0259 F\u00fczulid\u0259ki K\u00f6nd\u0259l\u0259n\u00e7ay Su Anbar\u0131n\u0131n a\u00e7\u0131l\u0131\u015f\u0131 olacaq. \u00a0Suqovu\u015fan\u00a0 yenid\u0259n quruldu. Zabux\u00e7ay Su Anbar\u0131n\u0131n in\u015fas\u0131 bu il tamamlanacaq. Bu Su Anbar\u0131 \u00a0b\u00f6y\u00fck \u0259razini suvarma suyu il\u0259 t\u0259min ed\u0259c\u0259k: \u201cY\u0259ni, ke\u00e7mi\u015f k\u00f6\u00e7k\u00fcnl\u0259r qay\u0131danda art\u0131q orada \u0259kin-bi\u00e7in \u00fc\u00e7\u00fcn \u015f\u0259rait olmal\u0131d\u0131r. Onu da bildirm\u0259liy\u0259m ki, qay\u0131dan ke\u00e7mi\u015f k\u00f6\u00e7k\u00fcnl\u0259rin m\u0259\u015f\u011fullu\u011fu il\u0259 ba\u011fl\u0131 bizim qurumlar\u0131m\u0131z ciddi m\u0259\u015f\u011fuldur v\u0259 h\u0259m ged\u0259n\u0259 q\u0259d\u0259r onlar \u00fc\u00e7\u00fcn treninql\u0259r ke\u00e7irilir, h\u0259m d\u0259 yerl\u0259rd\u0259 yeni istehsalat sah\u0259l\u0259ri, s\u0259naye m\u00fc\u0259ssis\u0259l\u0259ri yarad\u0131l\u0131r v\u0259 yarad\u0131lacaq. A\u011fdamda v\u0259 C\u0259bray\u0131lda iki b\u00f6y\u00fck s\u0259naye zonas\u0131 art\u0131q f\u0259aliyy\u0259t\u0259 ba\u015flay\u0131b v\u0259 bu il o zonalar\u0131n f\u0259aliyy\u0259ti b\u00f6y\u00fck d\u0259r\u0259c\u0259d\u0259 geni\u015fl\u0259n\u0259c\u0259k.\u201d<\/p>\n<p>\u0130\u015f\u011faldan azad edilmi\u015f \u0259razil\u0259rimizd\u0259 q\u0131sa m\u00fcdd\u0259td\u0259\u00a0 g\u00f6r\u00fcl\u0259n i\u015fl\u0259rin miqyas\u0131n\u0131n geni\u015fliyi, soyda\u015flar\u0131m\u0131z\u0131n ya\u015fay\u0131\u015f\u0131 \u00fc\u00e7\u00fcn b\u00fct\u00fcn z\u0259ruri imkanlar\u0131n yarad\u0131lmas\u0131 ke\u00e7mi\u015f m\u0259cburi k\u00f6\u00e7k\u00fcnl\u0259rin qay\u0131d\u0131\u015f \u00fcnvanlar\u0131n\u0131n say\u0131n\u0131n daha da artmas\u0131n\u0131 \u015f\u0259rtl\u0259ndirir. Bu torpaqlarda \u00f6nc\u0259 infrastrukturun yenil\u0259nm\u0259sin\u0259, b\u0259rpas\u0131na diqq\u0259t yetirilm\u0259si onlar\u0131n malik olduqlar\u0131 iqtisadi imkanlardan maksimum istifad\u0259y\u0259 geni\u015f imkanlar yaradacaq. Bu m\u00fch\u00fcm add\u0131m\u0131 n\u0259z\u0259r\u0259 alaq ki, c\u0259nab \u0130lham \u018fliyevin F\u0259rman\u0131 il\u0259 iqtisadi rayonlar\u0131n yeni b\u00f6lg\u00fcs\u00fcn\u00fcn h\u0259yata ke\u00e7irilm\u0259si g\u0259l\u0259c\u0259kd\u0259 h\u0259r bir rayonun \u00f6lk\u0259mizin dayan\u0131ql\u0131 inki\u015faf\u0131na \u00f6z t\u00f6hf\u0259sini verm\u0259sin\u0259 stimul olacaq.<\/p>\n<p>Bu m\u00fch\u00fcm m\u0259qam daim \u00f6n\u0259 \u00e7\u0259kilir ki, i\u015f\u011faldan azad edilmi\u015f \u0259razil\u0259rimizd\u0259 \u00fc\u00e7 beyn\u0259lxalq hava liman\u0131n\u0131n tikintisi bu \u0259razil\u0259rin h\u0259m iqtisadi inki\u015faf\u0131na, h\u0259m d\u0259 turizm imkanlar\u0131n\u0131n geni\u015fl\u0259nm\u0259sin\u0259 \u00f6z m\u00fcsb\u0259t t\u0259sirini g\u00f6st\u0259r\u0259c\u0259k. Art\u0131q F\u00fczuli v\u0259 Z\u0259ngilan Beyn\u0259lxalq Hava limanlar\u0131 istifad\u0259y\u0259 verilib. La\u00e7\u0131n Beyn\u0259lxalq Hava Liman\u0131n istifad\u0259si bu ilin sonu g\u0259l\u0259n ilin \u0259vv\u0259lin\u0259 planla\u015fd\u0131r\u0131l\u0131r. M\u0259hz g\u00f6r\u00fcl\u0259n i\u015fl\u0259rin miqyas\u0131n\u0131n geni\u015fliyin\u0259 s\u00f6yk\u0259n\u0259r\u0259k d\u00f6vl\u0259t ba\u015f\u00e7\u0131s\u0131 \u0130lham \u018fliyev b\u00f6y\u00fck q\u00fcrur hissi il\u0259 bildirir: \u00a0\u201cB\u00fct\u00fcn bu infrastruktur layih\u0259l\u0259ri imkan verir ki, biz bu il daha b\u00f6y\u00fck sayda ke\u00e7mi\u015f k\u00f6\u00e7k\u00fcnl\u0259ri \u00f6z d\u0259d\u0259-baba torpaqlar\u0131na qaytaraq v\u0259 onlar\u0131n bu il qaytar\u0131lacaqlar\u0131 \u015f\u0259h\u0259rl\u0259r aras\u0131nda be\u015f \u015f\u0259h\u0259r &#8211; \u015eu\u015fa \u015f\u0259h\u0259ri, C\u0259bray\u0131l \u015f\u0259h\u0259ri, K\u0259lb\u0259c\u0259r \u015f\u0259h\u0259ri, Xank\u0259ndi \u015f\u0259h\u0259ri, Xocal\u0131 \u015f\u0259h\u0259ri olacaq. A\u011fdam, Z\u0259ngilan, Qubadl\u0131 \u015f\u0259h\u0259rl\u0259rin\u0259 is\u0259 ke\u00e7mi\u015f m\u0259cburi k\u00f6\u00e7k\u00fcnl\u0259rin 2025-ci ild\u0259 qay\u0131tmas\u0131 n\u0259z\u0259rd\u0259 tutulur. Bununla paralel olaraq bir \u00e7ox k\u0259ndl\u0259rd\u0259, &#8211; hans\u0131larda ki, m\u0259n t\u0259m\u0259l qoymu\u015fam, &#8211; orada in\u015faat davam ed\u0259c\u0259k, bir ne\u00e7\u0259 k\u0259nd\u0259 ke\u00e7mi\u015f k\u00f6\u00e7k\u00fcnl\u0259r qay\u0131dacaqlar. M\u0259s\u0259l\u0259n, La\u00e7\u0131n rayonunun Sus k\u0259ndi haz\u0131r olacaq. Ondan sonra Xocal\u0131 rayonunun K\u0259rkicahan, Mal\u0131b\u0259yli, Tur\u015fsu k\u0259ndl\u0259rinin d\u0259 b\u0259rpas\u0131na art\u0131q start veririk.\u201d<\/p>\n<p>Daim bu m\u0259qs\u0259d a\u00e7\u0131qlan\u0131r ki, B\u00f6y\u00fck Qay\u0131d\u0131\u015f Proqram\u0131n\u0131n birinci m\u0259rh\u0259l\u0259sinin icras\u0131n\u0131n ba\u015fa \u00e7ataca\u011f\u0131 ild\u0259, 2026-c\u0131 ilin sonuna q\u0259d\u0259r 140 min ke\u00e7mi\u015f k\u00f6\u00e7k\u00fcn \u00f6z d\u0259d\u0259-baba torpaqlar\u0131na qaytar\u0131lmal\u0131d\u0131r. C\u0259nab \u0130lham \u018fliyev buna nail olaca\u011f\u0131m\u0131z\u0131 b\u00f6y\u00fck \u0259minlikl\u0259 ifad\u0259 edir. \u0130\u015f\u011faldan azad edilmi\u015f \u0259razil\u0259rimizd\u0259 g\u00f6r\u00fcl\u0259n i\u015fl\u0259rin miqyas\u0131 Az\u0259rbaycan\u0131n iqtisadi imkanlar\u0131n\u0131n g\u00f6st\u0259ricisidir. B\u00fct\u00fcn i\u015fl\u0259r Az\u0259rbaycan\u0131n daxili imkanlar\u0131 hesab\u0131na h\u0259yata ke\u00e7irilir. Yaln\u0131z \u00d6zb\u0259kistan v\u0259 Qazax\u0131stan F\u00fczulid\u0259 iki m\u0259kt\u0259bin tikintisi il\u0259 ba\u011fl\u0131 Az\u0259rbaycana \u00a0qarda\u015f d\u0259st\u0259yi g\u00f6st\u0259ribl\u0259r.<\/p>\n<p>Qeyd etdiyimiz kimi, bu il soyda\u015flar\u0131m\u0131z\u0131n qay\u0131dacaqlar\u0131 \u00fcnvarnlar s\u0131ras\u0131nda \u015eu\u015fa, Xank\u0259ndi v\u0259 Xocal\u0131 \u015f\u0259h\u0259rl\u0259ri var. Tarixi Z\u0259f\u0259rimizd\u0259n bu g\u00fcn\u0259d\u0259k Qaraba\u011f\u0131n tac\u0131 \u015eu\u015fa dir\u00e7\u0259lir. \u0259vv\u0259lki simas\u0131na qay\u0131d\u0131r. \u015eu\u015fa haz\u0131rda beyn\u0259lxalq \u0259h\u0259miyy\u0259tli t\u0259dbirl\u0259r \u00fc\u00e7\u00fcn ideal m\u0259kan kimi se\u00e7ilir. D\u00f6vl\u0259t ba\u015f\u00e7\u0131s\u0131 \u0130lham \u018fliyevin i\u015f\u011faldan azad edilmi\u015f \u0259razil\u0259rimiz\u0259 \u00e7oxsayl\u0131 s\u0259f\u0259rl\u0259ri s\u0131ras\u0131nda \u015eu\u015fa s\u0259f\u0259rl\u0259ri \u00e7oxluq t\u0259\u015fkil edir. Bu g\u00fcn g\u00f6r\u00fcl\u0259n i\u015fl\u0259r M\u00fcz\u0259ff\u0259r Ali Ba\u015f Komandan \u0130lham \u018fliyevin 8 noyabr 2020-ci il tarixd\u0259 \u015eu\u015fan\u0131n i\u015f\u011faldan azad edilm\u0259si m\u00fcjd\u0259sini xalqa \u00e7atd\u0131rark\u0259n s\u00f6yl\u0259diyi \u201c\u018fziz \u015eu\u015fa, s\u0259n azadsan! \u018fziz \u015eu\u015fa, biz s\u0259ni dir\u00e7\u0259ld\u0259c\u0259yik!\u201d \u00e7a\u011f\u0131r\u0131\u015f\u0131n\u0131n reall\u0131qda t\u0259sdiqidir. \u015eu\u015fa, eyni zamanda, d\u00fcnyaya qarda\u015fl\u0131q n\u00fcmun\u0259sini t\u0259qdim ed\u0259n Az\u0259rbaycan v\u0259 T\u00fcrkiy\u0259nin dostlu\u011funun, qarda\u015fl\u0131\u011f\u0131n\u0131n v\u0259 m\u00fctt\u0259fiqliyinin t\u0259sdiqi olan B\u0259yannam\u0259nin imzalanmas\u0131na \u015fahidlik etdi. Eyni fikirl\u0259ri Xank\u0259ndi il\u0259 ba\u011fl\u0131 da qeyd ed\u0259 bil\u0259rik. \u00d6t\u0259n ilin 21 dekabr tarixind\u0259 Xank\u0259ndid\u0259 Z\u0259f\u0259r mat\u00e7\u0131 ke\u00e7irildi. C\u0259nab \u0130lham \u018fliyev oyundan \u0259vv\u0259l \u00e7\u0131x\u0131\u015f\u0131nda \u00a0\u201c\u00dc\u00e7 ay bundan \u0259vv\u0259l Xank\u0259ndi i\u015f\u011faldan azad edildi. Birg\u00fcnl\u00fck antiterror \u0259m\u0259liyyat\u0131 n\u0259tic\u0259sind\u0259 Az\u0259rbaycan \u00f6z d\u00f6vl\u0259t suverenliyini tam t\u0259min etmi\u015fdir, bu g\u00fcn b\u00fct\u00fcn Qaraba\u011f b\u00f6lg\u0259sind\u0259 Az\u0259rbaycan Bayra\u011f\u0131 dal\u011falan\u0131r. Bu, b\u00f6y\u00fck tarixi hadis\u0259dir v\u0259 bu tarix bizim q\u0259lbimizd\u0259 \u0259b\u0259di ya\u015fayacaq. Az\u0259rbaycan xalq\u0131, d\u00fcnya az\u0259rbaycanl\u0131lar\u0131 bu Z\u0259f\u0259r il\u0259 bundan sonra \u0259b\u0259di f\u0259xr ed\u0259c\u0259kl\u0259r\u201d fikirl\u0259rinin davam\u0131 olaraq bu reall\u0131\u011f\u0131 da diqq\u0259t\u0259 \u00e7atd\u0131rd\u0131 ki, biz bu torpaqlar\u0131n sahibl\u0259ri qurub-yarad\u0131r\u0131q. Xank\u0259ndi \u015f\u0259h\u0259rind\u0259, Xocal\u0131da, i\u015f\u011faldan azad edilmi\u015f dig\u0259r \u0259razil\u0259rd\u0259 geni\u015f quruculuq-abadl\u0131q i\u015fl\u0259ri apar\u0131l\u0131r: \u201cBu stadion c\u0259mi iki ay \u0259rzind\u0259, dem\u0259k olar ki, yenid\u0259n in\u015fa edilmi\u015fdir, \u0259sasl\u0131 t\u0259mir olunmu\u015fdur. Separatizm simvolikas\u0131n\u0131 \u0259ks etdir\u0259n b\u00fct\u00fcn yaz\u0131lar art\u0131q tarixin zibilxanas\u0131na at\u0131ld\u0131.\u201d M\u00fcz\u0259ff\u0259r Ali Ba\u015f Komandan \u0130lham \u018fliyev b\u00f6y\u00fck q\u00fcrur hissi il\u0259 bu \u00e7a\u011f\u0131r\u0131\u015f\u0131 etdi ki, bundan sonra bu torpaqlarda Az\u0259rbaycan Bayra\u011f\u0131 \u0259b\u0259di dal\u011falanacaq. Biz az\u0259rbaycanl\u0131lar burada \u0259b\u0259di ya\u015fayaca\u011f\u0131q!<\/p>\n<p>Xank\u0259ndid\u0259, Xocal\u0131da q\u0131sa zamanda g\u00f6r\u00fcl\u0259n i\u015fl\u0259r cari ild\u0259 soyda\u015flar\u0131m\u0131z\u0131 do\u011fma yurd-yuvalar\u0131na qovu\u015fduracaq. Tezlikl\u0259 Xocal\u0131da 50 evin \u00e7\u0131ra\u011f\u0131n\u0131n yanaca\u011f\u0131 bildirilir. Haz\u0131rda \u0259sas i\u015fl\u0259r Xocal\u0131n\u0131n m\u0259rk\u0259zind\u0259n ke\u00e7\u0259n magistral yolun \u0259traf\u0131nda gedir. O da bildirilir ki, Xocal\u0131da rabit\u0259-kommunikasiya sisteminin qurulmas\u0131 i\u015fl\u0259rinin t\u0259xmin\u0259n 70 faizi ba\u015fa \u00e7at\u0131b.<\/p>\n<p>Art\u0131q g\u00f6r\u00fcnd\u00fcy\u00fc kimi, 140 min sakinin 2026-c\u0131 ilin sonuna q\u0259d\u0259r do\u011fma yurd-yuvas\u0131na qay\u0131tmas\u0131 \u00fc\u00e7\u00fcn n\u0259z\u0259rd\u0259 tutulan b\u00fct\u00fcn i\u015fl\u0259r zaman\u0131nda v\u0259 y\u00fcks\u0259k s\u0259viyy\u0259d\u0259 h\u0259yata ke\u00e7irilir.\u00a0 7 fevral prezident se\u00e7kil\u0259rind\u0259n sonra yeni d\u00f6vr\u0259 q\u0259d\u0259m qoyan Az\u0259rbaycan\u0131n yeni h\u0259d\u0259fl\u0259ri s\u0131ras\u0131nda dayan\u0131ql\u0131 iqtisadi inki\u015faf ba\u015fl\u0131ca amildir. \u00c7\u00fcnki \u00a0Az\u0259rbaycan\u0131n g\u00fccl\u00fc iqtisadiyyat\u0131 m\u00fcst\u0259qil xarici siyas\u0259t kursu h\u0259yata ke\u00e7irm\u0259y\u0259 imkan yarad\u0131r. Son 20 ilin u\u011furlar\u0131 bunu b\u00f6y\u00fck \u0259minlikl\u0259 s\u00f6yl\u0259m\u0259y\u0259 \u0259sas verir.<\/p>\n","protected":false},"excerpt":{"rendered":"<p>D\u00f6vl\u0259t ba\u015f\u00e7\u0131s\u0131 \u0130lham \u018fliyev daim b\u00f6y\u00fck q\u00fcrur hissi il\u0259 bu \u00e7a\u011f\u0131r\u0131\u015f\u0131 qeyd edir ki, bundan sonra bu torpaqlarda Az\u0259rbaycan Bayra\u011f\u0131 \u0259b\u0259di dal\u011falanacaq &nbsp; 7 fevral 2024-c\u00fc il tarixd\u0259 ke\u00e7iril\u0259n prezident se\u00e7kil\u0259ri art\u0131q tarix\u0259 qovu\u015fdu. M\u0259rk\u0259zi Se\u00e7ki Komissiyas\u0131n\u0131n (MSK) fevral\u0131n 11-d\u0259 ke\u00e7iril\u0259n iclas\u0131nda n\u00f6vb\u0259d\u0259nk\u0259nar prezident se\u00e7kil\u0259rinin n\u0259tic\u0259l\u0259rin\u0259 dair protokolun m\u00fcvafiq s\u0259n\u0259dl\u0259rl\u0259 birlikd\u0259 Konstitusiya M\u0259hk\u0259m\u0259sin\u0259 t\u0259qdim edilm\u0259si il\u0259 ba\u011fl\u0131 m\u0259s\u0259l\u0259\u00a0t\u0259sdiql\u0259ndi.\u00a0 Prezidenti \u0130lham \u018fliyev fevral\u0131n 7-d\u0259 ke\u00e7iril\u0259n se\u00e7kil\u0259rd\u0259 s\u0259sl\u0259rin 92.12 faizini (4 milyon 567 mind\u0259n \u00e7ox) toplayaraq q\u0259l\u0259b\u0259 qazand\u0131. Fevral\u0131n 13-d\u0259 prezident se\u00e7kil\u0259rinin yekunlar\u0131na dair MSK-n\u0131n protokolunun t\u0259sdiql\u0259nm\u0259si v\u0259 se\u00e7kil\u0259rin n\u0259tic\u0259l\u0259ri il\u0259 ba\u011fl\u0131&hellip;<\/p>\n","protected":false},"author":2,"featured_media":690040,"comment_status":"closed","ping_status":"closed","sticky":false,"template":"","format":"standard","meta":{"om_disable_all_campaigns":false,"_monsterinsights_skip_tracking":false,"_monsterinsights_sitenote_active":false,"_monsterinsights_sitenote_note":"","_monsterinsights_sitenote_category":0},"categories":[19],"tags":[],"aioseo_notices":[],"gutentor_comment":0,"rttpg_featured_image_url":{"full":["https:\/\/arantv.az\/wp-content\/uploads\/2024\/02\/8a7129b8170774483261977975210598866.jpg",975,540,false],"landscape":["https:\/\/arantv.az\/wp-content\/uploads\/2024\/02\/8a7129b8170774483261977975210598866.jpg",975,540,false],"portraits":["https:\/\/arantv.az\/wp-content\/uploads\/2024\/02\/8a7129b8170774483261977975210598866.jpg",975,540,false],"thumbnail":["https:\/\/arantv.az\/wp-content\/uploads\/2024\/02\/8a7129b8170774483261977975210598866-500x280.jpg",500,280,true],"medium":["https:\/\/arantv.az\/wp-content\/uploads\/2024\/02\/8a7129b8170774483261977975210598866-660x365.jpg",660,365,true],"large":["https:\/\/arantv.az\/wp-content\/uploads\/2024\/02\/8a7129b8170774483261977975210598866-840x465.jpg",640,354,true],"1536x1536":["https:\/\/arantv.az\/wp-content\/uploads\/2024\/02\/8a7129b8170774483261977975210598866.jpg",975,540,false],"2048x2048":["https:\/\/arantv.az\/wp-content\/uploads\/2024\/02\/8a7129b8170774483261977975210598866.jpg",975,540,false],"post-thumbnail":["https:\/\/arantv.az\/wp-content\/uploads\/2024\/02\/8a7129b8170774483261977975210598866-240x172.jpg",240,172,true],"advps-thumb-one":["https:\/\/arantv.az\/wp-content\/uploads\/2024\/02\/8a7129b8170774483261977975210598866.jpg",975,540,false]},"rttpg_author":{"display_name":"V\u00fcsal Rafiqo\u011flu","author_link":"https:\/\/arantv.az\/?author=2"},"rttpg_comment":0,"rttpg_category":"<a href=\"https:\/\/arantv.az\/?cat=19\" rel=\"category\">G\u00fcnd\u0259m<\/a>","rttpg_excerpt":"D\u00f6vl\u0259t ba\u015f\u00e7\u0131s\u0131 \u0130lham \u018fliyev daim b\u00f6y\u00fck q\u00fcrur hissi il\u0259 bu \u00e7a\u011f\u0131r\u0131\u015f\u0131 qeyd edir ki, bundan sonra bu torpaqlarda Az\u0259rbaycan Bayra\u011f\u0131 \u0259b\u0259di dal\u011falanacaq &nbsp; 7 fevral 2024-c\u00fc il tarixd\u0259 ke\u00e7iril\u0259n prezident se\u00e7kil\u0259ri art\u0131q tarix\u0259 qovu\u015fdu. M\u0259rk\u0259zi Se\u00e7ki Komissiyas\u0131n\u0131n (MSK) fevral\u0131n 11-d\u0259 ke\u00e7iril\u0259n iclas\u0131nda n\u00f6vb\u0259d\u0259nk\u0259nar prezident se\u00e7kil\u0259rinin n\u0259tic\u0259l\u0259rin\u0259 dair protokolun m\u00fcvafiq s\u0259n\u0259dl\u0259rl\u0259 birlikd\u0259 Konstitusiya M\u0259hk\u0259m\u0259sin\u0259 t\u0259qdim edilm\u0259si&hellip;","_links":{"self":[{"href":"https:\/\/arantv.az\/index.php?rest_route=\/wp\/v2\/posts\/690039"}],"collection":[{"href":"https:\/\/arantv.az\/index.php?rest_route=\/wp\/v2\/posts"}],"about":[{"href":"https:\/\/arantv.az\/index.php?rest_route=\/wp\/v2\/types\/post"}],"author":[{"embeddable":true,"href":"https:\/\/arantv.az\/index.php?rest_route=\/wp\/v2\/users\/2"}],"replies":[{"embeddable":true,"href":"https:\/\/arantv.az\/index.php?rest_route=%2Fwp%2Fv2%2Fcomments&post=690039"}],"version-history":[{"count":0,"href":"https:\/\/arantv.az\/index.php?rest_route=\/wp\/v2\/posts\/690039\/revisions"}],"wp:featuredmedia":[{"embeddable":true,"href":"https:\/\/arantv.az\/index.php?rest_route=\/wp\/v2\/media\/690040"}],"wp:attachment":[{"href":"https:\/\/arantv.az\/index.php?rest_route=%2Fwp%2Fv2%2Fmedia&parent=690039"}],"wp:term":[{"taxonomy":"category","embeddable":true,"href":"https:\/\/arantv.az\/index.php?rest_route=%2Fwp%2Fv2%2Fcategories&post=690039"},{"taxonomy":"post_tag","embeddable":true,"href":"https:\/\/arantv.az\/index.php?rest_route=%2Fwp%2Fv2%2Ftags&post=690039"}],"curies":[{"name":"wp","href":"https:\/\/api.w.org\/{rel}","templated":true}]}}