{"id":690042,"date":"2024-02-13T10:22:21","date_gmt":"2024-02-13T06:22:21","guid":{"rendered":"https:\/\/arantv.az\/?p=690042"},"modified":"2024-02-13T10:22:21","modified_gmt":"2024-02-13T06:22:21","slug":"haylar-n%c9%99d%c9%99n-qorxur","status":"publish","type":"post","link":"https:\/\/arantv.az\/?p=690042","title":{"rendered":"Haylar n\u0259d\u0259n qorxur?.."},"content":{"rendered":"<p>7 fevral 2024-c\u00fc ilin n\u00f6vb\u0259d\u0259nk\u0259nar prezident se\u00e7kil\u0259ri Az\u0259rbaycan tarixin\u0259 Z\u0259f\u0259r se\u00e7kisi kimi daxil oldu. XXI \u0259srin d\u00fcnya liderl\u0259ri aras\u0131nda x\u00fcsusi yeri v\u0259 m\u00f6vqeyi il\u0259 se\u00e7il\u0259n, \u00f6z xalq\u0131na tarixi z\u0259f\u0259rl\u0259r qa\u00adzand\u0131ran c\u0259nab \u0130lham \u018fliyev d\u00fcnyan\u0131n g\u00f6z\u00fc qar\u015f\u0131s\u0131nda 92,12% s\u0259sl\u0259 se\u00e7kil\u0259rin qalibi oldu. Bu prosesi d\u00fcnyan\u0131n apar\u0131c\u0131 m\u0259tbuat orqanlar\u0131, h\u0259m\u00e7inin televiziya kanallar\u0131 geni\u015f i\u015f\u0131qland\u0131rd\u0131. D\u00fcnya liderleri h\u0259m t\u0259brik m\u0259ktublar\u0131, h\u0259m d\u0259 telefon z\u0259ngl\u0259ri il\u0259 bu se\u00e7imin onlar\u0131n da \u00fcr\u0259yinc\u0259 oldu\u011funu vur\u011fulad\u0131lar v\u0259 Az\u0259rbaycan Liderin\u0259 g\u0259l\u0259c\u0259k i\u015fl\u0259rind\u0259 u\u011furlar dil\u0259dil\u0259r.<\/p>\n<p>C\u0259nab \u0130lham \u018fliyevin qalib olmas\u0131na sevin\u0259n erm\u0259nil\u0259r d\u0259 az deyil. M\u0259s\u0259l\u0259n, bir qrup erm\u0259ni f\u0259al\u0131 \u00a0d\u00f6vl\u0259timizin ba\u015f\u00e7\u0131s\u0131n\u0131 h\u0259m rus, h\u0259m d\u0259 Az\u0259rbaycan dill\u0259rind\u0259 t\u0259brik etdill\u0259r. Amma Erm\u0259nistan\u0131n b\u0259zi siyas\u0259t\u00e7il\u0259ri sanki t\u0259la\u015f i\u00e7\u0259risind\u0259dirl\u0259r. Odur ki, onlar\u00a0 n\u00f6vb\u0259ti yalan ma\u015f\u0131nlar\u0131n\u0131 yenid\u0259n i\u015f\u0259 sal\u0131blar. Bel\u0259 ki, Erm\u0259nistan Xarici \u0130\u015fl\u0259r Nazirliyinin r\u0259smisi Edmond Marukyan \u00f6lk\u0259mizd\u0259 ke\u00e7iril\u0259n prezident se\u00e7kil\u0259ri il\u0259 ba\u011fl\u0131 savads\u0131z, sarsaq v\u0259 t\u0259xribat\u00e7\u0131 a\u00e7\u0131qlama verib. Sosioloq, \u00a0Az\u0259rbaycan\u015f\u00fcnas Armine Adibekyan is\u0259 erm\u0259ni medias\u0131na bel\u0259 deyib: \u201c\u0130lham \u018fliyevin yenid\u0259n prezident se\u00e7ilm\u0259si g\u00f6zl\u0259nilirdi. Bunun s\u0259b\u0259bi q\u0259bul edil\u0259n siyas\u0259ti davam etdirm\u0259k v\u0259 m\u0259ntiqi sonlu\u011fa \u00e7atd\u0131rmaqd\u0131r. \u018fsas plan is\u0259 Erm\u0259nistan\u0131n m\u0259hv edilm\u0259sidir\u201d. H\u0259tta o, iddia edib ki, guya Az\u0259rbaycan Silahl\u0131 Q\u00fcvv\u0259l\u0259rinin Ali Ba\u015f Komandan\u0131n\u0131n r\u0259hb\u0259rliyi alt\u0131nda Cermuk sektorundan ba\u015flayaraq Mehriy\u0259 kimi ba\u015f tutacaq h\u0259rbi \u0259m\u0259liyyatlar\u0131n b\u0259rpas\u0131 g\u00f6zl\u0259nilir.<\/p>\n<p>Armine Adibekyan\u0131n isterika i\u00e7ind\u0259 olmas\u0131 \u0259sla ba\u015fad\u00fc\u015f\u00fcl\u0259n deyil. \u00c7\u00fcnki n\u0259 Az\u0259rbaycan Erm\u0259nistan \u0259razisin\u0259 h\u00fccum etm\u0259k niyy\u0259tind\u0259dir, n\u0259 d\u0259 bel\u0259 bir plan\u0131 var. Bir s\u00f6zl\u0259, \u0259razisini erm\u0259ni separat\u00e7\u0131lar\u0131ndan t\u0259mizl\u0259mi\u015f, \u0259razi b\u00fct\u00f6vl\u00fcy\u00fcn\u00fc v\u0259 suverenliyini tam b\u0259rpa etmi\u015f Az\u0259rbaycan \u00fc\u00e7\u00fcn he\u00e7 bir\u00a0 h\u0259rbi \u0259m\u0259liyyat g\u00fcnd\u0259md\u0259 deyil. \u0130ndiy\u0259 q\u0259d\u0259r d\u0259 Az\u0259rbaycan Ordusu Erm\u0259nistan \u0259razisin\u0259 girm\u0259yib. Sad\u0259c\u0259, ikili standartlardan bez\u0259n Az\u0259rbaycan beyn\u0259lxalq al\u0259m t\u0259r\u0259find\u0259n tan\u0131nan m\u00f6vcud s\u0259rh\u0259dl\u0259ri daxilind\u0259 BMT Nizamnam\u0259sin\u0259 uy\u011fun olaraq davran\u0131b v\u0259 suverenliyini tam b\u0259rpa edib. Bu m\u0259nada r\u0259smi Bak\u0131 Erm\u0259nistandan f\u0259rqli olaraq \u00fcmumiyy\u0259tl\u0259, b\u00f6g\u0259d\u0259 m\u00fcharib\u0259 ist\u0259mir. Y\u0259ni, Az\u0259rbaycan s\u00fclh prosesin\u0259 sadiqdir. Prezident \u0130lham \u018fliyev d\u0259 \u00e7\u0131x\u0131\u015flar\u0131nda bunu d\u0259f\u0259l\u0259rl\u0259\u00a0 vur\u011fulay\u0131b. T\u0259\u0259ss\u00fcf ki, Q\u0259rbin sifari\u015fi il\u0259 Erm\u0259nistanda bununla ba\u011fl\u0131 saxta t\u0259bli\u011fatlar apar\u0131lmaqdad\u0131r. Siyas\u0259t\u00e7il\u0259rimiz is\u0259 sad\u0259c\u0259, Erm\u0259nistan\u0131n \u0259ks\u0259r \u0259razil\u0259rinin vaxt\u0131 il\u0259 Az\u0259rbaycana m\u0259xsus oldu\u011funu deyirl\u0259r v\u0259 bu m\u0259s\u0259l\u0259d\u0259 d\u0259 haql\u0131d\u0131rlar. Y\u0259qin Adibekyan bilm\u0259mi\u015f deyil ki, 1918-1920-ci il\u00adl\u0259rd\u0259 \u00a0yarad\u0131lm\u0131\u015f \u00a0Erm\u0259nistan d\u00f6vl\u0259tinin \u0259razisi 9 min kvadratkilometr olub v\u0259 bunu t\u0259sdiq ed\u0259n kifay\u0259t q\u0259d\u0259r faktlar var. 20 min kvadratkilometrlik \u0259razi Erm\u0259nistana sonradan verilib.<\/p>\n<p>El\u0259 h\u0259min a\u00e7\u0131qlamas\u0131nda sosioloq Armine Adibekyan guya Az\u0259rbaycan\u0131n \u201cs\u00fclh m\u00fcqavil\u0259si\u201d adlanan m\u00fcqavil\u0259nin imzalanmas\u0131n\u0131 l\u0259ngitm\u0259sini d\u0259 vur\u011fulay\u0131b. Amma \u0259sl h\u0259qiq\u0259td\u0259 is\u0259 s\u00fclh m\u0259s\u0259l\u0259sind\u0259\u00a0 problem yaradan Erm\u0259nistand\u0131r. T\u0259cav\u00fczkar \u00f6lk\u0259 dild\u0259 s\u00fclh, bar\u0131\u015f\u0131q t\u0259r\u0259fdar\u0131 oldu\u011funu b\u0259yan ets\u0259 d\u0259, altdan-altdan t\u0259z\u0259d\u0259n silahlanmaq yolu tutub. Bununla da \u00f6z i\u015f\u011fla\u00e7\u0131l\u0131q siyas\u0259tini davam etdirm\u0259kd\u0259 israrl\u0131 oldu\u011funu a\u00e7\u0131q-ayd\u0131n g\u00f6st\u0259rir. Az\u0259rbaycan Prezidentinin x\u00fcsusi tap\u015f\u0131r\u0131qlar \u00fczr\u0259 n\u00fcmay\u0259nd\u0259si El\u00e7in \u018fmirb\u0259yovun dediyi kimi, Az\u0259rbaycan t\u0259r\u0259find\u0259n t\u0259hl\u00fck\u0259 mifini \u015fi\u015fird\u0259n Erm\u0259nistan bizim \u0259razi b\u00fct\u00f6vl\u00fcy\u00fcm\u00fcz\u0259 \u201cde-fakto\u201d q\u0259sd etm\u0259kd\u0259 davam edir: \u201c\u00d6lk\u0259miz\u0259 qar\u015f\u0131 \u0259razi iddialar\u0131n\u0131n qalmas\u0131 il\u0259 paralel olaraq, Az\u0259rbaycandan g\u0259l\u0259n t\u0259hl\u00fck\u0259 bar\u0259d\u0259 c\u0259f\u0259ng \u015fayi\u0259l\u0259rin q\u0259sd\u0259n yay\u0131lmas\u0131 t\u0259kc\u0259 hiyl\u0259g\u0259rlik deyil, h\u0259m d\u0259 sonu g\u00f6r\u00fcnm\u0259y\u0259n bir yoldur\u201d.<\/p>\n<p>\u0130r\u0259van\u0131n \u0259lav\u0259 vaxt udmaq niyy\u0259ti g\u00fcd\u0259n konstitusiya d\u0259yi\u015fiklikl\u0259ri m\u0259s\u0259l\u0259si \u0259traf\u0131nda ikili oyunu da t\u0259sad\u00fcfi deyil. H\u0259tta bu m\u00f6vzuda bir hay\u0131n dediyini o biri hay t\u0259kzib edir. R\u0259smi Bak\u0131n\u0131n\u00a0 konkret t\u0259l\u0259bl\u0259ri var v\u0259 onlar\u0131n ham\u0131s\u0131 h\u00fcquqi c\u0259h\u0259td\u0259n \u0259sasland\u0131r\u0131l\u0131b. \u0130r\u0259van is\u0259 h\u0259r d\u0259f\u0259 bir b\u0259han\u0259 il\u0259 m\u0259s\u0259l\u0259d\u0259n yay\u0131nma\u011fa \u00e7al\u0131\u015f\u0131r.<\/p>\n<p>Armine Adibekyan\u0131n \u201c\u018fsas plan\u00a0 Erm\u0259nistan\u0131n m\u0259hv edilm\u0259sidir\u201d fikrin\u0259 g\u0259ldikd\u0259 is\u0259\u2026 Bu g\u00fcn Erm\u0259nistan\u0131 m\u0259hv ed\u0259nl\u0259r art\u0131q d\u00fcnyaya b\u0259llidir. Onlar\u0131n \u00f6n\u00fcnd\u0259 Fransa g\u0259lir ki, bu d\u00f6vl\u0259t \u00f6z maraqlar\u0131 namin\u0259, y\u0259ni C\u0259nubi Qafqazda m\u00f6hk\u0259ml\u0259nm\u0259k niyy\u0259tin\u0259 Erm\u0259nistan\u0131 qurban se\u00e7ib. H\u0259tta Erm\u0259nistan\u0131 \u00f6z m\u00fcst\u0259ml\u0259k\u0259sin\u0259 \u00e7evirib. T\u0259\u0259ss\u00fcf ki, t\u0259cav\u00fczkar \u00f6lk\u0259 h\u0259l\u0259 d\u0259 bu adi reall\u0131\u011f\u0131 d\u0259rk etm\u0259k ist\u0259mir. G\u00f6r\u00fcn\u00fcr, t\u0259cav\u00fczkar \u00f6lk\u0259 h\u0259l\u0259 d\u0259 z\u0259f\u0259rl\u0259rimizd\u0259n sonra d\u00fc\u015fd\u00fcy\u00fc \u201ckoma\u201ddan ay\u0131la bilmir.<\/p>\n<p>\u015e\u00fcbh\u0259siz, n\u00f6vb\u0259ti 7 ild\u0259 d\u0259 \u00f6lk\u0259mizi \u00a0b\u00f6y\u00fck h\u0259d\u0259fl\u0259r g\u00f6z\u00adl\u0259yir: d\u00f6vl\u0259timizin m\u00fcst\u0259qilliyini m\u00f6h\u00adk\u0259ml\u0259ndirm\u0259k, azad edilmi\u015f \u0259razil\u0259ri minalardan t\u0259mizl\u0259m\u0259k, \u00a0g\u00fcn\u00fcn t\u0259l\u0259bl\u0259ri s\u0259viyy\u0259sind\u0259 b\u0259rpa etm\u0259k, B\u00f6y\u00fck Qay\u0131d\u0131\u015f\u0131 tamamil\u0259 ger\u00e7\u0259kl\u0259\u015fdirm\u0259k, sosial-iqtisadi inki\u015faf\u0131 s\u00fcr\u0259tl\u0259ndir\u0259r\u0259k \u0259halinin maddi rifah\u0131n\u0131 daha da yax\u015f\u0131la\u015fd\u0131rmaq, \u0259n \u0259sas\u0131 Az\u0259rbaycan\u0131 daha qabaqc\u0131l \u00f6lk\u0259y\u0259 \u00e7evirm\u0259k. R\u0259smi Bak\u0131n\u0131n b\u00fct\u00fcn bunlara da nail olaca\u011f\u0131 \u015f\u0259ksizdir.<\/p>\n","protected":false},"excerpt":{"rendered":"<p>7 fevral 2024-c\u00fc ilin n\u00f6vb\u0259d\u0259nk\u0259nar prezident se\u00e7kil\u0259ri Az\u0259rbaycan tarixin\u0259 Z\u0259f\u0259r se\u00e7kisi kimi daxil oldu. XXI \u0259srin d\u00fcnya liderl\u0259ri aras\u0131nda x\u00fcsusi yeri v\u0259 m\u00f6vqeyi il\u0259 se\u00e7il\u0259n, \u00f6z xalq\u0131na tarixi z\u0259f\u0259rl\u0259r qa\u00adzand\u0131ran c\u0259nab \u0130lham \u018fliyev d\u00fcnyan\u0131n g\u00f6z\u00fc qar\u015f\u0131s\u0131nda 92,12% s\u0259sl\u0259 se\u00e7kil\u0259rin qalibi oldu. Bu prosesi d\u00fcnyan\u0131n apar\u0131c\u0131 m\u0259tbuat orqanlar\u0131, h\u0259m\u00e7inin televiziya kanallar\u0131 geni\u015f i\u015f\u0131qland\u0131rd\u0131. D\u00fcnya liderleri h\u0259m t\u0259brik m\u0259ktublar\u0131, h\u0259m d\u0259 telefon z\u0259ngl\u0259ri il\u0259 bu se\u00e7imin onlar\u0131n da \u00fcr\u0259yinc\u0259 oldu\u011funu vur\u011fulad\u0131lar v\u0259 Az\u0259rbaycan Liderin\u0259 g\u0259l\u0259c\u0259k i\u015fl\u0259rind\u0259 u\u011furlar dil\u0259dil\u0259r. C\u0259nab \u0130lham \u018fliyevin qalib olmas\u0131na sevin\u0259n erm\u0259nil\u0259r d\u0259 az deyil. M\u0259s\u0259l\u0259n, bir qrup erm\u0259ni&hellip;<\/p>\n","protected":false},"author":2,"featured_media":690043,"comment_status":"closed","ping_status":"closed","sticky":false,"template":"","format":"standard","meta":{"om_disable_all_campaigns":false,"_monsterinsights_skip_tracking":false,"_monsterinsights_sitenote_active":false,"_monsterinsights_sitenote_note":"","_monsterinsights_sitenote_category":0},"categories":[19],"tags":[],"aioseo_notices":[],"gutentor_comment":0,"rttpg_featured_image_url":{"full":["https:\/\/arantv.az\/wp-content\/uploads\/2024\/02\/288cd256164308964950684643110979430.jpg",975,540,false],"landscape":["https:\/\/arantv.az\/wp-content\/uploads\/2024\/02\/288cd256164308964950684643110979430.jpg",975,540,false],"portraits":["https:\/\/arantv.az\/wp-content\/uploads\/2024\/02\/288cd256164308964950684643110979430.jpg",975,540,false],"thumbnail":["https:\/\/arantv.az\/wp-content\/uploads\/2024\/02\/288cd256164308964950684643110979430-500x280.jpg",500,280,true],"medium":["https:\/\/arantv.az\/wp-content\/uploads\/2024\/02\/288cd256164308964950684643110979430-660x365.jpg",660,365,true],"large":["https:\/\/arantv.az\/wp-content\/uploads\/2024\/02\/288cd256164308964950684643110979430-840x465.jpg",640,354,true],"1536x1536":["https:\/\/arantv.az\/wp-content\/uploads\/2024\/02\/288cd256164308964950684643110979430.jpg",975,540,false],"2048x2048":["https:\/\/arantv.az\/wp-content\/uploads\/2024\/02\/288cd256164308964950684643110979430.jpg",975,540,false],"post-thumbnail":["https:\/\/arantv.az\/wp-content\/uploads\/2024\/02\/288cd256164308964950684643110979430-240x172.jpg",240,172,true],"advps-thumb-one":["https:\/\/arantv.az\/wp-content\/uploads\/2024\/02\/288cd256164308964950684643110979430.jpg",975,540,false]},"rttpg_author":{"display_name":"V\u00fcsal Rafiqo\u011flu","author_link":"https:\/\/arantv.az\/?author=2"},"rttpg_comment":0,"rttpg_category":"<a href=\"https:\/\/arantv.az\/?cat=19\" rel=\"category\">G\u00fcnd\u0259m<\/a>","rttpg_excerpt":"7 fevral 2024-c\u00fc ilin n\u00f6vb\u0259d\u0259nk\u0259nar prezident se\u00e7kil\u0259ri Az\u0259rbaycan tarixin\u0259 Z\u0259f\u0259r se\u00e7kisi kimi daxil oldu. XXI \u0259srin d\u00fcnya liderl\u0259ri aras\u0131nda x\u00fcsusi yeri v\u0259 m\u00f6vqeyi il\u0259 se\u00e7il\u0259n, \u00f6z xalq\u0131na tarixi z\u0259f\u0259rl\u0259r qa\u00adzand\u0131ran c\u0259nab \u0130lham \u018fliyev d\u00fcnyan\u0131n g\u00f6z\u00fc qar\u015f\u0131s\u0131nda 92,12% s\u0259sl\u0259 se\u00e7kil\u0259rin qalibi oldu. Bu prosesi d\u00fcnyan\u0131n apar\u0131c\u0131 m\u0259tbuat orqanlar\u0131, h\u0259m\u00e7inin televiziya kanallar\u0131 geni\u015f i\u015f\u0131qland\u0131rd\u0131. D\u00fcnya liderleri h\u0259m&hellip;","_links":{"self":[{"href":"https:\/\/arantv.az\/index.php?rest_route=\/wp\/v2\/posts\/690042"}],"collection":[{"href":"https:\/\/arantv.az\/index.php?rest_route=\/wp\/v2\/posts"}],"about":[{"href":"https:\/\/arantv.az\/index.php?rest_route=\/wp\/v2\/types\/post"}],"author":[{"embeddable":true,"href":"https:\/\/arantv.az\/index.php?rest_route=\/wp\/v2\/users\/2"}],"replies":[{"embeddable":true,"href":"https:\/\/arantv.az\/index.php?rest_route=%2Fwp%2Fv2%2Fcomments&post=690042"}],"version-history":[{"count":0,"href":"https:\/\/arantv.az\/index.php?rest_route=\/wp\/v2\/posts\/690042\/revisions"}],"wp:featuredmedia":[{"embeddable":true,"href":"https:\/\/arantv.az\/index.php?rest_route=\/wp\/v2\/media\/690043"}],"wp:attachment":[{"href":"https:\/\/arantv.az\/index.php?rest_route=%2Fwp%2Fv2%2Fmedia&parent=690042"}],"wp:term":[{"taxonomy":"category","embeddable":true,"href":"https:\/\/arantv.az\/index.php?rest_route=%2Fwp%2Fv2%2Fcategories&post=690042"},{"taxonomy":"post_tag","embeddable":true,"href":"https:\/\/arantv.az\/index.php?rest_route=%2Fwp%2Fv2%2Ftags&post=690042"}],"curies":[{"name":"wp","href":"https:\/\/api.w.org\/{rel}","templated":true}]}}