{"id":690048,"date":"2024-02-13T10:23:38","date_gmt":"2024-02-13T06:23:38","guid":{"rendered":"https:\/\/arantv.az\/?p=690048"},"modified":"2024-02-13T10:23:38","modified_gmt":"2024-02-13T06:23:38","slug":"etiraf-m%c9%99d%c9%99niyy%c9%99tsizliyi","status":"publish","type":"post","link":"https:\/\/arantv.az\/?p=690048","title":{"rendered":"Etiraf m\u0259d\u0259niyy\u0259t(sizliy)i&#8230;"},"content":{"rendered":"<p><u><strong>K\u00fcnc z\u0259rb\u0259si<\/strong><\/u><\/p>\n<p><em><strong>Radikal m\u00fcxalif\u0259t qat\u0131lmad\u0131\u011f\u0131 se\u00e7kil\u0259r haqq\u0131nda b\u00f6htan kampaniyas\u0131n\u0131n sifari\u015fini haradan al\u0131r?<\/strong><\/em><\/p>\n<p>H\u0259r iki n\u0259tic\u0259 g\u00f6zl\u0259nil\u0259n idi \u2013 Az\u0259rbaycan xalq\u0131n\u0131n irad\u0259 v\u0259 birlik n\u00fcmayi\u015f etdir\u0259r\u0259k, dem\u0259k olar ki, yekdillikl\u0259 \u00f6z layiqli Liderin\u0259 n\u00f6vb\u0259ti d\u0259f\u0259 etimad g\u00f6st\u0259rm\u0259si d\u0259. Radikal m\u00fcxalif\u0259tin xalq\u0131n yan\u0131nda olmaq \u0259v\u0259zin\u0259 h\u0259mi\u015f\u0259ki kimi Az\u0259rbaycana d\u00fc\u015fm\u0259n dair\u0259l\u0259rin sifari\u015fl\u0259rini yerin\u0259 yetirm\u0259k m\u0259qs\u0259dil\u0259 b\u00f6htan v\u0259 qarayaxma kampaniyas\u0131n\u0131 geni\u015fl\u0259ndirm\u0259si d\u0259. Fevral\u0131n 7-d\u0259 ke\u00e7irilmi\u015f prezident se\u00e7kil\u0259ri bir reall\u0131\u011f\u0131 da ortaya \u00e7\u0131xard\u0131 ki, \u00f6zl\u0259rini \u201csiyas\u0259t\u00e7i\u201d adland\u0131ran \u0259li k\u0259rimlil\u0259r, arif hac\u0131l\u0131lar v\u0259 onlar\u0131n \u0259lalt\u0131lar\u0131 sa\u011flam d\u00fc\u015f\u00fcnc\u0259, etiraf m\u0259d\u0259niyy\u0259ti kimi h\u0259r bir normal siyas\u0259t\u00e7i \u00fc\u00e7\u00fcn laz\u0131m olan keyfiyy\u0259tl\u0259ri d\u0259 p\u0259r\u0259sti\u015f etdikl\u0259ri Q\u0259rb \u201cdemokratlar\u0131na\u201d d\u0259y\u0259r-d\u0259ym\u0259zin\u0259 sat\u0131blar. Bel\u0259 olmasayd\u0131, se\u00e7kil\u0259rd\u0259 prezidentlik postu u\u011frunda m\u00fcbariz\u0259d\u0259 i\u015ftirak ed\u0259r, uduzacaqlar\u0131 t\u0259qdird\u0259 is\u0259 Az\u0259rbaycanda m\u0259\u011flub olmu\u015f dig\u0259r namiz\u0259dl\u0259r kimi, el\u0259c\u0259 d\u0259 \u00f6zl\u0259rinin n\u00fcmun\u0259 g\u0259tirdikl\u0259ri \u00f6lk\u0259l\u0259rin \u201cdemokratik prinsipl\u0259ri\u201dn\u0259 uy\u011fun qalib g\u0259lmi\u015f namiz\u0259di t\u0259brik ed\u0259rdil\u0259r. \u00c7\u00fcnki se\u00e7kiqaba\u011f\u0131 b\u00fct\u00fcn namiz\u0259dl\u0259r \u00fc\u00e7\u00fcn b\u0259rab\u0259r r\u0259qab\u0259t \u015f\u0259raitinin yarad\u0131ld\u0131\u011f\u0131 reall\u0131\u011f\u0131n\u0131 h\u0259tta \u0259n qat\u0131 \u0259leyhdarlar\u0131m\u0131z da etiraf etm\u0259y\u0259 m\u0259cburdurlar. Ancaq AXCP s\u0259dri \u018fli K\u0259rimli d\u0259, M\u00fcsavat ba\u015fqan\u0131 Arif Hac\u0131l\u0131 da b\u0259ri ba\u015fdan \u00f6z biab\u0131r\u00e7\u0131 m\u0259\u011flubiyy\u0259tl\u0259rinin f\u0259rqind\u0259 olmam\u0131\u015f deyildil\u0259r. Sad\u0259c\u0259, bunu etiraf etm\u0259y\u0259 onlar\u0131n siyasi m\u0259d\u0259niyy\u0259tl\u0259ri, daha d\u0259qiqi m\u0259d\u0259niyy\u0259tsizlikl\u0259ri yuxar\u0131da yazd\u0131\u011f\u0131m\u0131z s\u0259b\u0259bd\u0259n \u00e7atmad\u0131. Etiraf m\u0259d\u0259niyy\u0259tin h\u00f6rm\u0259t g\u0259tir\u0259n bir yana\u015fmas\u0131d\u0131r. M\u0259ntiqi olaraq bunu bacarmayanlar da h\u00f6rm\u0259t\u0259 layiq deyill\u0259r.<\/p>\n<p>S\u00f6z\u00fcged\u0259n se\u00e7kil\u0259rd\u0259 M\u00fcz\u0259ff\u0259r Ali Ba\u015f Komandan\u0131n alternativsizliyini, s\u0259s \u00e7oxlu\u011fu il\u0259 q\u0259l\u0259b\u0259 qazanmas\u0131n\u0131 \u015f\u0259rtl\u0259ndir\u0259n says\u0131z-hesabs\u0131z arqumentl\u0259r var. Ancaq bunlardan \u0259n m\u00fch\u00fcm\u00fc qeyd-\u015f\u0259rtsiz m\u0259hz \u0130lham \u018fliyevin Prezidentliyi d\u00f6vr\u00fcnd\u0259 Az\u0259rbaycan\u0131n \u0259razi b\u00fct\u00f6vl\u00fcy\u00fcn\u00fcn v\u0259 suverenliyinin tam b\u0259rpa edilm\u0259si, b\u00fct\u00fcn xarici t\u0259sir v\u0259 t\u0259zyiql\u0259r\u0259 r\u0259\u011fm\u0259n Qaraba\u011fda separatizmin l\u0259\u011fvin\u0259 nail olunmas\u0131d\u0131r. G\u00f6r\u00fcn\u00fcr, x\u00fcsusil\u0259 bu m\u0259qam C\u0259nubi Qafqazda \u00f6lk\u0259miz \u0259leyhin\u0259 m\u0259krli planlar\u0131 suya d\u00fc\u015f\u0259nl\u0259ri bel\u0259 aqressivl\u0259\u015fdirib, onlar da Az\u0259rbaycandak\u0131 qul-be\u00e7\u0259l\u0259rin\u0259\u00a0 \u2013 radikal m\u00fcxalif\u0259tin d\u0259st\u0259ba\u015f\u0131 olan \u0259li k\u0259rimlil\u0259r\u0259, arif hac\u0131l\u0131lara yeni sifari\u015fl\u0259r veribl\u0259r.<\/p>\n<p>\u018fslind\u0259, h\u0259m anti-Az\u0259rbaycan dair\u0259l\u0259rinin, h\u0259m d\u0259 h\u0259r f\u00fcrs\u0259td\u0259 \u00f6lk\u0259mizin ad\u0131n\u0131 l\u0259k\u0259l\u0259m\u0259y\u0259 \u00e7al\u0131\u015fan \u201csap\u0131n\u0131n da kimd\u0259n olmas\u0131 nam\u0259lum<\/p>\n<p>baltalar\u0131n\u201d \u0259n layiqli cavab\u0131n\u0131 h\u0259mi\u015f\u0259ki kimi, yen\u0259 xalq \u00f6z\u00fc verdi. Se\u00e7kil\u0259rd\u0259 m\u00fct\u0259\u015f\u0259kkil \u015f\u0259kild\u0259 i\u015ftirak etm\u0259kl\u0259, Az\u0259rbaycan\u0131n yeni inki\u015faf eras\u0131n\u0131n memar\u0131na s\u0259s verm\u0259kl\u0259 ham\u0131ya n\u00fcmayi\u015f etdirdik ki, azad, demokratik, \u015f\u0259ffaf se\u00e7ki nec\u0259 olur, xalq-iqtidar birliyi nec\u0259 sars\u0131lmazd\u0131r. V\u0259t\u0259n m\u00fcharib\u0259sind\u0259 qazand\u0131\u011f\u0131m\u0131z \u015fanl\u0131 Q\u0259l\u0259b\u0259mizin d\u0259, bir g\u00fcnl\u00fck antiterror t\u0259dbirl\u0259rinin u\u011furla n\u0259tic\u0259l\u0259nm\u0259sinin d\u0259, bu g\u00fcn i\u015f\u011faldan azad edilmi\u015f torpaqlar\u0131m\u0131zda geni\u015fmiqyasl\u0131 b\u0259rpa-quruculuq layih\u0259l\u0259rinin realla\u015fd\u0131r\u0131lmas\u0131n\u0131n da, ke\u00e7mi\u015f m\u0259cburi k\u00f6\u00e7k\u00fcnl\u0259rin otuz ild\u0259n sonra \u00f6z do\u011fma yurdlar\u0131na qay\u0131d\u0131\u015f\u0131n\u0131n da b\u00fcn\u00f6vr\u0259sind\u0259 m\u0259hz bu birlik dayan\u0131r. 7 fevral se\u00e7kil\u0259ri s\u00fcbut etdi ki, milliyy\u0259tind\u0259n, dini etiqad\u0131ndan v\u0259 dilind\u0259n as\u0131l\u0131 olmayaraq b\u00fct\u00fcn Az\u0259rbaycan xalq\u0131 yen\u0259 d\u0259 Ali Ba\u015f Komandan\u0131n\u0131n \u2013 Qalib S\u0259rk\u0259rd\u0259sinin yan\u0131ndad\u0131r, ona inam\u0131, etimad\u0131 sars\u0131lmazd\u0131r!<\/p>\n<p>AXCP v\u0259 M\u00fcsavat Partiyas\u0131n\u0131n se\u00e7kil\u0259rd\u0259 i\u015ftirakdan imtinas\u0131n\u0131n s\u0259b\u0259bini anlamaq olar. Ancaq onlar\u0131n i\u015ftirak etm\u0259dikl\u0259ri se\u00e7kil\u0259rin n\u0259tic\u0259l\u0259rini tan\u0131mad\u0131qlar\u0131n\u0131 b\u0259yan etm\u0259l\u0259ri g\u00fcl\u00fc\u015f v\u0259 ikrah do\u011furur. V\u0259 suallar yaran\u0131r: Uduzaca\u011f\u0131n\u0131zdan qorxub i\u015ftirak etm\u0259misinizs\u0259 azad, \u015f\u0259ffaf v\u0259 demokratik ke\u00e7irilm\u0259diyini hans\u0131 \u0259sasla iddia edirsiniz ax\u0131? Haz\u0131rk\u0131 d\u00f6vl\u0259t ba\u015f\u00e7\u0131s\u0131 \u0130lham \u018fliyev se\u00e7kil\u0259rd\u0259 i\u015ftirak etmi\u015f se\u00e7icil\u0259rin 92,12 faizinin, y\u0259ni \u00a04 mlyon yar\u0131mdan art\u0131q v\u0259t\u0259nda\u015f\u0131n s\u0259sini qazan\u0131b. Yoxsa Az\u0259rbaycan \u00fcmumi \u0259halisinin yar\u0131s\u0131n\u0131n, s\u0259sverm\u0259 h\u00fcququ olan insanlar\u0131n is\u0259 az qala ham\u0131s\u0131n\u0131n se\u00e7imi, m\u00fcnasib\u0259ti sizin \u00fc\u00e7\u00fcn he\u00e7 n\u0259 ifad\u0259 etmir?<\/p>\n<p>Bu g\u00fcn \u0259li k\u0259rimlil\u0259r\u0259, arif hac\u0131l\u0131lara \u201cBBC\u201dl\u0259rind\u0259, n\u0259 bilim, \u201c\u0259misi\u201dl\u0259rind\u0259 meydan ver\u0259n, onlar\u0131n Az\u0259rbaycan \u0259leyhin\u0259 \u00e7\u0131x\u0131\u015flar\u0131n\u0131 \u00f6z q\u0259r\u0259zli hesabatlar\u0131n\u0131n b\u0259ndl\u0259rin\u0259 \u00e7evir\u0259n b\u0259zi Q\u0259rb t\u0259sisatlar\u0131n\u0131n \u201cdemokratiya\u201d anlay\u0131\u015f\u0131na g\u0259linc\u0259, biz yax\u015f\u0131 bilirik onlar \u0259slind\u0259 n\u0259yin davas\u0131n\u0131 apar\u0131rlar. Otuz ild\u0259 \u00fczl\u0259\u015fdiyimiz \u0259dal\u0259tsizlikl\u0259r, h\u0259min o d\u0131rnaqaras\u0131 \u201cdemokratlar\u0131n\u201d i\u015f\u011fal\u00e7\u0131 Erm\u0259nistana m\u00fcnasib\u0259ti biz\u0259 \u00e7ox \u015fey \u00f6yr\u0259dib. Deqradasiyaya u\u011fram\u0131\u015f, k\u00f6hn\u0259lmi\u015f, t\u0259zyiq vasit\u0259sin\u0259 \u00e7evrilmi\u015f o prinsipl\u0259ri Q\u0259rb \u00f6z\u00fcn\u0259 saxlas\u0131n. Bizim suverenliyimiz\u0259 dil uzadanlara, h\u0259r f\u00fcrs\u0259td\u0259 \u0259razi b\u00fct\u00f6vl\u00fcy\u00fcm\u00fcz\u00fc \u015f\u00fcbh\u0259 alt\u0131na alanlara h\u00f6rm\u0259timiz d\u0259 yoxdur, ehtiyac\u0131m\u0131z da. El\u0259 onlar\u0131n \u0259lalt\u0131lar\u0131na \u00e7evrilmi\u015f satq\u0131nlara da&#8230;<\/p>\n","protected":false},"excerpt":{"rendered":"<p>K\u00fcnc z\u0259rb\u0259si Radikal m\u00fcxalif\u0259t qat\u0131lmad\u0131\u011f\u0131 se\u00e7kil\u0259r haqq\u0131nda b\u00f6htan kampaniyas\u0131n\u0131n sifari\u015fini haradan al\u0131r? H\u0259r iki n\u0259tic\u0259 g\u00f6zl\u0259nil\u0259n idi \u2013 Az\u0259rbaycan xalq\u0131n\u0131n irad\u0259 v\u0259 birlik n\u00fcmayi\u015f etdir\u0259r\u0259k, dem\u0259k olar ki, yekdillikl\u0259 \u00f6z layiqli Liderin\u0259 n\u00f6vb\u0259ti d\u0259f\u0259 etimad g\u00f6st\u0259rm\u0259si d\u0259. Radikal m\u00fcxalif\u0259tin xalq\u0131n yan\u0131nda olmaq \u0259v\u0259zin\u0259 h\u0259mi\u015f\u0259ki kimi Az\u0259rbaycana d\u00fc\u015fm\u0259n dair\u0259l\u0259rin sifari\u015fl\u0259rini yerin\u0259 yetirm\u0259k m\u0259qs\u0259dil\u0259 b\u00f6htan v\u0259 qarayaxma kampaniyas\u0131n\u0131 geni\u015fl\u0259ndirm\u0259si d\u0259. Fevral\u0131n 7-d\u0259 ke\u00e7irilmi\u015f prezident se\u00e7kil\u0259ri bir reall\u0131\u011f\u0131 da ortaya \u00e7\u0131xard\u0131 ki, \u00f6zl\u0259rini \u201csiyas\u0259t\u00e7i\u201d adland\u0131ran \u0259li k\u0259rimlil\u0259r, arif hac\u0131l\u0131lar v\u0259 onlar\u0131n \u0259lalt\u0131lar\u0131 sa\u011flam d\u00fc\u015f\u00fcnc\u0259, etiraf m\u0259d\u0259niyy\u0259ti kimi h\u0259r bir normal siyas\u0259t\u00e7i \u00fc\u00e7\u00fcn laz\u0131m&hellip;<\/p>\n","protected":false},"author":2,"featured_media":690049,"comment_status":"closed","ping_status":"closed","sticky":false,"template":"","format":"standard","meta":{"om_disable_all_campaigns":false,"_monsterinsights_skip_tracking":false,"_monsterinsights_sitenote_active":false,"_monsterinsights_sitenote_note":"","_monsterinsights_sitenote_category":0},"categories":[1],"tags":[],"aioseo_notices":[],"gutentor_comment":0,"rttpg_featured_image_url":{"full":["https:\/\/arantv.az\/wp-content\/uploads\/2024\/02\/49c0b9d8170601873630523350710523288.jpg",975,540,false],"landscape":["https:\/\/arantv.az\/wp-content\/uploads\/2024\/02\/49c0b9d8170601873630523350710523288.jpg",975,540,false],"portraits":["https:\/\/arantv.az\/wp-content\/uploads\/2024\/02\/49c0b9d8170601873630523350710523288.jpg",975,540,false],"thumbnail":["https:\/\/arantv.az\/wp-content\/uploads\/2024\/02\/49c0b9d8170601873630523350710523288-500x280.jpg",500,280,true],"medium":["https:\/\/arantv.az\/wp-content\/uploads\/2024\/02\/49c0b9d8170601873630523350710523288-660x365.jpg",660,365,true],"large":["https:\/\/arantv.az\/wp-content\/uploads\/2024\/02\/49c0b9d8170601873630523350710523288-840x465.jpg",640,354,true],"1536x1536":["https:\/\/arantv.az\/wp-content\/uploads\/2024\/02\/49c0b9d8170601873630523350710523288.jpg",975,540,false],"2048x2048":["https:\/\/arantv.az\/wp-content\/uploads\/2024\/02\/49c0b9d8170601873630523350710523288.jpg",975,540,false],"post-thumbnail":["https:\/\/arantv.az\/wp-content\/uploads\/2024\/02\/49c0b9d8170601873630523350710523288-240x172.jpg",240,172,true],"advps-thumb-one":["https:\/\/arantv.az\/wp-content\/uploads\/2024\/02\/49c0b9d8170601873630523350710523288.jpg",975,540,false]},"rttpg_author":{"display_name":"V\u00fcsal Rafiqo\u011flu","author_link":"https:\/\/arantv.az\/?author=2"},"rttpg_comment":0,"rttpg_category":"<a href=\"https:\/\/arantv.az\/?cat=1\" rel=\"category\">C\u0259miyy\u0259t<\/a>","rttpg_excerpt":"K\u00fcnc z\u0259rb\u0259si Radikal m\u00fcxalif\u0259t qat\u0131lmad\u0131\u011f\u0131 se\u00e7kil\u0259r haqq\u0131nda b\u00f6htan kampaniyas\u0131n\u0131n sifari\u015fini haradan al\u0131r? H\u0259r iki n\u0259tic\u0259 g\u00f6zl\u0259nil\u0259n idi \u2013 Az\u0259rbaycan xalq\u0131n\u0131n irad\u0259 v\u0259 birlik n\u00fcmayi\u015f etdir\u0259r\u0259k, dem\u0259k olar ki, yekdillikl\u0259 \u00f6z layiqli Liderin\u0259 n\u00f6vb\u0259ti d\u0259f\u0259 etimad g\u00f6st\u0259rm\u0259si d\u0259. Radikal m\u00fcxalif\u0259tin xalq\u0131n yan\u0131nda olmaq \u0259v\u0259zin\u0259 h\u0259mi\u015f\u0259ki kimi Az\u0259rbaycana d\u00fc\u015fm\u0259n dair\u0259l\u0259rin sifari\u015fl\u0259rini yerin\u0259 yetirm\u0259k m\u0259qs\u0259dil\u0259 b\u00f6htan v\u0259 qarayaxma&hellip;","_links":{"self":[{"href":"https:\/\/arantv.az\/index.php?rest_route=\/wp\/v2\/posts\/690048"}],"collection":[{"href":"https:\/\/arantv.az\/index.php?rest_route=\/wp\/v2\/posts"}],"about":[{"href":"https:\/\/arantv.az\/index.php?rest_route=\/wp\/v2\/types\/post"}],"author":[{"embeddable":true,"href":"https:\/\/arantv.az\/index.php?rest_route=\/wp\/v2\/users\/2"}],"replies":[{"embeddable":true,"href":"https:\/\/arantv.az\/index.php?rest_route=%2Fwp%2Fv2%2Fcomments&post=690048"}],"version-history":[{"count":0,"href":"https:\/\/arantv.az\/index.php?rest_route=\/wp\/v2\/posts\/690048\/revisions"}],"wp:featuredmedia":[{"embeddable":true,"href":"https:\/\/arantv.az\/index.php?rest_route=\/wp\/v2\/media\/690049"}],"wp:attachment":[{"href":"https:\/\/arantv.az\/index.php?rest_route=%2Fwp%2Fv2%2Fmedia&parent=690048"}],"wp:term":[{"taxonomy":"category","embeddable":true,"href":"https:\/\/arantv.az\/index.php?rest_route=%2Fwp%2Fv2%2Fcategories&post=690048"},{"taxonomy":"post_tag","embeddable":true,"href":"https:\/\/arantv.az\/index.php?rest_route=%2Fwp%2Fv2%2Ftags&post=690048"}],"curies":[{"name":"wp","href":"https:\/\/api.w.org\/{rel}","templated":true}]}}