{"id":691274,"date":"2024-02-15T13:39:29","date_gmt":"2024-02-15T09:39:29","guid":{"rendered":"https:\/\/arantv.az\/?p=691274"},"modified":"2024-02-15T13:39:29","modified_gmt":"2024-02-15T09:39:29","slug":"mehriban-%c9%99liyeva-arif-pasayevi-t%c9%99brik-etdi-foto","status":"publish","type":"post","link":"https:\/\/arantv.az\/?p=691274","title":{"rendered":"Mehriban \u018fliyeva Arif Pa\u015fayevi t\u0259brik etdi &#8211; FOTO"},"content":{"rendered":"<p>Az\u0259rbaycan Birinci vitse-prezidenti\u00a0<strong>Mehriban \u018fliyeva<\/strong>\u00a0akademik Arif Pa\u015fayevin 90 illik yubileyi il\u0259 ba\u011fl\u0131 payla\u015f\u0131m edib.<\/p>\n<p>Payla\u015f\u0131mda deyilir:<\/p>\n<p>\u201cG\u00f6z\u0259l ata, qay\u011f\u0131ke\u015f baba, nurlu, mehriban \u0130nsan! 90 illik yubileyin m\u00fcbar\u0259k! S\u0259n\u0259 m\u00f6hk\u0259m cansa\u011fl\u0131\u011f\u0131 v\u0259 g\u00f6z\u0259l \u0259hvali-ruhiyy\u0259 arzulay\u0131ram! Uca Tanr\u0131 s\u0259ni b\u00fct\u00fcn qada-balalardan hifz etsin! S\u0259ni \u00e7ox sevirik! \u00d6mr\u00fcn uzun olsun! Allah b\u00fct\u00fcn valideynl\u0259ri qorusun!\u201d<\/p>\n<div><iframe id=\"instagram-embed-0\" class=\"instagram-media instagram-media-rendered\" src=\"https:\/\/www.instagram.com\/p\/C3XPRHgoFGF\/embed\/captioned\/?cr=1&amp;v=14&amp;wp=506&amp;rd=https%3A%2F%2Foxu.az&amp;rp=%2Fpolitics%2F838637#%7B%22ci%22%3A0%2C%22os%22%3A842.9000000003725%2C%22ls%22%3A280%2C%22le%22%3A385.90000000037253%7D\" height=\"877\" frameborder=\"0\" scrolling=\"no\" allowfullscreen=\"allowfullscreen\" data-instgrm-payload-id=\"instagram-media-payload-0\" data-mce-fragment=\"1\"><\/iframe><\/div>\n<p>&nbsp;<\/p>\n","protected":false},"excerpt":{"rendered":"<p>Az\u0259rbaycan Birinci vitse-prezidenti\u00a0Mehriban \u018fliyeva\u00a0akademik Arif Pa\u015fayevin 90 illik yubileyi il\u0259 ba\u011fl\u0131 payla\u015f\u0131m edib. Payla\u015f\u0131mda deyilir: \u201cG\u00f6z\u0259l ata, qay\u011f\u0131ke\u015f baba, nurlu, mehriban \u0130nsan! 90 illik yubileyin m\u00fcbar\u0259k! S\u0259n\u0259 m\u00f6hk\u0259m cansa\u011fl\u0131\u011f\u0131 v\u0259 g\u00f6z\u0259l \u0259hvali-ruhiyy\u0259 arzulay\u0131ram! Uca Tanr\u0131 s\u0259ni b\u00fct\u00fcn qada-balalardan hifz etsin! S\u0259ni \u00e7ox sevirik! \u00d6mr\u00fcn uzun olsun! Allah b\u00fct\u00fcn valideynl\u0259ri qorusun!\u201d &nbsp;<\/p>\n","protected":false},"author":2,"featured_media":691275,"comment_status":"closed","ping_status":"closed","sticky":false,"template":"","format":"standard","meta":{"om_disable_all_campaigns":false,"_monsterinsights_skip_tracking":false,"_monsterinsights_sitenote_active":false,"_monsterinsights_sitenote_note":"","_monsterinsights_sitenote_category":0},"categories":[4],"tags":[],"aioseo_notices":[],"gutentor_comment":0,"rttpg_featured_image_url":{"full":["https:\/\/arantv.az\/wp-content\/uploads\/2024\/02\/1a71b-3192353738.jpg",620,413,false],"landscape":["https:\/\/arantv.az\/wp-content\/uploads\/2024\/02\/1a71b-3192353738.jpg",620,413,false],"portraits":["https:\/\/arantv.az\/wp-content\/uploads\/2024\/02\/1a71b-3192353738.jpg",620,413,false],"thumbnail":["https:\/\/arantv.az\/wp-content\/uploads\/2024\/02\/1a71b-3192353738-500x280.jpg",500,280,true],"medium":["https:\/\/arantv.az\/wp-content\/uploads\/2024\/02\/1a71b-3192353738-548x365.jpg",548,365,true],"large":["https:\/\/arantv.az\/wp-content\/uploads\/2024\/02\/1a71b-3192353738.jpg",620,413,false],"1536x1536":["https:\/\/arantv.az\/wp-content\/uploads\/2024\/02\/1a71b-3192353738.jpg",620,413,false],"2048x2048":["https:\/\/arantv.az\/wp-content\/uploads\/2024\/02\/1a71b-3192353738.jpg",620,413,false],"post-thumbnail":["https:\/\/arantv.az\/wp-content\/uploads\/2024\/02\/1a71b-3192353738-240x172.jpg",240,172,true],"advps-thumb-one":["https:\/\/arantv.az\/wp-content\/uploads\/2024\/02\/1a71b-3192353738.jpg",620,413,false]},"rttpg_author":{"display_name":"V\u00fcsal Rafiqo\u011flu","author_link":"https:\/\/arantv.az\/?author=2"},"rttpg_comment":0,"rttpg_category":"<a href=\"https:\/\/arantv.az\/?cat=4\" rel=\"category\">Siyas\u0259t<\/a>","rttpg_excerpt":"Az\u0259rbaycan Birinci vitse-prezidenti\u00a0Mehriban \u018fliyeva\u00a0akademik Arif Pa\u015fayevin 90 illik yubileyi il\u0259 ba\u011fl\u0131 payla\u015f\u0131m edib. Payla\u015f\u0131mda deyilir: \u201cG\u00f6z\u0259l ata, qay\u011f\u0131ke\u015f baba, nurlu, mehriban \u0130nsan! 90 illik yubileyin m\u00fcbar\u0259k! S\u0259n\u0259 m\u00f6hk\u0259m cansa\u011fl\u0131\u011f\u0131 v\u0259 g\u00f6z\u0259l \u0259hvali-ruhiyy\u0259 arzulay\u0131ram! Uca Tanr\u0131 s\u0259ni b\u00fct\u00fcn qada-balalardan hifz etsin! S\u0259ni \u00e7ox sevirik! \u00d6mr\u00fcn uzun olsun! Allah b\u00fct\u00fcn valideynl\u0259ri qorusun!\u201d &nbsp;","_links":{"self":[{"href":"https:\/\/arantv.az\/index.php?rest_route=\/wp\/v2\/posts\/691274"}],"collection":[{"href":"https:\/\/arantv.az\/index.php?rest_route=\/wp\/v2\/posts"}],"about":[{"href":"https:\/\/arantv.az\/index.php?rest_route=\/wp\/v2\/types\/post"}],"author":[{"embeddable":true,"href":"https:\/\/arantv.az\/index.php?rest_route=\/wp\/v2\/users\/2"}],"replies":[{"embeddable":true,"href":"https:\/\/arantv.az\/index.php?rest_route=%2Fwp%2Fv2%2Fcomments&post=691274"}],"version-history":[{"count":0,"href":"https:\/\/arantv.az\/index.php?rest_route=\/wp\/v2\/posts\/691274\/revisions"}],"wp:featuredmedia":[{"embeddable":true,"href":"https:\/\/arantv.az\/index.php?rest_route=\/wp\/v2\/media\/691275"}],"wp:attachment":[{"href":"https:\/\/arantv.az\/index.php?rest_route=%2Fwp%2Fv2%2Fmedia&parent=691274"}],"wp:term":[{"taxonomy":"category","embeddable":true,"href":"https:\/\/arantv.az\/index.php?rest_route=%2Fwp%2Fv2%2Fcategories&post=691274"},{"taxonomy":"post_tag","embeddable":true,"href":"https:\/\/arantv.az\/index.php?rest_route=%2Fwp%2Fv2%2Ftags&post=691274"}],"curies":[{"name":"wp","href":"https:\/\/api.w.org\/{rel}","templated":true}]}}