{"id":691651,"date":"2024-02-16T13:06:19","date_gmt":"2024-02-16T09:06:19","guid":{"rendered":"https:\/\/arantv.az\/?p=691651"},"modified":"2024-02-16T13:06:19","modified_gmt":"2024-02-16T09:06:19","slug":"sahib%c9%99-qafarova-surucu-m%c9%99d%c9%99niyy%c9%99ti-d%c9%99-yoxdur","status":"publish","type":"post","link":"https:\/\/arantv.az\/?p=691651","title":{"rendered":"Sahib\u0259 Qafarova: \u201cS\u00fcr\u00fcc\u00fc m\u0259d\u0259niyy\u0259ti d\u0259 yoxdur&#8230;\u201d"},"content":{"rendered":"<p>\u201cT\u0131xaclar\u0131n s\u0259b\u0259bl\u0259ri \u00e7oxdur\u201d.<\/p>\n<p>\u201cQafqazinfo\u201d x\u0259b\u0259r verir ki, bu fikirl\u0259ri spiker Sahib\u0259 Qafarova parlamentin iclas\u0131nda deyib.<\/p>\n<p>\u201cLakin d\u00fc\u015f\u00fcn\u00fcr\u0259m ki, s\u00fcr\u00fcc\u00fc m\u0259d\u0259niyy\u0259ti d\u0259 yoxdur. S\u00fcr\u00fcc\u00fc m\u0259d\u0259niyy\u0259tinin y\u00fcks\u0259k olmas\u0131 laz\u0131md\u0131r\u201d, &#8211; dey\u0259 spiker vur\u011fulay\u0131b.<\/p>\n<p>Qeyd ed\u0259k ki, bug\u00fcnk\u00fc iclasda mill\u0259t v\u0259kili Siyavu\u015f Novruzov da yollardak\u0131 v\u0259ziyy\u0259ti t\u0259nqid edib:<\/p>\n<p>\u201c\u015e\u0259h\u0259rd\u0259 \u00fc\u00e7 yol &#8211; avtobus, velosiped, ma\u015f\u0131n yolu m\u00fc\u0259yy\u0259nl\u0259\u015fib. Bu dar\u0131sqal yollarda idar\u0259etm\u0259 probleml\u0259ri yaran\u0131b\u201d .<\/p>\n","protected":false},"excerpt":{"rendered":"<p>\u201cT\u0131xaclar\u0131n s\u0259b\u0259bl\u0259ri \u00e7oxdur\u201d. \u201cQafqazinfo\u201d x\u0259b\u0259r verir ki, bu fikirl\u0259ri spiker Sahib\u0259 Qafarova parlamentin iclas\u0131nda deyib. \u201cLakin d\u00fc\u015f\u00fcn\u00fcr\u0259m ki, s\u00fcr\u00fcc\u00fc m\u0259d\u0259niyy\u0259ti d\u0259 yoxdur. S\u00fcr\u00fcc\u00fc m\u0259d\u0259niyy\u0259tinin y\u00fcks\u0259k olmas\u0131 laz\u0131md\u0131r\u201d, &#8211; dey\u0259 spiker vur\u011fulay\u0131b. Qeyd ed\u0259k ki, bug\u00fcnk\u00fc iclasda mill\u0259t v\u0259kili Siyavu\u015f Novruzov da yollardak\u0131 v\u0259ziyy\u0259ti t\u0259nqid edib: \u201c\u015e\u0259h\u0259rd\u0259 \u00fc\u00e7 yol &#8211; avtobus, velosiped, ma\u015f\u0131n yolu m\u00fc\u0259yy\u0259nl\u0259\u015fib. Bu dar\u0131sqal yollarda idar\u0259etm\u0259 probleml\u0259ri yaran\u0131b\u201d .<\/p>\n","protected":false},"author":2,"featured_media":691652,"comment_status":"closed","ping_status":"closed","sticky":false,"template":"","format":"standard","meta":{"om_disable_all_campaigns":false,"_monsterinsights_skip_tracking":false,"_monsterinsights_sitenote_active":false,"_monsterinsights_sitenote_note":"","_monsterinsights_sitenote_category":0},"categories":[1],"tags":[],"aioseo_notices":[],"gutentor_comment":0,"rttpg_featured_image_url":{"full":["https:\/\/arantv.az\/wp-content\/uploads\/2024\/02\/a512ce65-baf3-3ffc-8d46-1f81d95cf402_850.jpg",620,413,false],"landscape":["https:\/\/arantv.az\/wp-content\/uploads\/2024\/02\/a512ce65-baf3-3ffc-8d46-1f81d95cf402_850.jpg",620,413,false],"portraits":["https:\/\/arantv.az\/wp-content\/uploads\/2024\/02\/a512ce65-baf3-3ffc-8d46-1f81d95cf402_850.jpg",620,413,false],"thumbnail":["https:\/\/arantv.az\/wp-content\/uploads\/2024\/02\/a512ce65-baf3-3ffc-8d46-1f81d95cf402_850-500x280.jpg",500,280,true],"medium":["https:\/\/arantv.az\/wp-content\/uploads\/2024\/02\/a512ce65-baf3-3ffc-8d46-1f81d95cf402_850-548x365.jpg",548,365,true],"large":["https:\/\/arantv.az\/wp-content\/uploads\/2024\/02\/a512ce65-baf3-3ffc-8d46-1f81d95cf402_850.jpg",620,413,false],"1536x1536":["https:\/\/arantv.az\/wp-content\/uploads\/2024\/02\/a512ce65-baf3-3ffc-8d46-1f81d95cf402_850.jpg",620,413,false],"2048x2048":["https:\/\/arantv.az\/wp-content\/uploads\/2024\/02\/a512ce65-baf3-3ffc-8d46-1f81d95cf402_850.jpg",620,413,false],"post-thumbnail":["https:\/\/arantv.az\/wp-content\/uploads\/2024\/02\/a512ce65-baf3-3ffc-8d46-1f81d95cf402_850-240x172.jpg",240,172,true],"advps-thumb-one":["https:\/\/arantv.az\/wp-content\/uploads\/2024\/02\/a512ce65-baf3-3ffc-8d46-1f81d95cf402_850.jpg",620,413,false]},"rttpg_author":{"display_name":"V\u00fcsal Rafiqo\u011flu","author_link":"https:\/\/arantv.az\/?author=2"},"rttpg_comment":0,"rttpg_category":"<a href=\"https:\/\/arantv.az\/?cat=1\" rel=\"category\">C\u0259miyy\u0259t<\/a>","rttpg_excerpt":"\u201cT\u0131xaclar\u0131n s\u0259b\u0259bl\u0259ri \u00e7oxdur\u201d. \u201cQafqazinfo\u201d x\u0259b\u0259r verir ki, bu fikirl\u0259ri spiker Sahib\u0259 Qafarova parlamentin iclas\u0131nda deyib. \u201cLakin d\u00fc\u015f\u00fcn\u00fcr\u0259m ki, s\u00fcr\u00fcc\u00fc m\u0259d\u0259niyy\u0259ti d\u0259 yoxdur. S\u00fcr\u00fcc\u00fc m\u0259d\u0259niyy\u0259tinin y\u00fcks\u0259k olmas\u0131 laz\u0131md\u0131r\u201d, &#8211; dey\u0259 spiker vur\u011fulay\u0131b. Qeyd ed\u0259k ki, bug\u00fcnk\u00fc iclasda mill\u0259t v\u0259kili Siyavu\u015f Novruzov da yollardak\u0131 v\u0259ziyy\u0259ti t\u0259nqid edib: \u201c\u015e\u0259h\u0259rd\u0259 \u00fc\u00e7 yol &#8211; avtobus, velosiped, ma\u015f\u0131n yolu m\u00fc\u0259yy\u0259nl\u0259\u015fib. Bu&hellip;","_links":{"self":[{"href":"https:\/\/arantv.az\/index.php?rest_route=\/wp\/v2\/posts\/691651"}],"collection":[{"href":"https:\/\/arantv.az\/index.php?rest_route=\/wp\/v2\/posts"}],"about":[{"href":"https:\/\/arantv.az\/index.php?rest_route=\/wp\/v2\/types\/post"}],"author":[{"embeddable":true,"href":"https:\/\/arantv.az\/index.php?rest_route=\/wp\/v2\/users\/2"}],"replies":[{"embeddable":true,"href":"https:\/\/arantv.az\/index.php?rest_route=%2Fwp%2Fv2%2Fcomments&post=691651"}],"version-history":[{"count":0,"href":"https:\/\/arantv.az\/index.php?rest_route=\/wp\/v2\/posts\/691651\/revisions"}],"wp:featuredmedia":[{"embeddable":true,"href":"https:\/\/arantv.az\/index.php?rest_route=\/wp\/v2\/media\/691652"}],"wp:attachment":[{"href":"https:\/\/arantv.az\/index.php?rest_route=%2Fwp%2Fv2%2Fmedia&parent=691651"}],"wp:term":[{"taxonomy":"category","embeddable":true,"href":"https:\/\/arantv.az\/index.php?rest_route=%2Fwp%2Fv2%2Fcategories&post=691651"},{"taxonomy":"post_tag","embeddable":true,"href":"https:\/\/arantv.az\/index.php?rest_route=%2Fwp%2Fv2%2Ftags&post=691651"}],"curies":[{"name":"wp","href":"https:\/\/api.w.org\/{rel}","templated":true}]}}