{"id":691661,"date":"2024-02-16T13:12:55","date_gmt":"2024-02-16T09:12:55","guid":{"rendered":"https:\/\/arantv.az\/?p=691661"},"modified":"2024-02-16T13:12:55","modified_gmt":"2024-02-16T09:12:55","slug":"2024-cu-il-musahid%c9%99l%c9%99r-tarixind%c9%99-%c9%99n-isti-yanvar-ayi","status":"publish","type":"post","link":"https:\/\/arantv.az\/?p=691661","title":{"rendered":"2024-c\u00fc il: m\u00fc\u015fahid\u0259l\u0259r tarixind\u0259 \u0259n isti yanvar ay\u0131"},"content":{"rendered":"<p>2023-c\u00fc ilin \u00e7ox hiss\u0259sind\u0259 m\u00fc\u015fahid\u0259 olunan istil\u0259\u015fm\u0259 tendensiyas\u0131 2024-c\u00fc ild\u0259 d\u0259 davam edib: yanvar m\u00fc\u015fahid\u0259l\u0259r tarixind\u0259 ilin \u0259n isti birinci ay\u0131 hesab olunub. Bu, art\u0131q tarixd\u0259 ard\u0131c\u0131l olaraq \u0259n isti s\u0259kkizinci ayd\u0131r. D\u0259niz s\u0259thinin temperaturu on ay \u0259rzind\u0259 davaml\u0131 \u015f\u0259kild\u0259 rekord s\u0259viyy\u0259d\u0259 y\u00fcks\u0259k olaraq qal\u0131r.<\/p>\n<p><strong>ARANTV.AZ\u00a0<\/strong> BMT-nin sayt\u0131na istinadla x\u0259b\u0259r verir ki, bunu AB\u015e Milli Okean v\u0259 Atmosfer T\u0259dqiqatlar\u0131 \u0130dar\u0259si (NOAA), NASA, Avropa \u0130ttifaq\u0131n\u0131n &#8220;Kopernik&#8221; proqram\u0131n\u0131n iqlim d\u0259yi\u015fikliyi Xidm\u0259ti v\u0259 Yaponiya Meteorologiya Agentliyinin ara\u015fd\u0131rmalar\u0131 s\u00fcbut edir. Bu, m\u0259lumatlar\u0131 \u00dcmumd\u00fcnya Meteorologiya T\u0259\u015fkilat\u0131 t\u0259r\u0259find\u0259n hesabatlar\u0131n t\u0259rtibind\u0259 istifad\u0259 edil\u0259n alt\u0131 m\u0259nb\u0259d\u0259n d\u00f6rd\u00fcd\u00fcr. Yanvarda Yer qat\u0131na yax\u0131n havan\u0131n orta ayl\u0131q temperaturu \u201cs\u0259naye d\u00f6vr\u00fcnd\u0259n \u0259vv\u0259lki d\u00f6vr\u201d adland\u0131r\u0131lan 1850-1900-cu ill\u0259rd\u0259ki orta yanvar g\u00f6st\u0259ricisind\u0259n 1,66 d\u0259r\u0259c\u0259 Selsi y\u00fcks\u0259k olub.<\/p>\n<p>Bu, iqlim d\u0259yi\u015fikliyi \u00fczr\u0259 Paris Sazi\u015find\u0259 qar\u015f\u0131ya qoyulmu\u015f istil\u0259\u015fm\u0259ni Selsi \u00fczr\u0259 1,5 d\u0259r\u0259c\u0259 h\u0259ddind\u0259 saxlamaq m\u0259qs\u0259din\u0259 art\u0131q nail oluna bilm\u0259y\u0259c\u0259yi anlam\u0131na g\u0259lmir: h\u0259min s\u0259n\u0259dd\u0259 ayl\u0131q v\u0259 ya illik art\u0131m deyil, bir \u00e7ox ill\u0259r \u0259rzind\u0259 uzunm\u00fcdd\u0259tli istil\u0259\u015fm\u0259 haqq\u0131nda deyilir. &#8220;Kopernik&#8221; proqram\u0131n\u0131n iqlim d\u0259yi\u015fikliyi Xidm\u0259tinin m\u0259lumat\u0131na \u0259sas\u0259n, 2024-c\u00fc ilin yanvar ay\u0131nda temperatur 1991-2020-ci ill\u0259rd\u0259ki yanvar temperaturun orta s\u0259viyy\u0259sind\u0259n 0,70 d\u0259r\u0259c\u0259 Selsi daha y\u00fcks\u0259k v\u0259 bundan \u0259vv\u0259lki 2020-ci ilin \u0259n isti yanvar ay\u0131n\u0131n temperaturundan 0,12 d\u0259r\u0259c\u0259 Selsi daha yuxar\u0131d\u0131r.<\/p>\n<p>Yanvar ay\u0131nda qlobal ya\u011f\u0131nt\u0131n\u0131n miqdar\u0131 rekord d\u0259r\u0259c\u0259d\u0259 ya\u011f\u0131nt\u0131l\u0131 dekabrdan sonra dem\u0259k olar ki, \u0259n y\u00fcks\u0259k olub. \u015eimali Amerika, Asiya v\u0259 Avstraliya \u0259razisinin \u00e7ox hiss\u0259sind\u0259 ya\u011f\u0131nt\u0131lar h\u0259mi\u015f\u0259kind\u0259n daha \u00e7ox olub, eyni zamanda, C\u0259nubi Afrika v\u0259 C\u0259nubi Amerikan\u0131n \u00e7ox hiss\u0259sind\u0259 yanvar daha quraql\u0131q \u015f\u0259raitind\u0259 ke\u00e7ib.<\/p>\n<p>El-Ninyo hadis\u0259sinin t\u0259siri Sakit Okean\u0131n\u0131n ekvator hiss\u0259sind\u0259 z\u0259ifl\u0259m\u0259y\u0259 ba\u015flay\u0131b, lakin \u00fcmumilikd\u0259 d\u0259niz havas\u0131n\u0131n temperaturu h\u0259mi\u015f\u0259kind\u0259n daha y\u00fcks\u0259k s\u0259viyy\u0259d\u0259 olub.<\/p>\n<p>\u00dcMT-nin \u201c2023-c\u00fc ild\u0259 qlobal iqlimin v\u0259ziyy\u0259ti\u201d adl\u0131 yekun hesabat\u0131 mart\u0131n 23-d\u0259 qeyd olunan \u00dcmumd\u00fcnya Meteorologiya G\u00fcn\u00fc \u0259r\u0259f\u0259sind\u0259 d\u0259rc olunacaq. \u00dcMT art\u0131q t\u0259sdiq edib ki, 2023-c\u00fc il antropogen iqlim d\u0259yi\u015fiklikliyi v\u0259 El-Ninyonun istil\u0259\u015fm\u0259si s\u0259b\u0259bind\u0259n m\u00fc\u015fahid\u0259l\u0259r tarixind\u0259 \u0259n isti il olub.<\/p>\n","protected":false},"excerpt":{"rendered":"<p>2023-c\u00fc ilin \u00e7ox hiss\u0259sind\u0259 m\u00fc\u015fahid\u0259 olunan istil\u0259\u015fm\u0259 tendensiyas\u0131 2024-c\u00fc ild\u0259 d\u0259 davam edib: yanvar m\u00fc\u015fahid\u0259l\u0259r tarixind\u0259 ilin \u0259n isti birinci ay\u0131 hesab olunub. Bu, art\u0131q tarixd\u0259 ard\u0131c\u0131l olaraq \u0259n isti s\u0259kkizinci ayd\u0131r. D\u0259niz s\u0259thinin temperaturu on ay \u0259rzind\u0259 davaml\u0131 \u015f\u0259kild\u0259 rekord s\u0259viyy\u0259d\u0259 y\u00fcks\u0259k olaraq qal\u0131r. ARANTV.AZ\u00a0 BMT-nin sayt\u0131na istinadla x\u0259b\u0259r verir ki, bunu AB\u015e Milli Okean v\u0259 Atmosfer T\u0259dqiqatlar\u0131 \u0130dar\u0259si (NOAA), NASA, Avropa \u0130ttifaq\u0131n\u0131n &#8220;Kopernik&#8221; proqram\u0131n\u0131n iqlim d\u0259yi\u015fikliyi Xidm\u0259ti v\u0259 Yaponiya Meteorologiya Agentliyinin ara\u015fd\u0131rmalar\u0131 s\u00fcbut edir. Bu, m\u0259lumatlar\u0131 \u00dcmumd\u00fcnya Meteorologiya T\u0259\u015fkilat\u0131 t\u0259r\u0259find\u0259n hesabatlar\u0131n t\u0259rtibind\u0259 istifad\u0259 edil\u0259n alt\u0131 m\u0259nb\u0259d\u0259n d\u00f6rd\u00fcd\u00fcr. Yanvarda&hellip;<\/p>\n","protected":false},"author":2,"featured_media":691662,"comment_status":"closed","ping_status":"closed","sticky":false,"template":"","format":"standard","meta":{"om_disable_all_campaigns":false,"_monsterinsights_skip_tracking":false,"_monsterinsights_sitenote_active":false,"_monsterinsights_sitenote_note":"","_monsterinsights_sitenote_category":0},"categories":[1],"tags":[],"aioseo_notices":[],"gutentor_comment":0,"rttpg_featured_image_url":{"full":["https:\/\/arantv.az\/wp-content\/uploads\/2024\/02\/1708073260518238284_1200x630.jpg",924,630,false],"landscape":["https:\/\/arantv.az\/wp-content\/uploads\/2024\/02\/1708073260518238284_1200x630.jpg",924,630,false],"portraits":["https:\/\/arantv.az\/wp-content\/uploads\/2024\/02\/1708073260518238284_1200x630.jpg",924,630,false],"thumbnail":["https:\/\/arantv.az\/wp-content\/uploads\/2024\/02\/1708073260518238284_1200x630-500x280.jpg",500,280,true],"medium":["https:\/\/arantv.az\/wp-content\/uploads\/2024\/02\/1708073260518238284_1200x630-535x365.jpg",535,365,true],"large":["https:\/\/arantv.az\/wp-content\/uploads\/2024\/02\/1708073260518238284_1200x630-840x573.jpg",640,437,true],"1536x1536":["https:\/\/arantv.az\/wp-content\/uploads\/2024\/02\/1708073260518238284_1200x630.jpg",924,630,false],"2048x2048":["https:\/\/arantv.az\/wp-content\/uploads\/2024\/02\/1708073260518238284_1200x630.jpg",924,630,false],"post-thumbnail":["https:\/\/arantv.az\/wp-content\/uploads\/2024\/02\/1708073260518238284_1200x630-240x172.jpg",240,172,true],"advps-thumb-one":["https:\/\/arantv.az\/wp-content\/uploads\/2024\/02\/1708073260518238284_1200x630-924x620.jpg",924,620,true]},"rttpg_author":{"display_name":"V\u00fcsal Rafiqo\u011flu","author_link":"https:\/\/arantv.az\/?author=2"},"rttpg_comment":0,"rttpg_category":"<a href=\"https:\/\/arantv.az\/?cat=1\" rel=\"category\">C\u0259miyy\u0259t<\/a>","rttpg_excerpt":"2023-c\u00fc ilin \u00e7ox hiss\u0259sind\u0259 m\u00fc\u015fahid\u0259 olunan istil\u0259\u015fm\u0259 tendensiyas\u0131 2024-c\u00fc ild\u0259 d\u0259 davam edib: yanvar m\u00fc\u015fahid\u0259l\u0259r tarixind\u0259 ilin \u0259n isti birinci ay\u0131 hesab olunub. Bu, art\u0131q tarixd\u0259 ard\u0131c\u0131l olaraq \u0259n isti s\u0259kkizinci ayd\u0131r. D\u0259niz s\u0259thinin temperaturu on ay \u0259rzind\u0259 davaml\u0131 \u015f\u0259kild\u0259 rekord s\u0259viyy\u0259d\u0259 y\u00fcks\u0259k olaraq qal\u0131r. ARANTV.AZ\u00a0 BMT-nin sayt\u0131na istinadla x\u0259b\u0259r verir ki, bunu AB\u015e Milli&hellip;","_links":{"self":[{"href":"https:\/\/arantv.az\/index.php?rest_route=\/wp\/v2\/posts\/691661"}],"collection":[{"href":"https:\/\/arantv.az\/index.php?rest_route=\/wp\/v2\/posts"}],"about":[{"href":"https:\/\/arantv.az\/index.php?rest_route=\/wp\/v2\/types\/post"}],"author":[{"embeddable":true,"href":"https:\/\/arantv.az\/index.php?rest_route=\/wp\/v2\/users\/2"}],"replies":[{"embeddable":true,"href":"https:\/\/arantv.az\/index.php?rest_route=%2Fwp%2Fv2%2Fcomments&post=691661"}],"version-history":[{"count":0,"href":"https:\/\/arantv.az\/index.php?rest_route=\/wp\/v2\/posts\/691661\/revisions"}],"wp:featuredmedia":[{"embeddable":true,"href":"https:\/\/arantv.az\/index.php?rest_route=\/wp\/v2\/media\/691662"}],"wp:attachment":[{"href":"https:\/\/arantv.az\/index.php?rest_route=%2Fwp%2Fv2%2Fmedia&parent=691661"}],"wp:term":[{"taxonomy":"category","embeddable":true,"href":"https:\/\/arantv.az\/index.php?rest_route=%2Fwp%2Fv2%2Fcategories&post=691661"},{"taxonomy":"post_tag","embeddable":true,"href":"https:\/\/arantv.az\/index.php?rest_route=%2Fwp%2Fv2%2Ftags&post=691661"}],"curies":[{"name":"wp","href":"https:\/\/api.w.org\/{rel}","templated":true}]}}