{"id":691666,"date":"2024-02-16T13:21:14","date_gmt":"2024-02-16T09:21:14","guid":{"rendered":"https:\/\/arantv.az\/?p=691666"},"modified":"2024-02-16T13:21:14","modified_gmt":"2024-02-16T09:21:14","slug":"borreli-az%c9%99rbaycan-%c9%99leyhin%c9%99-kiml%c9%99r-danisdirir","status":"publish","type":"post","link":"https:\/\/arantv.az\/?p=691666","title":{"rendered":"Borreli Az\u0259rbaycan \u0259leyhin\u0259 kiml\u0259r dan\u0131\u015fd\u0131r\u0131r?"},"content":{"rendered":"<p><strong>Politoloq: \u201cN\u0259 zaman A\u0130 il\u0259 Az\u0259rbaycan aras\u0131nda m\u00fcnasib\u0259tl\u0259r m\u00fcsb\u0259t m\u0259craya y\u00f6n al\u0131r, Borrel erm\u0259nip\u0259r\u0259st b\u0259yanatlar s\u0259sl\u0259ndirir\u201d<\/strong><\/p>\n<p>Son aylar Avropa Birliyinin Az\u0259rbaycanla ba\u011fl\u0131 qism\u0259n obyektiv m\u00f6vqed\u0259n sap\u0131n\u0131b Erm\u0259nistana t\u0259r\u0259f s\u00fcr\u00fc\u015fm\u0259sinin s\u0259b\u0259bl\u0259ri b\u0259llidir. Q\u0259rb Erm\u0259nistana himay\u0259sini g\u00f6st\u0259rm\u0259k \u00fc\u00e7\u00fcn \u0130r\u0259van\u0131 s\u0131\u011fallay\u0131r.<\/p>\n<p>Avropa Birliyi \u015earl Mi\u015felin vasit\u0259sil\u0259 simas\u0131n\u0131 qoruma\u011fa \u00e7al\u0131\u015fm\u0131\u015fd\u0131, amma maskalar\u0131 g\u00f6zl\u0259nildiyind\u0259n daha tez c\u0131r\u0131ld\u0131, erm\u0259nip\u0259r\u0259st niyy\u0259tl\u0259ri g\u00f6r\u00fcnd\u00fc.<\/p>\n<p><strong>Borrel Avropa \u0130ttifaq\u0131ndak\u0131 qoca \u201cq\u0131r\u011f\u0131\u201dlardan biridir. N\u0259 t\u0259sad\u00fcf ki, Borrel \u0130spaniyada separat\u00e7\u0131 b\u00f6lg\u0259d\u0259-Kataloniyada do\u011fulub. Yen\u0259 d\u0259 n\u0259 t\u0259sad\u00fcf ki, Borrel erm\u0259nil\u0259rin saxta soyq\u0131r\u0131m\u0131 g\u00fcn\u00fcnd\u0259-24 apreld\u0259 bu i\u015f\u0131ql\u0131 d\u00fcnyaya g\u0259lib. \u00dc\u00e7 il d\u0259 anti-Az\u0259rbaycan m\u00f6vqeyi il\u0259 se\u00e7il\u0259n Avropa Parlamentin\u0259 s\u0259drlik edib, 2019-cu ild\u0259n is\u0259\u00a0 Avropa \u0130ttifaq\u0131n\u0131n \u201cxarici i\u015fl\u0259r naziridir\u201d, r\u0259smi olaraq is\u0259 v\u0259zif\u0259si A\u0130-nin Xarici \u0130\u015fl\u0259r v\u0259 T\u0259hl\u00fck\u0259sizlik Siyas\u0259ti \u00fczr\u0259 Ali N\u00fcmay\u0259nd\u0259sidir.\u00a0<\/strong><\/p>\n<p>Borrel \u00f6t\u0259n ilin dekabr\u0131nda Avropa \u0130nsan Haqlar\u0131 Forumundak\u0131 \u00e7\u0131x\u0131\u015f\u0131 zaman\u0131 \u201cDa\u011fl\u0131q Qaraba\u011fda\u201d \u201cetnik t\u0259mizl\u0259m\u0259 v\u0259 yerli \u0259halinin m\u0259cburi deportasiyas\u0131 m\u0259s\u0259l\u0259sind\u0259n\u201d dan\u0131\u015fm\u0131\u015fd\u0131. Erm\u0259nistan t\u0259r\u0259fi \u0259razid\u0259n getmi\u015f erm\u0259nil\u0259rin say\u0131n\u0131n 100 min n\u0259f\u0259r qeyd edildiyi halda, Borrel 150 min n\u0259f\u0259rd\u0259n b\u0259hs etm\u0259kd\u0259n utanmam\u0131\u015fd\u0131. Fevral\u0131n 13-d\u0259 is\u0259 Borrel Erm\u0259nistan\u0131n xarici i\u015fl\u0259r naziri Ararat Mirzoyanla birg\u0259 m\u0259tbuat konfrans\u0131 zaman\u0131 Az\u0259rbaycan \u0259leyhin\u0259 yen\u0259 \u0259sass\u0131z iddialar v\u0259 ittihamlar s\u0259sl\u0259ndirib. Borrel h\u0259rbi t\u0259cav\u00fcz t\u00f6r\u0259tmi\u015f Erm\u0259nistan t\u0259r\u0259fin\u0259 b\u0259ra\u0259t qazand\u0131rma\u011fa \u00e7al\u0131\u015f\u0131b.<\/p>\n<p>\u201cAvropa \u0130ttifaq\u0131n\u0131n ali n\u00fcmay\u0259nd\u0259sinin silahl\u0131 q\u00fcvv\u0259l\u0259rin geri \u00e7\u0259kilm\u0259si bar\u0259d\u0259 he\u00e7 bir praktiki \u0259h\u0259miyy\u0259t\u0259 malik olmayan t\u0259klifi t\u0259\u0259ss\u00fcf do\u011furur. A\u0130 t\u0259r\u0259fi n\u0259z\u0259r\u0259 almal\u0131d\u0131r ki, Erm\u0259nistan t\u0259r\u0259find\u0259n s\u0259rh\u0259dyan\u0131 b\u00f6lg\u0259l\u0259rd\u0259 &#8220;Avropa \u0130ttifaq\u0131 Missiyas\u0131 himay\u0259si&#8221; alt\u0131nda yerl\u0259\u015fdirilmi\u015f muzdlular Az\u0259rbaycan h\u0259rb\u00e7il\u0259rinin v\u0259 m\u00fclki \u0259halisinin h\u0259yat\u0131na t\u0259hdiddir&#8221;. Bu is\u0259 Az\u0259rbaycan X\u0130N-in b\u0259yanat\u0131ndan bir sitatd\u0131r.<\/p>\n<p>\u201cAz\u0259rbaycan\u0131n Qaraba\u011f iqtisadi rayonunu k\u00f6n\u00fcll\u00fc olaraq t\u0259rk etmi\u015f erm\u0259ni \u0259silli sakinl\u0259rin m\u0259cburi k\u00f6\u00e7k\u00fcn kimi q\u0259l\u0259m\u0259 verilm\u0259si v\u0259 Az\u0259rbaycan\u0131n \u0259razisi olan bu b\u00f6lg\u0259y\u0259 m\u00fcnasib\u0259td\u0259 &#8220;Da\u011fl\u0131q-Qaraba\u011f&#8221; kimi m\u00f6vcud olmayan adlardan istifad\u0259 edilm\u0259si q\u0259buledilm\u0259zdir. Bir daha t\u0259\u0259ss\u00fcfl\u0259 qeyd edirik ki, Avropa \u0130ttifaq\u0131 \u015euras\u0131n\u0131n Prezidenti \u015earl Mi\u015felin s\u00fclh\u0259 y\u00f6n\u0259lmi\u015f t\u0259\u015f\u0259bb\u00fcsl\u0259rin\u0259 baxmayaraq, xarici \u0259laq\u0259l\u0259r v\u0259 t\u0259hl\u00fck\u0259sizlik siyas\u0259ti \u00fczr\u0259 ali n\u00fcmay\u0259nd\u0259 birt\u0259r\u0259fli erm\u0259nip\u0259r\u0259st m\u00f6vqe tutaraq Az\u0259rbaycanla Avropa \u0130ttifaq\u0131 t\u0259sisatlar\u0131 aras\u0131nda u\u00e7urum yarad\u0131r v\u0259 \u00f6z\u00fcn\u00fc n\u0259tic\u0259 etibaril\u0259, Az\u0259rbaycan-Erm\u0259nistan normalla\u015fma prosesind\u0259n tamamil\u0259 t\u0259crid edir&#8221;, &#8211; m\u0259lumatda qeyd edilib.<\/p>\n<p><strong>Borreli Az\u0259rbaycan \u0259leyhin\u0259 kim(l\u0259r) dan\u0131\u015fd\u0131r\u0131r? Onun bu davran\u0131\u015f\u0131 Avropa \u0130ttifaq\u0131 platformas\u0131nda Az\u0259rbaycan-Erm\u0259nistan s\u00fclh dan\u0131\u015f\u0131qlar\u0131n\u0131 \u0259ng\u0259ll\u0259yirmi?<\/strong><\/p>\n<p><strong><img src=\"https:\/\/cdn.musavat.com\/news\/thumbnails\/aeb4d2bae3a7d86abc693340e034d80f.jpg\" alt=\"\u00c7ingiz Q\u0259nizad\u0259: &quot;Az\u0259rbaycan\u0131 M\u0259rk\u0259zi Asiya \u00f6lk\u0259l\u0259ri il\u0259 \u00e7ox\u0259srlik tarixi  v\u0259 m\u0259d\u0259ni \u0259laq\u0259l\u0259r ba\u011flay\u0131r&quot;\" \/><\/strong><\/p>\n<p><strong>\u00a0\u00c7ingiz Q\u0259nizad\u0259<\/strong><\/p>\n<p>Demokratiya v\u0259 \u0130nsan H\u00fcquqlar\u0131 Komit\u0259sinin s\u0259dri \u00c7ingiz Q\u0259nizad\u0259 \u201cYeni M\u00fcsavat\u201da bildirdi ki, Avropa \u0130ttifaq\u0131 \u015euras\u0131n\u0131n Prezidenti \u015earl Mi\u015felin Prezident \u0130lham \u018fliyevi yenid\u0259n Prezident se\u00e7ilm\u0259si m\u00fcnasib\u0259til\u0259 t\u0259brik etm\u0259si m\u00fcsb\u0259t hal kimi d\u0259y\u0259rl\u0259ndirildi v\u0259 bundan sonra s\u00fclh dan\u0131\u015f\u0131qlar\u0131n\u0131n Avropa \u0130ttifaq\u0131 platformas\u0131nda h\u0259yata ke\u00e7iril\u0259c\u0259yi ehtimal\u0131 y\u00fcks\u0259ldi. Bel\u0259 \u00fcmidl\u0259r yarand\u0131 ki, y\u0259qin Avropa \u0130ttifaq\u0131 Az\u0259rbaycana m\u00fcnasib\u0259ti m\u00fcsb\u0259t\u0259 d\u0259yi\u015f\u0259c\u0259k. Lakin c\u0259mi bir ne\u00e7\u0259 g\u00fcn sonra Cozef Borrel m\u00fcnasib\u0259tl\u0259ri soyuqla\u015fd\u0131racaq v\u0259 s\u00fclh dan\u0131\u015f\u0131qlar\u0131n\u0131n Avropa \u0130ttifaq\u0131 platformas\u0131nda apar\u0131lmas\u0131na z\u0259rb\u0259 vuran anti-Az\u0259rbaycan m\u00f6vqeyini yenid\u0259n n\u00fcmayi\u015f etdirdi: \u201cSanki Borrel bununla Avropa \u0130ttifaq\u0131 il\u0259 Az\u0259rbaycan aras\u0131nda m\u00fcnasib\u0259tl\u0259rin normalla\u015fmas\u0131n\u0131n qar\u015f\u0131s\u0131n\u0131 almaq, Avropa \u0130ttifaq\u0131 platformas\u0131nda s\u00fclh dan\u0131\u015f\u0131qlar\u0131n\u0131 \u0259ng\u0259ll\u0259m\u0259k \u00fc\u00e7\u00fcn bu add\u0131m\u0131 atm\u0131\u015f oldu. Bel\u0259 g\u00f6r\u00fcn\u00fcr ki, Borrel\u0259 bunun \u00fc\u00e7\u00fcn sifari\u015f verilib v\u0259 o, ya erm\u0259nil\u0259rin, ya da g\u00fccl\u00fc erm\u0259nip\u0259r\u0259st hans\u0131sa q\u00fcvv\u0259nin irad\u0259si il\u0259 h\u0259r\u0259k\u0259t edir. Biz bundan \u00f6nc\u0259l\u0259rd\u0259 d\u0259 Borrelin haqs\u0131z, anti-Az\u0259rbaycan m\u00f6vqeyinin \u015fahidi olmu\u015fuq. Faktiki olaraq erm\u0259ni separatizmin\u0259 haqq qazand\u0131rma\u011fa c\u0259hd etm\u0259si, s\u00fclh sazi\u015fi imzalamaqdan yay\u0131nan Erm\u0259nistan\u0131 m\u00fcdafi\u0259 etm\u0259si onun Avropadak\u0131 g\u00fccl\u00fc erm\u0259ni lobbisi t\u0259r\u0259find\u0259n v\u0259 anti-Az\u0259rbaycan m\u00f6vqeyind\u0259 olan daha y\u00fcks\u0259k siyasi dair\u0259l\u0259r t\u0259r\u0259find\u0259n idar\u0259 edildiyi fikrini yarad\u0131r. Onun sifari\u015fl\u0259 dan\u0131\u015fd\u0131\u011f\u0131 \u015f\u00fcbh\u0259sizdir v\u0259 diplomata yara\u015fmayan iddialar ir\u0259li s\u00fcrm\u0259kl\u0259 m\u0259\u015f\u011fuldur. Biz Avropa \u0130ttifaq\u0131nda da korrupsiyala\u015fm\u0131\u015f m\u00fc\u0259yy\u0259n dair\u0259l\u0259rin oldu\u011funu bilirik. Bunu t\u0259k biz yox, d\u00fcnya bilir. Bel\u0259 anla\u015f\u0131l\u0131r ki, Cozef Borrel korrupsiyala\u015fm\u0131\u015f qrupun parlaq n\u00fcmay\u0259nd\u0259l\u0259rind\u0259ndir. Onun q\u0259r\u0259zli anti-Az\u0259rbaycan fikirl\u0259rinin arxas\u0131nda hans\u0131sa dair\u0259l\u0259rd\u0259n ald\u0131\u011f\u0131 maliyy\u0259 dayan\u0131r\u201d.<\/p>\n<p><strong>\u00c7.Q\u0259nizad\u0259 vurulad\u0131 ki, ancaq Borrel n\u0259 q\u0259d\u0259r Az\u0259rbaycana qar\u015f\u0131 b\u00f6htanlar, beyn\u0259lxalq h\u00fcquqa zidd iddialar ir\u0259li s\u00fcrs\u0259 d\u0259 b\u00fct\u00fcn bunlar Az\u0259rbaycan\u0131n haql\u0131 m\u00f6vqeyin\u0259 t\u0259sir etm\u0259y\u0259c\u0259k.\u00a0<\/strong><\/p>\n<p><strong><img src=\"https:\/\/turkic.world\/media\/2023\/05\/12\/ilyas_huseynov.jpg\" alt=\"Az\u0259rbaycan\u0131n g\u00fccl\u00fc orduya malik olmas\u0131 bir \u015f\u0259rtdir - \u0130lyas H\u00fcseynov (\u00d6Z\u018fL)  - Turkic World\" \/><\/strong><\/p>\n<p><strong>\u0130lyas H\u00fcseynov<\/strong><\/p>\n<p>Sosial T\u0259dqiqatlar M\u0259rk\u0259zinin sektor m\u00fcdiri \u0130lyas H\u00fcseynov\u00a0 bildirdi ki,\u00a0 Borrel s\u00fclh prosesini pozmaq \u00fc\u00e7\u00fcn \u00e7al\u0131\u015f\u0131r: \u201cH\u0259qiq\u0259t namin\u0259 qeyd ed\u0259k ki, Mi\u015felin obyektiv yana\u015fmas\u0131, rasional davran\u0131\u015f\u0131 x\u00fcsusi diqq\u0259t \u00e7\u0259kir. Lakin \u015earl Mi\u015feld\u0259n f\u0259rqli olaraq Avropa \u0130ttifaq\u0131n\u0131n xarici i\u015fl\u0259r v\u0259 t\u0259hl\u00fck\u0259sizlik siyas\u0259ti \u00fczr\u0259 ali komissar\u0131 Cozef Borrel q\u0259r\u0259zli, pozucu m\u00fcnasib\u0259til\u0259 diqq\u0259t \u00e7\u0259kir. Az\u0259rbaycan t\u0259dqiqat\u00e7\u0131lar\u0131 ciddi ara\u015fd\u0131rmalar aparmal\u0131d\u0131rlar ki, bu yana\u015fman\u0131n s\u0259b\u0259bi haradan qaynaqlan\u0131r. Avropa \u0130ttifaq\u0131 il\u0259 Az\u0259rbaycan aras\u0131nda strateji m\u00fcnasib\u0259tl\u0259r var. Avropa Komissiyas\u0131n\u0131n r\u0259hb\u0259ri Ursula Fonder Leyn Az\u0259rbaycana s\u0259f\u0259ri \u00e7\u0259r\u00e7iv\u0259sind\u0259 enerji t\u0259dar\u00fck\u00fcn\u00fcn h\u0259cminin iki d\u0259f\u0259 art\u0131r\u0131lmas\u0131na dair sazi\u015f imzaland\u0131. Avropa \u0130ttifaq\u0131 C\u0259nubi Qafqazda Az\u0259rbaycan\u0131n yerini v\u0259 rolunu ciddi qiym\u0259tl\u0259ndirir. Az\u0259rbaycan\u0131n \u015e\u0259rql\u0259 Q\u0259rb aras\u0131nda n\u0259qliyyat ba\u011flant\u0131lar\u0131nda \u00f6n\u0259mli h\u0259lq\u0259ni t\u0259\u015fkil etdiyini bilirl\u0259r. Avropa \u0130ttifaq\u0131 Az\u0259rbaycan olmadan \u015f\u0259rq\u0259 geni\u015fl\u0259n\u0259 bilm\u0259z. M\u0259rk\u0259zi Asiyan\u0131n a\u00e7ar\u0131 da Az\u0259rbaycandad\u0131r. B\u00fct\u00fcn bu geostrateji \u00fcst\u00fcnl\u00fckl\u0259ri ona g\u00f6r\u0259 sadalay\u0131r\u0131q ki, Avropa \u0130ttifaq\u0131n\u0131n bir s\u0131ra r\u0259smil\u0259rinin \u00fcmumi Br\u00fcsselin maraqlar\u0131ndan k\u0259nar yana\u015fmalar\u0131 m\u00fc\u015fahid\u0259 olunmaqdad\u0131r. Borrel d\u0259 m\u0259hz Avropa \u0130ttifaq\u0131n\u0131n \u00fcmumi maraqlar\u0131ndan k\u0259nara \u00e7\u0131xan b\u0259yanatlar verm\u0259kd\u0259dir\u201d.<\/p>\n<p><strong>\u0130.H\u00fcseynov hesab edir ki, bu b\u0259yanatlar sanki hans\u0131sa A\u0130-y\u0259 qar\u015f\u0131 olan q\u00fcvv\u0259l\u0259rin sifari\u015fi il\u0259, onlar\u0131n ist\u0259kl\u0259rin\u0259 uy\u011fun s\u0259sl\u0259ndirilir:<\/strong>\u00a0\u201cN\u0259 zaman Avropa \u0130ttifaq\u0131 il\u0259 Az\u0259rbaycan aras\u0131nda m\u00fcnasib\u0259tl\u0259r m\u00fcsb\u0259t m\u0259craya y\u00f6n al\u0131r, Borrel ortaya \u00e7\u0131x\u0131r v\u0259 q\u0259r\u0259zli anti-Az\u0259rbaycan v\u0259 erminp\u0259r\u0259st b\u0259yanatlar s\u0259sl\u0259ndirir. Bu, q\u0259tiyy\u0259n t\u0259sad\u00fcfi deyil. Avropa \u0130ttifaq\u0131 Az\u0259rbaycan\u0131n nec\u0259 g\u0259r\u0259kli \u00f6lk\u0259 oldu\u011funu yenid\u0259n qiym\u0259tl\u0259ndirm\u0259li v\u0259 Cozef Borrel kimi pozuculuq ed\u0259n r\u0259smil\u0259rini z\u0259r\u0259rli yoldan d\u00f6nd\u0259rm\u0259lidir. T\u0259\u0259ss\u00fcfl\u0259r olsun ki, Borrel n\u0259 q\u0259d\u0259r t\u0259cr\u00fcb\u0259li siyas\u0259t\u00e7i olsa da Avropa \u0130ttifaq\u0131n\u0131n, \u00fcmumi Q\u0259rbin maraqlar\u0131ndan k\u0259nar m\u00f6vqe s\u0259rgil\u0259yir. Bununla da Avropa \u0130ttifaq\u0131 platformas\u0131nda s\u00fclh dan\u0131\u015f\u0131qlar\u0131n\u0131 \u0259ng\u0259ll\u0259yir, Az\u0259rbaycan\u0131n Br\u00fcssel\u0259 olan etimad\u0131n\u0131 azald\u0131r. Bizim art\u0131q\u00a0 Borrel kimisinin m\u00f6vqe qoydu\u011fu bir instituta etimad\u0131m\u0131z azal\u0131r v\u0259 orada apar\u0131lan dan\u0131\u015f\u0131qlar m\u0259nas\u0131zla\u015f\u0131r, \u00f6z \u0259h\u0259miyy\u0259tini itirir\u201d.<\/p>\n","protected":false},"excerpt":{"rendered":"<p>Politoloq: \u201cN\u0259 zaman A\u0130 il\u0259 Az\u0259rbaycan aras\u0131nda m\u00fcnasib\u0259tl\u0259r m\u00fcsb\u0259t m\u0259craya y\u00f6n al\u0131r, Borrel erm\u0259nip\u0259r\u0259st b\u0259yanatlar s\u0259sl\u0259ndirir\u201d Son aylar Avropa Birliyinin Az\u0259rbaycanla ba\u011fl\u0131 qism\u0259n obyektiv m\u00f6vqed\u0259n sap\u0131n\u0131b Erm\u0259nistana t\u0259r\u0259f s\u00fcr\u00fc\u015fm\u0259sinin s\u0259b\u0259bl\u0259ri b\u0259llidir. Q\u0259rb Erm\u0259nistana himay\u0259sini g\u00f6st\u0259rm\u0259k \u00fc\u00e7\u00fcn \u0130r\u0259van\u0131 s\u0131\u011fallay\u0131r. Avropa Birliyi \u015earl Mi\u015felin vasit\u0259sil\u0259 simas\u0131n\u0131 qoruma\u011fa \u00e7al\u0131\u015fm\u0131\u015fd\u0131, amma maskalar\u0131 g\u00f6zl\u0259nildiyind\u0259n daha tez c\u0131r\u0131ld\u0131, erm\u0259nip\u0259r\u0259st niyy\u0259tl\u0259ri g\u00f6r\u00fcnd\u00fc. Borrel Avropa \u0130ttifaq\u0131ndak\u0131 qoca \u201cq\u0131r\u011f\u0131\u201dlardan biridir. N\u0259 t\u0259sad\u00fcf ki, Borrel \u0130spaniyada separat\u00e7\u0131 b\u00f6lg\u0259d\u0259-Kataloniyada do\u011fulub. Yen\u0259 d\u0259 n\u0259 t\u0259sad\u00fcf ki, Borrel erm\u0259nil\u0259rin saxta soyq\u0131r\u0131m\u0131 g\u00fcn\u00fcnd\u0259-24 apreld\u0259 bu i\u015f\u0131ql\u0131 d\u00fcnyaya g\u0259lib. \u00dc\u00e7 il d\u0259 anti-Az\u0259rbaycan m\u00f6vqeyi il\u0259&hellip;<\/p>\n","protected":false},"author":2,"featured_media":691667,"comment_status":"closed","ping_status":"closed","sticky":false,"template":"","format":"standard","meta":{"om_disable_all_campaigns":false,"_monsterinsights_skip_tracking":false,"_monsterinsights_sitenote_active":false,"_monsterinsights_sitenote_note":"","_monsterinsights_sitenote_category":0},"categories":[19],"tags":[],"aioseo_notices":[],"gutentor_comment":0,"rttpg_featured_image_url":{"full":["https:\/\/arantv.az\/wp-content\/uploads\/2024\/02\/e141f927e129a4589852d2564603ec54.jpg",750,500,false],"landscape":["https:\/\/arantv.az\/wp-content\/uploads\/2024\/02\/e141f927e129a4589852d2564603ec54.jpg",750,500,false],"portraits":["https:\/\/arantv.az\/wp-content\/uploads\/2024\/02\/e141f927e129a4589852d2564603ec54.jpg",750,500,false],"thumbnail":["https:\/\/arantv.az\/wp-content\/uploads\/2024\/02\/e141f927e129a4589852d2564603ec54-500x280.jpg",500,280,true],"medium":["https:\/\/arantv.az\/wp-content\/uploads\/2024\/02\/e141f927e129a4589852d2564603ec54-548x365.jpg",548,365,true],"large":["https:\/\/arantv.az\/wp-content\/uploads\/2024\/02\/e141f927e129a4589852d2564603ec54.jpg",640,427,false],"1536x1536":["https:\/\/arantv.az\/wp-content\/uploads\/2024\/02\/e141f927e129a4589852d2564603ec54.jpg",750,500,false],"2048x2048":["https:\/\/arantv.az\/wp-content\/uploads\/2024\/02\/e141f927e129a4589852d2564603ec54.jpg",750,500,false],"post-thumbnail":["https:\/\/arantv.az\/wp-content\/uploads\/2024\/02\/e141f927e129a4589852d2564603ec54-240x172.jpg",240,172,true],"advps-thumb-one":["https:\/\/arantv.az\/wp-content\/uploads\/2024\/02\/e141f927e129a4589852d2564603ec54.jpg",750,500,false]},"rttpg_author":{"display_name":"V\u00fcsal Rafiqo\u011flu","author_link":"https:\/\/arantv.az\/?author=2"},"rttpg_comment":0,"rttpg_category":"<a href=\"https:\/\/arantv.az\/?cat=19\" rel=\"category\">G\u00fcnd\u0259m<\/a>","rttpg_excerpt":"Politoloq: \u201cN\u0259 zaman A\u0130 il\u0259 Az\u0259rbaycan aras\u0131nda m\u00fcnasib\u0259tl\u0259r m\u00fcsb\u0259t m\u0259craya y\u00f6n al\u0131r, Borrel erm\u0259nip\u0259r\u0259st b\u0259yanatlar s\u0259sl\u0259ndirir\u201d Son aylar Avropa Birliyinin Az\u0259rbaycanla ba\u011fl\u0131 qism\u0259n obyektiv m\u00f6vqed\u0259n sap\u0131n\u0131b Erm\u0259nistana t\u0259r\u0259f s\u00fcr\u00fc\u015fm\u0259sinin s\u0259b\u0259bl\u0259ri b\u0259llidir. Q\u0259rb Erm\u0259nistana himay\u0259sini g\u00f6st\u0259rm\u0259k \u00fc\u00e7\u00fcn \u0130r\u0259van\u0131 s\u0131\u011fallay\u0131r. Avropa Birliyi \u015earl Mi\u015felin vasit\u0259sil\u0259 simas\u0131n\u0131 qoruma\u011fa \u00e7al\u0131\u015fm\u0131\u015fd\u0131, amma maskalar\u0131 g\u00f6zl\u0259nildiyind\u0259n daha tez c\u0131r\u0131ld\u0131, erm\u0259nip\u0259r\u0259st niyy\u0259tl\u0259ri g\u00f6r\u00fcnd\u00fc.&hellip;","_links":{"self":[{"href":"https:\/\/arantv.az\/index.php?rest_route=\/wp\/v2\/posts\/691666"}],"collection":[{"href":"https:\/\/arantv.az\/index.php?rest_route=\/wp\/v2\/posts"}],"about":[{"href":"https:\/\/arantv.az\/index.php?rest_route=\/wp\/v2\/types\/post"}],"author":[{"embeddable":true,"href":"https:\/\/arantv.az\/index.php?rest_route=\/wp\/v2\/users\/2"}],"replies":[{"embeddable":true,"href":"https:\/\/arantv.az\/index.php?rest_route=%2Fwp%2Fv2%2Fcomments&post=691666"}],"version-history":[{"count":0,"href":"https:\/\/arantv.az\/index.php?rest_route=\/wp\/v2\/posts\/691666\/revisions"}],"wp:featuredmedia":[{"embeddable":true,"href":"https:\/\/arantv.az\/index.php?rest_route=\/wp\/v2\/media\/691667"}],"wp:attachment":[{"href":"https:\/\/arantv.az\/index.php?rest_route=%2Fwp%2Fv2%2Fmedia&parent=691666"}],"wp:term":[{"taxonomy":"category","embeddable":true,"href":"https:\/\/arantv.az\/index.php?rest_route=%2Fwp%2Fv2%2Fcategories&post=691666"},{"taxonomy":"post_tag","embeddable":true,"href":"https:\/\/arantv.az\/index.php?rest_route=%2Fwp%2Fv2%2Ftags&post=691666"}],"curies":[{"name":"wp","href":"https:\/\/api.w.org\/{rel}","templated":true}]}}