{"id":691817,"date":"2024-02-16T17:32:49","date_gmt":"2024-02-16T13:32:49","guid":{"rendered":"https:\/\/arantv.az\/?p=691817"},"modified":"2024-02-16T17:32:49","modified_gmt":"2024-02-16T13:32:49","slug":"dovl%c9%99t-komit%c9%99sinin-s%c9%99dri-v%c9%99zif%c9%99sinin-muv%c9%99qq%c9%99ti-icracisinin-dosyesi","status":"publish","type":"post","link":"https:\/\/arantv.az\/?p=691817","title":{"rendered":"D\u00f6vl\u0259t Komit\u0259sinin s\u0259dri v\u0259zif\u0259sinin m\u00fcv\u0259qq\u0259ti icra\u00e7\u0131s\u0131n\u0131n DOSYES\u0130"},"content":{"rendered":"<p>Prezident \u0130lham \u018fliyevin s\u0259r\u0259ncam\u0131 il\u0259 Dini Qurumlarla \u0130\u015f \u00fczr\u0259 D\u00f6vl\u0259t Komit\u0259sinin s\u0259dri t\u0259yin olunanad\u0259k v\u0259zif\u0259nin m\u00fcv\u0259qq\u0259ti icras\u0131 h\u0259min komit\u0259nin s\u0259drinin birinci m\u00fcavini S\u0259yyad Adil o\u011flu Salahl\u0131ya h\u0259val\u0259 edilib.<\/p>\n<p>Oxu.Az komit\u0259nin s\u0259drinin m\u00fcv\u0259qq\u0259ti icra\u00e7\u0131s\u0131n\u0131n dosyesini t\u0259qdim edir:<\/p>\n<p>O, 1952-ci il yanvar\u0131n 15-d\u0259 \u0130mi\u015fli rayonunun Qaradonlu k\u0259ndind\u0259 anadan olub. Az\u0259rbaycan D\u00f6vl\u0259t Pedaqoji \u0130nstitutunun filologiya fak\u00fclt\u0259sini v\u0259 Bak\u0131 D\u00f6vl\u0259t Universitetinin h\u00fcquq fak\u00fclt\u0259sini bitirib.<\/p>\n<p>2001-ci ild\u0259n Az\u0259rbaycan Beyn\u0259lxalq Universitetinin Jurnalistika fak\u00fclt\u0259sinin dekan\u0131 i\u015fl\u0259yib.<br \/>\nS\u0259yyad Salahl\u0131 1995-ci ild\u0259 67 sayl\u0131 Z\u0259rdab-\u0130mi\u015fli-Ucar, 2000-ci ild\u0259 is\u0259 67 sayl\u0131 Z\u0259rdab-\u0130mi\u015fli se\u00e7ki dair\u0259sind\u0259n deputat se\u00e7ilib.<br \/>\nPrezidentin S\u0259r\u0259ncam\u0131 il\u0259 16 noyabr 2012-ci ild\u0259 Dini Qurumlarla \u0130\u015f \u00fczr\u0259 D\u00f6vl\u0259t Komit\u0259sinin s\u0259drinin birinci m\u00fcavini v\u0259zif\u0259sin\u0259 t\u0259yin edilib.<\/p>\n<p>Evlidir, 3 \u00f6vlad\u0131 var.<\/p>\n","protected":false},"excerpt":{"rendered":"<p>Prezident \u0130lham \u018fliyevin s\u0259r\u0259ncam\u0131 il\u0259 Dini Qurumlarla \u0130\u015f \u00fczr\u0259 D\u00f6vl\u0259t Komit\u0259sinin s\u0259dri t\u0259yin olunanad\u0259k v\u0259zif\u0259nin m\u00fcv\u0259qq\u0259ti icras\u0131 h\u0259min komit\u0259nin s\u0259drinin birinci m\u00fcavini S\u0259yyad Adil o\u011flu Salahl\u0131ya h\u0259val\u0259 edilib. Oxu.Az komit\u0259nin s\u0259drinin m\u00fcv\u0259qq\u0259ti icra\u00e7\u0131s\u0131n\u0131n dosyesini t\u0259qdim edir: O, 1952-ci il yanvar\u0131n 15-d\u0259 \u0130mi\u015fli rayonunun Qaradonlu k\u0259ndind\u0259 anadan olub. Az\u0259rbaycan D\u00f6vl\u0259t Pedaqoji \u0130nstitutunun filologiya fak\u00fclt\u0259sini v\u0259 Bak\u0131 D\u00f6vl\u0259t Universitetinin h\u00fcquq fak\u00fclt\u0259sini bitirib. 2001-ci ild\u0259n Az\u0259rbaycan Beyn\u0259lxalq Universitetinin Jurnalistika fak\u00fclt\u0259sinin dekan\u0131 i\u015fl\u0259yib. S\u0259yyad Salahl\u0131 1995-ci ild\u0259 67 sayl\u0131 Z\u0259rdab-\u0130mi\u015fli-Ucar, 2000-ci ild\u0259 is\u0259 67 sayl\u0131 Z\u0259rdab-\u0130mi\u015fli se\u00e7ki dair\u0259sind\u0259n deputat se\u00e7ilib. Prezidentin S\u0259r\u0259ncam\u0131 il\u0259 16&hellip;<\/p>\n","protected":false},"author":2,"featured_media":691818,"comment_status":"closed","ping_status":"closed","sticky":false,"template":"","format":"standard","meta":{"om_disable_all_campaigns":false,"_monsterinsights_skip_tracking":false,"_monsterinsights_sitenote_active":false,"_monsterinsights_sitenote_note":"","_monsterinsights_sitenote_category":0},"categories":[19],"tags":[],"aioseo_notices":[],"gutentor_comment":0,"rttpg_featured_image_url":{"full":["https:\/\/arantv.az\/wp-content\/uploads\/2024\/02\/423766510_267014819762801_2572195091003411742_n.jpg",620,413,false],"landscape":["https:\/\/arantv.az\/wp-content\/uploads\/2024\/02\/423766510_267014819762801_2572195091003411742_n.jpg",620,413,false],"portraits":["https:\/\/arantv.az\/wp-content\/uploads\/2024\/02\/423766510_267014819762801_2572195091003411742_n.jpg",620,413,false],"thumbnail":["https:\/\/arantv.az\/wp-content\/uploads\/2024\/02\/423766510_267014819762801_2572195091003411742_n-500x280.jpg",500,280,true],"medium":["https:\/\/arantv.az\/wp-content\/uploads\/2024\/02\/423766510_267014819762801_2572195091003411742_n-548x365.jpg",548,365,true],"large":["https:\/\/arantv.az\/wp-content\/uploads\/2024\/02\/423766510_267014819762801_2572195091003411742_n.jpg",620,413,false],"1536x1536":["https:\/\/arantv.az\/wp-content\/uploads\/2024\/02\/423766510_267014819762801_2572195091003411742_n.jpg",620,413,false],"2048x2048":["https:\/\/arantv.az\/wp-content\/uploads\/2024\/02\/423766510_267014819762801_2572195091003411742_n.jpg",620,413,false],"post-thumbnail":["https:\/\/arantv.az\/wp-content\/uploads\/2024\/02\/423766510_267014819762801_2572195091003411742_n-240x172.jpg",240,172,true],"advps-thumb-one":["https:\/\/arantv.az\/wp-content\/uploads\/2024\/02\/423766510_267014819762801_2572195091003411742_n.jpg",620,413,false]},"rttpg_author":{"display_name":"V\u00fcsal Rafiqo\u011flu","author_link":"https:\/\/arantv.az\/?author=2"},"rttpg_comment":0,"rttpg_category":"<a href=\"https:\/\/arantv.az\/?cat=19\" rel=\"category\">G\u00fcnd\u0259m<\/a>","rttpg_excerpt":"Prezident \u0130lham \u018fliyevin s\u0259r\u0259ncam\u0131 il\u0259 Dini Qurumlarla \u0130\u015f \u00fczr\u0259 D\u00f6vl\u0259t Komit\u0259sinin s\u0259dri t\u0259yin olunanad\u0259k v\u0259zif\u0259nin m\u00fcv\u0259qq\u0259ti icras\u0131 h\u0259min komit\u0259nin s\u0259drinin birinci m\u00fcavini S\u0259yyad Adil o\u011flu Salahl\u0131ya h\u0259val\u0259 edilib. Oxu.Az komit\u0259nin s\u0259drinin m\u00fcv\u0259qq\u0259ti icra\u00e7\u0131s\u0131n\u0131n dosyesini t\u0259qdim edir: O, 1952-ci il yanvar\u0131n 15-d\u0259 \u0130mi\u015fli rayonunun Qaradonlu k\u0259ndind\u0259 anadan olub. Az\u0259rbaycan D\u00f6vl\u0259t Pedaqoji \u0130nstitutunun filologiya fak\u00fclt\u0259sini v\u0259 Bak\u0131&hellip;","_links":{"self":[{"href":"https:\/\/arantv.az\/index.php?rest_route=\/wp\/v2\/posts\/691817"}],"collection":[{"href":"https:\/\/arantv.az\/index.php?rest_route=\/wp\/v2\/posts"}],"about":[{"href":"https:\/\/arantv.az\/index.php?rest_route=\/wp\/v2\/types\/post"}],"author":[{"embeddable":true,"href":"https:\/\/arantv.az\/index.php?rest_route=\/wp\/v2\/users\/2"}],"replies":[{"embeddable":true,"href":"https:\/\/arantv.az\/index.php?rest_route=%2Fwp%2Fv2%2Fcomments&post=691817"}],"version-history":[{"count":0,"href":"https:\/\/arantv.az\/index.php?rest_route=\/wp\/v2\/posts\/691817\/revisions"}],"wp:featuredmedia":[{"embeddable":true,"href":"https:\/\/arantv.az\/index.php?rest_route=\/wp\/v2\/media\/691818"}],"wp:attachment":[{"href":"https:\/\/arantv.az\/index.php?rest_route=%2Fwp%2Fv2%2Fmedia&parent=691817"}],"wp:term":[{"taxonomy":"category","embeddable":true,"href":"https:\/\/arantv.az\/index.php?rest_route=%2Fwp%2Fv2%2Fcategories&post=691817"},{"taxonomy":"post_tag","embeddable":true,"href":"https:\/\/arantv.az\/index.php?rest_route=%2Fwp%2Fv2%2Ftags&post=691817"}],"curies":[{"name":"wp","href":"https:\/\/api.w.org\/{rel}","templated":true}]}}