{"id":691823,"date":"2024-02-16T17:34:34","date_gmt":"2024-02-16T13:34:34","guid":{"rendered":"https:\/\/arantv.az\/?p=691823"},"modified":"2024-02-16T17:34:34","modified_gmt":"2024-02-16T13:34:34","slug":"qafqaz-ugrunda-savas-qizisir-c%c9%99nub-qonsumuz-n%c9%99d%c9%99n-narahatdir","status":"publish","type":"post","link":"https:\/\/arantv.az\/?p=691823","title":{"rendered":"Qafqaz u\u011frunda sava\u015f q\u0131z\u0131\u015f\u0131r: C\u0259nub qon\u015fumuz n\u0259d\u0259n narahatd\u0131r?"},"content":{"rendered":"<p><strong>Rusiya v\u0259 \u0130ran Q\u0259rbin C\u0259nubi Qafqazda t\u0259sir imkanlar\u0131n\u0131n artmas\u0131ndan v\u0259 bu regiondak\u0131 prosesl\u0259r\u0259 m\u00fcdaxil\u0259sind\u0259n narahatd\u0131r.<\/strong><\/p>\n<p>Qeyd ed\u0259k ki, \u0130ran \u0130slam Respublikas\u0131n\u0131n Prezidenti \u0130brahim R\u0259isi Erm\u0259nistan Ba\u015f nazirinin m\u00fcavini Mher Qriqonyanla g\u00f6r\u00fc\u015f\u00fcnd\u0259 C\u0259nubi Qafqazda k\u0259nar d\u00f6vl\u0259tl\u0259r\u0259 aid q\u00fcvv\u0259l\u0259rin olmas\u0131na qar\u015f\u0131 \u00e7\u0131x\u0131b:<\/p>\n<p>\u201cBiz probleml\u0259rin h\u0259llin\u0259 k\u00f6m\u0259k etdikl\u0259rini b\u0259han\u0259 g\u0259tir\u0259r\u0259k b\u00f6lg\u0259d\u0259 \u0259cn\u0259bil\u0259rin m\u00f6vcudlu\u011fu il\u0259 raz\u0131la\u015fm\u0131r\u0131q v\u0259 inan\u0131r\u0131q ki, onlar\u0131n m\u00f6vcudlu\u011fu n\u0259inki probleml\u0259rin \u00f6hd\u0259sind\u0259n g\u0259lm\u0259y\u0259 k\u00f6m\u0259k etm\u0259y\u0259c\u0259k, \u0259ksin\u0259, regionun xalqlar\u0131 v\u0259 h\u00f6kum\u0259tl\u0259ri \u00fc\u00e7\u00fcn daha b\u00f6y\u00fck problem\u0259 \u00e7evril\u0259c\u0259k\u201d.<\/p>\n<p>G\u00f6r\u00fcn\u00fcr \u0130brahim R\u0259isi bununla Erm\u0259nistan\u0131n d\u00f6vl\u0259t r\u0259smisin\u0259 \u0130ran\u0131n \u0130r\u0259van\u0131n AB\u015e, Fransa v\u0259 Avropa \u0130ttifaq\u0131na daha da yax\u0131nla\u015fmas\u0131ndan narahatl\u0131q ke\u00e7irdiyini dem\u0259k ist\u0259yib. Eyni zamanda, Rusiya Federasiyas\u0131 T\u0259hl\u00fck\u0259sizlik \u015euras\u0131n\u0131n katibi Nikolay Patru\u015fevin regiondak\u0131 haz\u0131rk\u0131 v\u0259ziyy\u0259tl\u0259 ba\u011fl\u0131 b\u0259yanat\u0131na da diqq\u0259t yetirm\u0259k laz\u0131md\u0131r.<\/p>\n<p>Patru\u015fev b\u0259yan edib ki, Q\u0259rb C\u0259nubi Qafqazda v\u0259ziyy\u0259ti g\u0259rginl\u0259\u015fdirm\u0259y\u0259 v\u0259 Erm\u0259nistanla Az\u0259rbaycan aras\u0131nda m\u00fcnasib\u0259tl\u0259rin normalla\u015fmas\u0131na mane olma\u011fa \u00e7al\u0131\u015f\u0131r.<\/p>\n<p>Nikolay Patru\u015fev daxil olmaqla, Rusiyan\u0131n d\u00f6vl\u0259t r\u0259smil\u0259rinin son \u00e7\u0131x\u0131\u015flar\u0131na n\u0259z\u0259rd\u0259n ke\u00e7ir\u0259rk\u0259n g\u00f6r\u0259r\u0259k ki, Q\u0259rbin C\u0259nubi Qafqazdak\u0131 siyasi prosesl\u0259r\u0259 m\u00fcdaxil\u0259si Moskva t\u0259r\u0259find\u0259n q\u0259buledilm\u0259z hesab olunur.<\/p>\n<p>M\u0259s\u0259l\u0259 il\u0259 ba\u011fl\u0131 Orta Do\u011fu Ara\u015fd\u0131rmalar M\u0259rk\u0259zinin r\u0259hb\u0259ri, siyasi \u015f\u0259rh\u00e7i S\u0259dr\u0259ddin Soltan \u201cCebhe.info\u201d-ya a\u00e7\u0131qlamas\u0131nda qeyd edib ki, \u0130ran Prezidenti \u0130brahim R\u0259isinin \u0259sas narahatl\u0131\u011f\u0131 Erm\u0259nistanla yox, Az\u0259rbaycanla ba\u011fl\u0131d\u0131r.<\/p>\n<p><img loading=\"lazy\" src=\"https:\/\/cdn.musavat.com\/news\/thumbnails\/c1f944f6f117dca42ad104fd134cda70.jpg\" alt=\"\u0411\u0435\u0437 \u043d\u0430\u0437\u0432\u0430\u043d\u0438\u044f (18).jpg (47 KB)\" width=\"734\" height=\"489\" \/><\/p>\n<p>\u201c\u0130brahim R\u0259isi Erm\u0259nistan\u0131n hans\u0131 g\u00fcc\u0259 malik oldu\u011funu yax\u015f\u0131 bilir. Erm\u0259nistan\u0131n Az\u0259rbaycanla s\u0259rh\u0259d \u0259razil\u0259rind\u0259 Avropa \u0130ttifaq\u0131n\u0131n m\u00fc\u015fahid\u0259 missiyas\u0131n\u0131n f\u0259aliyy\u0259ti, x\u00fcsusil\u0259 orada Fransa h\u0259rb\u00e7il\u0259rinin olmas\u0131 \u0130ran hakimiyy\u0259tini narahat etmir. \u018fslind\u0259 Tehran Erm\u0259nistanda h\u0259min q\u00fcvv\u0259l\u0259rin f\u0259aliyy\u0259t g\u00f6st\u0259rm\u0259sini ist\u0259yir.<\/p>\n<p>\u0130ran Erm\u0259nistana b\u00fct\u00fcn formalarda d\u0259st\u0259k g\u00f6st\u0259rilm\u0259sinin t\u0259r\u0259fdar\u0131d\u0131r. Ona g\u00f6r\u0259 d\u0259 \u0130ran Prezidenti \u0130brahim R\u0259isini Erm\u0259nistan\u0131n hans\u0131 \u00f6lk\u0259 il\u0259 nec\u0259 dostluq etm\u0259si maraqland\u0131rm\u0131r. \u0130ran Erm\u0259nistan\u0131n AB\u015e, Avropa \u0130ttifaq\u0131, Fransa v\u0259 dig\u0259r Q\u0259rb \u00f6lk\u0259l\u0259ri il\u0259 m\u00fcnasib\u0259tl\u0259rini \u00f6z\u00fc \u00fc\u00e7\u00fcn t\u0259hl\u00fck\u0259 hesab etmir. M\u0259hz \u0130ran\u0131n h\u0259rbi-siyasi r\u0259hb\u0259rliyi AB\u015e v\u0259 Fransa il\u0259 eyni m\u00f6vqeyi b\u00f6l\u00fc\u015f\u00fcr\u201d.<\/p>\n<p>Politoloqun s\u00f6zl\u0259rin\u0259 g\u00f6r\u0259, \u0130ran hakimiyy\u0259ti Az\u0259rbaycan\u0131n Q\u0259rb v\u0259 \u0130srail il\u0259 m\u00fcnasib\u0259tl\u0259rini \u00f6z\u00fc \u00fc\u00e7\u00fcn t\u0259hl\u00fck\u0259 hesab edir:<\/p>\n<p>\u201cRusiya s\u00fclhm\u0259raml\u0131 kontigenti v\u0259 T\u00fcrkiy\u0259nin m\u00fc\u015fahid\u0259 missiyas\u0131n\u0131 \u00e7\u0131xmaq \u015f\u0259rti il\u0259 Az\u0259rbaycanda k\u0259nar \u00f6lk\u0259l\u0259rin h\u0259rbi q\u00fcvv\u0259l\u0259ri yoxdur. Amma \u0130ran hakimiyy\u0259ti Az\u0259rbaycan\u0131n AB\u015e, NATO, Avropa \u0130ttifaq\u0131 v\u0259 \u0130srail il\u0259 m\u00fcnasib\u0259tl\u0259rind\u0259n narahatl\u0131q ke\u00e7irir. Tehran Az\u0259rbaycan\u0131n Q\u0259rb v\u0259 \u0130srail il\u0259 m\u00fcnasib\u0259tl\u0259rini inki\u015faf etdirm\u0259sini h\u0259zm ed\u0259 bilmir\u201d.<\/p>\n<p>Nikolay Patru\u015fevin b\u0259yanat\u0131na g\u0259linc\u0259, S\u0259dr\u0259ddin Soltan vur\u011fulay\u0131b ki, Rusiya il\u0259 Q\u0259rb aras\u0131nda C\u0259nubi Qafqaz \u00fcz\u0259rind\u0259 ciddi geosiyasi m\u00fcbariz\u0259 gedir:<\/p>\n<p>\u201cRusiya ona qar\u015f\u0131 tu\u015flanan h\u0259d\u0259fl\u0259rd\u0259n uzaqla\u015fmaq \u00fc\u00e7\u00fcn ba\u015f ver\u0259n hadis\u0259l\u0259rd\u0259 birm\u0259nal\u0131 olaraq Q\u0259rbi ittiham edir. \u018fg\u0259r bel\u0259dirs\u0259, o zaman Rusiyan\u0131n r\u0259hb\u0259rliyin\u0259 bel\u0259 bir sual \u00fcnvanlamaq laz\u0131md\u0131r.<\/p>\n<p>Qaraba\u011f m\u00fcnaqi\u015f\u0259sinin meydana \u00e7\u0131xmas\u0131nda v\u0259 Qaraba\u011fda m\u00fcharib\u0259nin ba\u015f verm\u0259sind\u0259 kimdir g\u00fcnahkar? Erm\u0259nistanda yerli az\u0259rbaycanl\u0131lar\u0131n \u00f6z do\u011fma torpaqlar\u0131 \u2013 \u0130r\u0259van, G\u00f6y\u00e7\u0259 v\u0259 Z\u0259ng\u0259zurdan zorla qovulub \u00e7\u0131xar\u0131lmas\u0131nda \u0259sas baiskar kimdir? \u018flb\u0259tt\u0259 ki, Kreml. Rusiya SSR\u0130-nin varisi oldu\u011fundan bu m\u00fcnaqi\u015f\u0259nin alovlanmas\u0131nda m\u00fch\u00fcm rol oynay\u0131b. Sonrak\u0131 m\u0259rh\u0259l\u0259d\u0259 Q\u0259rb bu m\u00fcnaqi\u015f\u0259y\u0259 m\u00fcdaxil\u0259 etm\u0259y\u0259 ba\u015flay\u0131b.<\/p>\n<p>\u201cSoyuq m\u00fcharib\u0259\u201d d\u00f6vr\u00fcnd\u0259 oldu\u011fu kimi, haz\u0131rda Rusiya il\u0259 Q\u0259rb aras\u0131nda bir \u00e7ox istiqam\u0259tl\u0259rd\u0259 fikir ayr\u0131l\u0131qlar\u0131 v\u0259 siyasi ziddiyy\u0259tl\u0259r ya\u015fan\u0131r. Bu ziddiyy\u0259tl\u0259r fonunda C\u0259nubi Qafqazda haz\u0131rk\u0131 prosesl\u0259r g\u0259rginl\u0259\u015fm\u0259y\u0259 do\u011fru gedir.<\/p>\n<p>Bildirim ki, Az\u0259rbaycan-Erm\u0259nistan m\u00fcnasib\u0259tl\u0259rinin normalla\u015fmas\u0131na mane olan \u00f6lk\u0259l\u0259rd\u0259n biri Fransa oldu\u011fu halda dig\u0259ri Rusiyad\u0131r. Odur ki, Patru\u015fevin bu m\u0259s\u0259l\u0259d\u0259 Q\u0259rbi birm\u0259nal\u0131 \u015f\u0259kild\u0259 ittiham etm\u0259si m\u0259ntiq\u0259 s\u0131\u011fm\u0131r\u201d.<\/p>\n","protected":false},"excerpt":{"rendered":"<p>Rusiya v\u0259 \u0130ran Q\u0259rbin C\u0259nubi Qafqazda t\u0259sir imkanlar\u0131n\u0131n artmas\u0131ndan v\u0259 bu regiondak\u0131 prosesl\u0259r\u0259 m\u00fcdaxil\u0259sind\u0259n narahatd\u0131r. Qeyd ed\u0259k ki, \u0130ran \u0130slam Respublikas\u0131n\u0131n Prezidenti \u0130brahim R\u0259isi Erm\u0259nistan Ba\u015f nazirinin m\u00fcavini Mher Qriqonyanla g\u00f6r\u00fc\u015f\u00fcnd\u0259 C\u0259nubi Qafqazda k\u0259nar d\u00f6vl\u0259tl\u0259r\u0259 aid q\u00fcvv\u0259l\u0259rin olmas\u0131na qar\u015f\u0131 \u00e7\u0131x\u0131b: \u201cBiz probleml\u0259rin h\u0259llin\u0259 k\u00f6m\u0259k etdikl\u0259rini b\u0259han\u0259 g\u0259tir\u0259r\u0259k b\u00f6lg\u0259d\u0259 \u0259cn\u0259bil\u0259rin m\u00f6vcudlu\u011fu il\u0259 raz\u0131la\u015fm\u0131r\u0131q v\u0259 inan\u0131r\u0131q ki, onlar\u0131n m\u00f6vcudlu\u011fu n\u0259inki probleml\u0259rin \u00f6hd\u0259sind\u0259n g\u0259lm\u0259y\u0259 k\u00f6m\u0259k etm\u0259y\u0259c\u0259k, \u0259ksin\u0259, regionun xalqlar\u0131 v\u0259 h\u00f6kum\u0259tl\u0259ri \u00fc\u00e7\u00fcn daha b\u00f6y\u00fck problem\u0259 \u00e7evril\u0259c\u0259k\u201d. G\u00f6r\u00fcn\u00fcr \u0130brahim R\u0259isi bununla Erm\u0259nistan\u0131n d\u00f6vl\u0259t r\u0259smisin\u0259 \u0130ran\u0131n \u0130r\u0259van\u0131n AB\u015e, Fransa v\u0259 Avropa \u0130ttifaq\u0131na daha da yax\u0131nla\u015fmas\u0131ndan&hellip;<\/p>\n","protected":false},"author":2,"featured_media":691824,"comment_status":"closed","ping_status":"closed","sticky":false,"template":"","format":"standard","meta":{"om_disable_all_campaigns":false,"_monsterinsights_skip_tracking":false,"_monsterinsights_sitenote_active":false,"_monsterinsights_sitenote_note":"","_monsterinsights_sitenote_category":0},"categories":[4],"tags":[],"aioseo_notices":[],"gutentor_comment":0,"rttpg_featured_image_url":{"full":["https:\/\/arantv.az\/wp-content\/uploads\/2024\/02\/a7af0ad7fd71bcad1c24ffaade3cf1ed.jpg",870,500,false],"landscape":["https:\/\/arantv.az\/wp-content\/uploads\/2024\/02\/a7af0ad7fd71bcad1c24ffaade3cf1ed.jpg",870,500,false],"portraits":["https:\/\/arantv.az\/wp-content\/uploads\/2024\/02\/a7af0ad7fd71bcad1c24ffaade3cf1ed.jpg",870,500,false],"thumbnail":["https:\/\/arantv.az\/wp-content\/uploads\/2024\/02\/a7af0ad7fd71bcad1c24ffaade3cf1ed-500x280.jpg",500,280,true],"medium":["https:\/\/arantv.az\/wp-content\/uploads\/2024\/02\/a7af0ad7fd71bcad1c24ffaade3cf1ed-635x365.jpg",635,365,true],"large":["https:\/\/arantv.az\/wp-content\/uploads\/2024\/02\/a7af0ad7fd71bcad1c24ffaade3cf1ed-840x483.jpg",640,368,true],"1536x1536":["https:\/\/arantv.az\/wp-content\/uploads\/2024\/02\/a7af0ad7fd71bcad1c24ffaade3cf1ed.jpg",870,500,false],"2048x2048":["https:\/\/arantv.az\/wp-content\/uploads\/2024\/02\/a7af0ad7fd71bcad1c24ffaade3cf1ed.jpg",870,500,false],"post-thumbnail":["https:\/\/arantv.az\/wp-content\/uploads\/2024\/02\/a7af0ad7fd71bcad1c24ffaade3cf1ed-240x172.jpg",240,172,true],"advps-thumb-one":["https:\/\/arantv.az\/wp-content\/uploads\/2024\/02\/a7af0ad7fd71bcad1c24ffaade3cf1ed.jpg",870,500,false]},"rttpg_author":{"display_name":"V\u00fcsal Rafiqo\u011flu","author_link":"https:\/\/arantv.az\/?author=2"},"rttpg_comment":0,"rttpg_category":"<a href=\"https:\/\/arantv.az\/?cat=4\" rel=\"category\">Siyas\u0259t<\/a>","rttpg_excerpt":"Rusiya v\u0259 \u0130ran Q\u0259rbin C\u0259nubi Qafqazda t\u0259sir imkanlar\u0131n\u0131n artmas\u0131ndan v\u0259 bu regiondak\u0131 prosesl\u0259r\u0259 m\u00fcdaxil\u0259sind\u0259n narahatd\u0131r. Qeyd ed\u0259k ki, \u0130ran \u0130slam Respublikas\u0131n\u0131n Prezidenti \u0130brahim R\u0259isi Erm\u0259nistan Ba\u015f nazirinin m\u00fcavini Mher Qriqonyanla g\u00f6r\u00fc\u015f\u00fcnd\u0259 C\u0259nubi Qafqazda k\u0259nar d\u00f6vl\u0259tl\u0259r\u0259 aid q\u00fcvv\u0259l\u0259rin olmas\u0131na qar\u015f\u0131 \u00e7\u0131x\u0131b: \u201cBiz probleml\u0259rin h\u0259llin\u0259 k\u00f6m\u0259k etdikl\u0259rini b\u0259han\u0259 g\u0259tir\u0259r\u0259k b\u00f6lg\u0259d\u0259 \u0259cn\u0259bil\u0259rin m\u00f6vcudlu\u011fu il\u0259 raz\u0131la\u015fm\u0131r\u0131q v\u0259 inan\u0131r\u0131q ki,&hellip;","_links":{"self":[{"href":"https:\/\/arantv.az\/index.php?rest_route=\/wp\/v2\/posts\/691823"}],"collection":[{"href":"https:\/\/arantv.az\/index.php?rest_route=\/wp\/v2\/posts"}],"about":[{"href":"https:\/\/arantv.az\/index.php?rest_route=\/wp\/v2\/types\/post"}],"author":[{"embeddable":true,"href":"https:\/\/arantv.az\/index.php?rest_route=\/wp\/v2\/users\/2"}],"replies":[{"embeddable":true,"href":"https:\/\/arantv.az\/index.php?rest_route=%2Fwp%2Fv2%2Fcomments&post=691823"}],"version-history":[{"count":0,"href":"https:\/\/arantv.az\/index.php?rest_route=\/wp\/v2\/posts\/691823\/revisions"}],"wp:featuredmedia":[{"embeddable":true,"href":"https:\/\/arantv.az\/index.php?rest_route=\/wp\/v2\/media\/691824"}],"wp:attachment":[{"href":"https:\/\/arantv.az\/index.php?rest_route=%2Fwp%2Fv2%2Fmedia&parent=691823"}],"wp:term":[{"taxonomy":"category","embeddable":true,"href":"https:\/\/arantv.az\/index.php?rest_route=%2Fwp%2Fv2%2Fcategories&post=691823"},{"taxonomy":"post_tag","embeddable":true,"href":"https:\/\/arantv.az\/index.php?rest_route=%2Fwp%2Fv2%2Ftags&post=691823"}],"curies":[{"name":"wp","href":"https:\/\/api.w.org\/{rel}","templated":true}]}}