{"id":691830,"date":"2024-02-16T17:40:50","date_gmt":"2024-02-16T13:40:50","guid":{"rendered":"https:\/\/arantv.az\/?p=691830"},"modified":"2024-02-16T17:40:50","modified_gmt":"2024-02-16T13:40:50","slug":"prezident-ilham-%c9%99liyev-munhend%c9%99-leonardo-sirk%c9%99tinin-bas-h%c9%99mdirektoru-il%c9%99-gorusub-foto","status":"publish","type":"post","link":"https:\/\/arantv.az\/?p=691830","title":{"rendered":"Prezident \u0130lham \u018fliyev M\u00fcnhend\u0259 \u201cLeonardo\u201d \u015firk\u0259tinin ba\u015f h\u0259mdirektoru il\u0259 g\u00f6r\u00fc\u015f\u00fcb &#8211; FOTO"},"content":{"rendered":"<p>Fevral\u0131n 16-da 60-c\u0131 M\u00fcnhen T\u0259hl\u00fck\u0259sizlik Konfrans\u0131nda i\u015ftirak etm\u0259k \u00fc\u00e7\u00fcn M\u00fcnhen \u015f\u0259h\u0259rind\u0259 s\u0259f\u0259rd\u0259 olan Az\u0259rbaycan Respublikas\u0131n\u0131n Prezidenti\u00a0<strong>\u0130lham \u018fliyev<\/strong>\u00a0il\u0259 qar\u015f\u0131 t\u0259r\u0259fin m\u00fcraci\u0259tin\u0259 \u0259sas\u0259n \u0130taliyan\u0131n \u201cLeonardo\u201d \u015firk\u0259tinin ba\u015f h\u0259mdirektoru Lorenzo Marianinin g\u00f6r\u00fc\u015f\u00fc olub.<\/p>\n<p>Bu bar\u0259d\u0259\u00a0<a href=\"https:\/\/president.az\/az\/articles\/view\/64146\" target=\"_blank\" rel=\"noopener\"><strong>President.az<\/strong><\/a>\u00a0x\u0259b\u0259r verir.<\/p>\n<p><img src=\"https:\/\/cdn.oxu.az\/uploads\/W1siZiIsIjIwMjQvMDIvMTYvMTcvMjIvNDkvYjNmY2VjZTEtMzM3NC00ZjljLWFkYzItZWJiYjJmNTM5ZDM5LzE3MDgwODk1MzlfOTE1NmFkY2M1MDM5MzA2MTBiMzQyOTFmZjdiYThhZjQuanBnIl0sWyJwIiwiZW5jb2RlIiwianBnIiwiLXF1YWxpdHkgODAiXSxbInAiLCJ0aHVtYiIsIjU5MHg1OTBcdTAwM2UiXV0?sha=e44a4c808a70988e\" alt=\"\" \/><\/p>\n","protected":false},"excerpt":{"rendered":"<p>Fevral\u0131n 16-da 60-c\u0131 M\u00fcnhen T\u0259hl\u00fck\u0259sizlik Konfrans\u0131nda i\u015ftirak etm\u0259k \u00fc\u00e7\u00fcn M\u00fcnhen \u015f\u0259h\u0259rind\u0259 s\u0259f\u0259rd\u0259 olan Az\u0259rbaycan Respublikas\u0131n\u0131n Prezidenti\u00a0\u0130lham \u018fliyev\u00a0il\u0259 qar\u015f\u0131 t\u0259r\u0259fin m\u00fcraci\u0259tin\u0259 \u0259sas\u0259n \u0130taliyan\u0131n \u201cLeonardo\u201d \u015firk\u0259tinin ba\u015f h\u0259mdirektoru Lorenzo Marianinin g\u00f6r\u00fc\u015f\u00fc olub. Bu bar\u0259d\u0259\u00a0President.az\u00a0x\u0259b\u0259r verir.<\/p>\n","protected":false},"author":2,"featured_media":691831,"comment_status":"closed","ping_status":"closed","sticky":false,"template":"","format":"standard","meta":{"om_disable_all_campaigns":false,"_monsterinsights_skip_tracking":false,"_monsterinsights_sitenote_active":false,"_monsterinsights_sitenote_note":"","_monsterinsights_sitenote_category":0},"categories":[4],"tags":[],"aioseo_notices":[],"gutentor_comment":0,"rttpg_featured_image_url":{"full":["https:\/\/arantv.az\/wp-content\/uploads\/2024\/02\/FotoJet-2-12.jpg",620,413,false],"landscape":["https:\/\/arantv.az\/wp-content\/uploads\/2024\/02\/FotoJet-2-12.jpg",620,413,false],"portraits":["https:\/\/arantv.az\/wp-content\/uploads\/2024\/02\/FotoJet-2-12.jpg",620,413,false],"thumbnail":["https:\/\/arantv.az\/wp-content\/uploads\/2024\/02\/FotoJet-2-12-500x280.jpg",500,280,true],"medium":["https:\/\/arantv.az\/wp-content\/uploads\/2024\/02\/FotoJet-2-12-548x365.jpg",548,365,true],"large":["https:\/\/arantv.az\/wp-content\/uploads\/2024\/02\/FotoJet-2-12.jpg",620,413,false],"1536x1536":["https:\/\/arantv.az\/wp-content\/uploads\/2024\/02\/FotoJet-2-12.jpg",620,413,false],"2048x2048":["https:\/\/arantv.az\/wp-content\/uploads\/2024\/02\/FotoJet-2-12.jpg",620,413,false],"post-thumbnail":["https:\/\/arantv.az\/wp-content\/uploads\/2024\/02\/FotoJet-2-12-240x172.jpg",240,172,true],"advps-thumb-one":["https:\/\/arantv.az\/wp-content\/uploads\/2024\/02\/FotoJet-2-12.jpg",620,413,false]},"rttpg_author":{"display_name":"V\u00fcsal Rafiqo\u011flu","author_link":"https:\/\/arantv.az\/?author=2"},"rttpg_comment":0,"rttpg_category":"<a href=\"https:\/\/arantv.az\/?cat=4\" rel=\"category\">Siyas\u0259t<\/a>","rttpg_excerpt":"Fevral\u0131n 16-da 60-c\u0131 M\u00fcnhen T\u0259hl\u00fck\u0259sizlik Konfrans\u0131nda i\u015ftirak etm\u0259k \u00fc\u00e7\u00fcn M\u00fcnhen \u015f\u0259h\u0259rind\u0259 s\u0259f\u0259rd\u0259 olan Az\u0259rbaycan Respublikas\u0131n\u0131n Prezidenti\u00a0\u0130lham \u018fliyev\u00a0il\u0259 qar\u015f\u0131 t\u0259r\u0259fin m\u00fcraci\u0259tin\u0259 \u0259sas\u0259n \u0130taliyan\u0131n \u201cLeonardo\u201d \u015firk\u0259tinin ba\u015f h\u0259mdirektoru Lorenzo Marianinin g\u00f6r\u00fc\u015f\u00fc olub. Bu bar\u0259d\u0259\u00a0President.az\u00a0x\u0259b\u0259r verir.","_links":{"self":[{"href":"https:\/\/arantv.az\/index.php?rest_route=\/wp\/v2\/posts\/691830"}],"collection":[{"href":"https:\/\/arantv.az\/index.php?rest_route=\/wp\/v2\/posts"}],"about":[{"href":"https:\/\/arantv.az\/index.php?rest_route=\/wp\/v2\/types\/post"}],"author":[{"embeddable":true,"href":"https:\/\/arantv.az\/index.php?rest_route=\/wp\/v2\/users\/2"}],"replies":[{"embeddable":true,"href":"https:\/\/arantv.az\/index.php?rest_route=%2Fwp%2Fv2%2Fcomments&post=691830"}],"version-history":[{"count":0,"href":"https:\/\/arantv.az\/index.php?rest_route=\/wp\/v2\/posts\/691830\/revisions"}],"wp:featuredmedia":[{"embeddable":true,"href":"https:\/\/arantv.az\/index.php?rest_route=\/wp\/v2\/media\/691831"}],"wp:attachment":[{"href":"https:\/\/arantv.az\/index.php?rest_route=%2Fwp%2Fv2%2Fmedia&parent=691830"}],"wp:term":[{"taxonomy":"category","embeddable":true,"href":"https:\/\/arantv.az\/index.php?rest_route=%2Fwp%2Fv2%2Fcategories&post=691830"},{"taxonomy":"post_tag","embeddable":true,"href":"https:\/\/arantv.az\/index.php?rest_route=%2Fwp%2Fv2%2Ftags&post=691830"}],"curies":[{"name":"wp","href":"https:\/\/api.w.org\/{rel}","templated":true}]}}