{"id":691833,"date":"2024-02-16T17:41:58","date_gmt":"2024-02-16T13:41:58","guid":{"rendered":"https:\/\/arantv.az\/?p=691833"},"modified":"2024-02-16T17:41:58","modified_gmt":"2024-02-16T13:41:58","slug":"v%c9%99hsic%c9%99sin%c9%99-oldurul%c9%99n-direktoru-kim-%c9%99v%c9%99z-edir-foto","status":"publish","type":"post","link":"https:\/\/arantv.az\/?p=691833","title":{"rendered":"V\u0259h\u015fic\u0259sin\u0259 \u00f6ld\u00fcr\u00fcl\u0259n direktoru kim \u0259v\u0259z edir? &#8211; FOTO"},"content":{"rendered":"<p>Bir ne\u00e7\u0259 g\u00fcn \u0259vv\u0259l ail\u0259 \u00fczvl\u0259rini\u00a0<a href=\"https:\/\/oxu.az\/criminal\/837882\" target=\"_blank\" rel=\"noopener\"><strong>q\u0259tl\u0259<\/strong><\/a>\u00a0yetirm\u0259kd\u0259 \u015f\u00fcbh\u0259li bilin\u0259n 1999-cu il t\u0259v\u0259ll\u00fcdl\u00fc \u018fhm\u0259d Mehman o\u011flu \u018fhm\u0259dovun anas\u0131 Pik\u0259 B\u0259d\u0259l q\u0131z\u0131 \u018fhm\u0259dova 59 n\u00f6mr\u0259li tam orta m\u0259kt\u0259bin direktoru olub.<\/p>\n<p>B\u0259s P.\u018fhm\u0259dovan\u0131n v\u0259zif\u0259sini kim icra edir?<\/p>\n<p><img src=\"https:\/\/cdn.oxu.az\/uploads\/W1siZiIsIjIwMjQvMDIvMTYvMTcvMTYvMzkvMDMxMTJhYWYtNDk0ZC00MmUwLTk2MjUtNTUwMzA1ZWU2MDNmLzQyMTYxMDczN18zODQ4NDY3Njc0ODU5MzFfOTUzOTYxNDM3NjMzOTI5MTI1X24uanBnIl0sWyJwIiwiZW5jb2RlIiwianBnIiwiLXF1YWxpdHkgODAiXSxbInAiLCJ0aHVtYiIsIjU5MHg1OTBcdTAwM2UiXV0?sha=b2aeb2d7fe703926\" alt=\"\" \/><\/p>\n<p>Bak\u0131 \u015e\u0259h\u0259ri \u00fczr\u0259 T\u0259hsil \u0130dar\u0259sind\u0259n\u00a0<strong>Oxu.Az<\/strong>-\u0131n sor\u011fusuna cavab olaraq bildirilib ki, paytaxtdak\u0131 59 n\u00f6mr\u0259li tam orta m\u0259kt\u0259bin direktor v\u0259zif\u0259sinin icras\u0131 m\u0259kt\u0259bin t\u0259lim-t\u0259rbiy\u0259 i\u015fl\u0259ri \u00fczr\u0259 direktor m\u00fcavini Xalid\u0259 N\u0259biyevaya h\u0259val\u0259 edilib.<\/p>\n<p>G\u0259l\u0259c\u0259kd\u0259 P.\u018fhm\u0259dovan\u0131n yerin\u0259 t\u0259yinat m\u0259s\u0259l\u0259si il\u0259 ba\u011fl\u0131 qurumdan qeyd edilib ki, \u00fcmumi t\u0259hsil m\u00fc\u0259ssis\u0259l\u0259rin\u0259 direktor t\u0259yinat\u0131 i\u015f\u0259 q\u0259bul \u00fczr\u0259 m\u00fcsabiq\u0259 \u0259sas\u0131nda h\u0259yata ke\u00e7irilir.<\/p>\n<p><img src=\"https:\/\/cdn.oxu.az\/uploads\/W1siZiIsIjIwMjQvMDIvMTYvMTcvMTYvMzkvZWQyZTc5ZDYtNTZhMC00ODk4LTk4OWUtZGU2N2I3OWE2MTdmL0ZvdG9KZXQgKDExKSAoMikuanBnIl0sWyJwIiwiZW5jb2RlIiwianBnIiwiLXF1YWxpdHkgODAiXSxbInAiLCJ0aHVtYiIsIjU5MHg1OTBcdTAwM2UiXV0?sha=e63e34d0f4be315e\" alt=\"\" \/><\/p>\n<p>Qeyd ed\u0259k ki, fevral\u0131n 13-d\u0259\u00a0X\u0259tai rayonunda 1972-ci il t\u0259v\u0259ll\u00fcdl\u00fc Mehman \u018fhm\u0259d o\u011flu \u018fhm\u0259dovun, 1977-ci il t\u0259v\u0259ll\u00fcdl\u00fc Pik\u0259 B\u0259d\u0259l q\u0131z\u0131 \u018fhm\u0259dovan\u0131n v\u0259 2015-ci il t\u0259v\u0259ll\u00fcdl\u00fc M\u0259h\u0259mm\u0259d Mehman o\u011flu \u018fhm\u0259dovun k\u0259sici al\u0259tl\u0259 q\u0259tl\u0259 yetirilm\u0259si bar\u0259d\u0259 polis\u0259 m\u0259lumat daxil olub.<\/p>\n<p>Q\u0259tli t\u00f6r\u0259tm\u0259kd\u0259 \u015f\u00fcbh\u0259li bilin\u0259n 1999-cu il t\u0259v\u0259ll\u00fcdl\u00fc \u018fhm\u0259d Mehman o\u011flu \u018fhm\u0259dov polis \u0259m\u0259kda\u015flar\u0131 t\u0259r\u0259find\u0259n saxlan\u0131l\u0131b. Bundan sonra \u018f.\u018fhm\u0259dovun 1997-ci il t\u0259v\u0259ll\u00fcdl\u00fc bac\u0131s\u0131 Elmira Mehman q\u0131z\u0131 \u018fhm\u0259dovan\u0131 v\u0259 onun be\u015f ya\u015fl\u0131 q\u0131z\u0131n\u0131 da eyni \u00fcsulla q\u0259tl\u0259 yetirm\u0259sin\u0259 \u0259sasl\u0131 \u015f\u00fcbh\u0259l\u0259r m\u00fc\u0259yy\u0259n edilib.<\/p>\n<p><img src=\"https:\/\/cdn.oxu.az\/uploads\/W1siZiIsIjIwMjQvMDIvMTYvMTcvMTYvMzkvNTEyNjIyMTctNDdiMi00NmIxLTkzNDMtOWJmZmM1OTg5YzdkL0ZvdG9KZXQgLSAyMDI0LTAyLTE0VDE3MTIzOC4yNzQgKDIpLmpwZyJdLFsicCIsImVuY29kZSIsImpwZyIsIi1xdWFsaXR5IDgwIl0sWyJwIiwidGh1bWIiLCI1OTB4NTkwXHUwMDNlIl1d?sha=d15adf7542aafa2a\" alt=\"\" \/><\/p>\n<p>Faktla ba\u011fl\u0131 X\u0259tai Rayon Prokurorlu\u011funda Cinay\u0259t M\u0259c\u0259ll\u0259sinin 120.2.4 (x\u00fcsusi amans\u0131zl\u0131qla q\u0259sd\u0259n adam\u00f6ld\u00fcrm\u0259) v\u0259 120.2.7-ci (iki v\u0259 ya daha \u00e7ox \u015f\u0259xsi \u00f6ld\u00fcrm\u0259) madd\u0259l\u0259ri il\u0259 cinay\u0259t i\u015fi ba\u015flan\u0131b, \u018fhm\u0259d \u018fhm\u0259dov prokurorlu\u011fun q\u0259rar\u0131 il\u0259 i\u015f \u00fczr\u0259 \u015f\u00fcbh\u0259li \u015f\u0259xs qismind\u0259 tutulub.<\/p>\n<p>Onun bar\u0259sind\u0259 d\u00f6rd ay m\u00fcdd\u0259tin\u0259 h\u0259bs q\u0259timkan t\u0259dbiri se\u00e7ilib.<\/p>\n","protected":false},"excerpt":{"rendered":"<p>Bir ne\u00e7\u0259 g\u00fcn \u0259vv\u0259l ail\u0259 \u00fczvl\u0259rini\u00a0q\u0259tl\u0259\u00a0yetirm\u0259kd\u0259 \u015f\u00fcbh\u0259li bilin\u0259n 1999-cu il t\u0259v\u0259ll\u00fcdl\u00fc \u018fhm\u0259d Mehman o\u011flu \u018fhm\u0259dovun anas\u0131 Pik\u0259 B\u0259d\u0259l q\u0131z\u0131 \u018fhm\u0259dova 59 n\u00f6mr\u0259li tam orta m\u0259kt\u0259bin direktoru olub. B\u0259s P.\u018fhm\u0259dovan\u0131n v\u0259zif\u0259sini kim icra edir? Bak\u0131 \u015e\u0259h\u0259ri \u00fczr\u0259 T\u0259hsil \u0130dar\u0259sind\u0259n\u00a0Oxu.Az-\u0131n sor\u011fusuna cavab olaraq bildirilib ki, paytaxtdak\u0131 59 n\u00f6mr\u0259li tam orta m\u0259kt\u0259bin direktor v\u0259zif\u0259sinin icras\u0131 m\u0259kt\u0259bin t\u0259lim-t\u0259rbiy\u0259 i\u015fl\u0259ri \u00fczr\u0259 direktor m\u00fcavini Xalid\u0259 N\u0259biyevaya h\u0259val\u0259 edilib. G\u0259l\u0259c\u0259kd\u0259 P.\u018fhm\u0259dovan\u0131n yerin\u0259 t\u0259yinat m\u0259s\u0259l\u0259si il\u0259 ba\u011fl\u0131 qurumdan qeyd edilib ki, \u00fcmumi t\u0259hsil m\u00fc\u0259ssis\u0259l\u0259rin\u0259 direktor t\u0259yinat\u0131 i\u015f\u0259 q\u0259bul \u00fczr\u0259 m\u00fcsabiq\u0259 \u0259sas\u0131nda h\u0259yata ke\u00e7irilir. Qeyd ed\u0259k ki, fevral\u0131n 13-d\u0259\u00a0X\u0259tai&hellip;<\/p>\n","protected":false},"author":2,"featured_media":691834,"comment_status":"closed","ping_status":"closed","sticky":false,"template":"","format":"standard","meta":{"om_disable_all_campaigns":false,"_monsterinsights_skip_tracking":false,"_monsterinsights_sitenote_active":false,"_monsterinsights_sitenote_note":"","_monsterinsights_sitenote_category":0},"categories":[1],"tags":[],"aioseo_notices":[],"gutentor_comment":0,"rttpg_featured_image_url":{"full":["https:\/\/arantv.az\/wp-content\/uploads\/2024\/02\/FotoJet-2024-02-16T171219.917.jpg",620,413,false],"landscape":["https:\/\/arantv.az\/wp-content\/uploads\/2024\/02\/FotoJet-2024-02-16T171219.917.jpg",620,413,false],"portraits":["https:\/\/arantv.az\/wp-content\/uploads\/2024\/02\/FotoJet-2024-02-16T171219.917.jpg",620,413,false],"thumbnail":["https:\/\/arantv.az\/wp-content\/uploads\/2024\/02\/FotoJet-2024-02-16T171219.917-500x280.jpg",500,280,true],"medium":["https:\/\/arantv.az\/wp-content\/uploads\/2024\/02\/FotoJet-2024-02-16T171219.917-548x365.jpg",548,365,true],"large":["https:\/\/arantv.az\/wp-content\/uploads\/2024\/02\/FotoJet-2024-02-16T171219.917.jpg",620,413,false],"1536x1536":["https:\/\/arantv.az\/wp-content\/uploads\/2024\/02\/FotoJet-2024-02-16T171219.917.jpg",620,413,false],"2048x2048":["https:\/\/arantv.az\/wp-content\/uploads\/2024\/02\/FotoJet-2024-02-16T171219.917.jpg",620,413,false],"post-thumbnail":["https:\/\/arantv.az\/wp-content\/uploads\/2024\/02\/FotoJet-2024-02-16T171219.917-240x172.jpg",240,172,true],"advps-thumb-one":["https:\/\/arantv.az\/wp-content\/uploads\/2024\/02\/FotoJet-2024-02-16T171219.917.jpg",620,413,false]},"rttpg_author":{"display_name":"V\u00fcsal Rafiqo\u011flu","author_link":"https:\/\/arantv.az\/?author=2"},"rttpg_comment":0,"rttpg_category":"<a href=\"https:\/\/arantv.az\/?cat=1\" rel=\"category\">C\u0259miyy\u0259t<\/a>","rttpg_excerpt":"Bir ne\u00e7\u0259 g\u00fcn \u0259vv\u0259l ail\u0259 \u00fczvl\u0259rini\u00a0q\u0259tl\u0259\u00a0yetirm\u0259kd\u0259 \u015f\u00fcbh\u0259li bilin\u0259n 1999-cu il t\u0259v\u0259ll\u00fcdl\u00fc \u018fhm\u0259d Mehman o\u011flu \u018fhm\u0259dovun anas\u0131 Pik\u0259 B\u0259d\u0259l q\u0131z\u0131 \u018fhm\u0259dova 59 n\u00f6mr\u0259li tam orta m\u0259kt\u0259bin direktoru olub. B\u0259s P.\u018fhm\u0259dovan\u0131n v\u0259zif\u0259sini kim icra edir? Bak\u0131 \u015e\u0259h\u0259ri \u00fczr\u0259 T\u0259hsil \u0130dar\u0259sind\u0259n\u00a0Oxu.Az-\u0131n sor\u011fusuna cavab olaraq bildirilib ki, paytaxtdak\u0131 59 n\u00f6mr\u0259li tam orta m\u0259kt\u0259bin direktor v\u0259zif\u0259sinin icras\u0131 m\u0259kt\u0259bin t\u0259lim-t\u0259rbiy\u0259 i\u015fl\u0259ri&hellip;","_links":{"self":[{"href":"https:\/\/arantv.az\/index.php?rest_route=\/wp\/v2\/posts\/691833"}],"collection":[{"href":"https:\/\/arantv.az\/index.php?rest_route=\/wp\/v2\/posts"}],"about":[{"href":"https:\/\/arantv.az\/index.php?rest_route=\/wp\/v2\/types\/post"}],"author":[{"embeddable":true,"href":"https:\/\/arantv.az\/index.php?rest_route=\/wp\/v2\/users\/2"}],"replies":[{"embeddable":true,"href":"https:\/\/arantv.az\/index.php?rest_route=%2Fwp%2Fv2%2Fcomments&post=691833"}],"version-history":[{"count":0,"href":"https:\/\/arantv.az\/index.php?rest_route=\/wp\/v2\/posts\/691833\/revisions"}],"wp:featuredmedia":[{"embeddable":true,"href":"https:\/\/arantv.az\/index.php?rest_route=\/wp\/v2\/media\/691834"}],"wp:attachment":[{"href":"https:\/\/arantv.az\/index.php?rest_route=%2Fwp%2Fv2%2Fmedia&parent=691833"}],"wp:term":[{"taxonomy":"category","embeddable":true,"href":"https:\/\/arantv.az\/index.php?rest_route=%2Fwp%2Fv2%2Fcategories&post=691833"},{"taxonomy":"post_tag","embeddable":true,"href":"https:\/\/arantv.az\/index.php?rest_route=%2Fwp%2Fv2%2Ftags&post=691833"}],"curies":[{"name":"wp","href":"https:\/\/api.w.org\/{rel}","templated":true}]}}