{"id":691836,"date":"2024-02-16T17:42:50","date_gmt":"2024-02-16T13:42:50","guid":{"rendered":"https:\/\/arantv.az\/?p=691836"},"modified":"2024-02-16T17:42:50","modified_gmt":"2024-02-16T13:42:50","slug":"munhend%c9%99-ilham-%c9%99liyevin-at%c9%99t-in-f%c9%99aliyy%c9%99td%c9%99-olan-s%c9%99dri-ian-borqla-gorusu-olub-foto","status":"publish","type":"post","link":"https:\/\/arantv.az\/?p=691836","title":{"rendered":"M\u00fcnhend\u0259 \u0130lham \u018fliyevin AT\u018fT-in f\u0259aliyy\u0259td\u0259 olan s\u0259dri \u0130an Borqla g\u00f6r\u00fc\u015f\u00fc olub &#8211; FOTO"},"content":{"rendered":"<p>Fevral\u0131n 16-da M\u00fcnhend\u0259 Az\u0259rbaycan Respublikas\u0131n\u0131n Prezidenti\u00a0<strong>\u0130lham \u018fliyev<\/strong>\u00a0il\u0259 qar\u015f\u0131 t\u0259r\u0259fin m\u00fcraci\u0259tin\u0259 \u0259sas\u0259n AT\u018fT-in f\u0259aliyy\u0259td\u0259 olan s\u0259dri, Malta Respublikas\u0131n\u0131n xarici, Avropa i\u015fl\u0259ri v\u0259 ticar\u0259t naziri \u0130an Borqun g\u00f6r\u00fc\u015f\u00fc olub.<\/p>\n<p>Bu bar\u0259d\u0259\u00a0<a href=\"https:\/\/president.az\/az\/articles\/view\/64147\" target=\"_blank\" rel=\"noopener\"><strong>President.az<\/strong><\/a>\u00a0x\u0259b\u0259r verir.<\/p>\n<p><img src=\"https:\/\/cdn.oxu.az\/uploads\/W1siZiIsIjIwMjQvMDIvMTYvMTcvMzMvNDQvYThkYjc4ZjMtYzk0Ny00M2RmLWI0MjYtZDUzNDBiYjZhMmYyLzE3MDgwOTAyMzNfNmY4MzNiZDYyMmI0MjFkZTUzMGQ5YWZiNTM4YmExNjEuanBnIl0sWyJwIiwiZW5jb2RlIiwianBnIiwiLXF1YWxpdHkgODAiXSxbInAiLCJ0aHVtYiIsIjU5MHg1OTBcdTAwM2UiXV0?sha=2149471e74ad11d2\" alt=\"\" \/><img src=\"https:\/\/cdn.oxu.az\/uploads\/W1siZiIsIjIwMjQvMDIvMTYvMTcvMzMvNDQvMDgzYTM4OWQtNDc0Zi00MjVhLTkwODItOWQ1ZmM0ZDBjNGFjLzE3MDgwOTAyMzVfODRhNjNiMzkzZmM0YzllNWM2N2E3ZDZiMTllNmQ4MDkuanBnIl0sWyJwIiwiZW5jb2RlIiwianBnIiwiLXF1YWxpdHkgODAiXSxbInAiLCJ0aHVtYiIsIjU5MHg1OTBcdTAwM2UiXV0?sha=8e84e8b4857d9918\" alt=\"\" \/><\/p>\n","protected":false},"excerpt":{"rendered":"<p>Fevral\u0131n 16-da M\u00fcnhend\u0259 Az\u0259rbaycan Respublikas\u0131n\u0131n Prezidenti\u00a0\u0130lham \u018fliyev\u00a0il\u0259 qar\u015f\u0131 t\u0259r\u0259fin m\u00fcraci\u0259tin\u0259 \u0259sas\u0259n AT\u018fT-in f\u0259aliyy\u0259td\u0259 olan s\u0259dri, Malta Respublikas\u0131n\u0131n xarici, Avropa i\u015fl\u0259ri v\u0259 ticar\u0259t naziri \u0130an Borqun g\u00f6r\u00fc\u015f\u00fc olub. Bu bar\u0259d\u0259\u00a0President.az\u00a0x\u0259b\u0259r verir.<\/p>\n","protected":false},"author":2,"featured_media":691837,"comment_status":"closed","ping_status":"closed","sticky":false,"template":"","format":"standard","meta":{"om_disable_all_campaigns":false,"_monsterinsights_skip_tracking":false,"_monsterinsights_sitenote_active":false,"_monsterinsights_sitenote_note":"","_monsterinsights_sitenote_category":0},"categories":[4],"tags":[],"aioseo_notices":[],"gutentor_comment":0,"rttpg_featured_image_url":{"full":["https:\/\/arantv.az\/wp-content\/uploads\/2024\/02\/FotoJet-1-15.jpg",620,413,false],"landscape":["https:\/\/arantv.az\/wp-content\/uploads\/2024\/02\/FotoJet-1-15.jpg",620,413,false],"portraits":["https:\/\/arantv.az\/wp-content\/uploads\/2024\/02\/FotoJet-1-15.jpg",620,413,false],"thumbnail":["https:\/\/arantv.az\/wp-content\/uploads\/2024\/02\/FotoJet-1-15-500x280.jpg",500,280,true],"medium":["https:\/\/arantv.az\/wp-content\/uploads\/2024\/02\/FotoJet-1-15-548x365.jpg",548,365,true],"large":["https:\/\/arantv.az\/wp-content\/uploads\/2024\/02\/FotoJet-1-15.jpg",620,413,false],"1536x1536":["https:\/\/arantv.az\/wp-content\/uploads\/2024\/02\/FotoJet-1-15.jpg",620,413,false],"2048x2048":["https:\/\/arantv.az\/wp-content\/uploads\/2024\/02\/FotoJet-1-15.jpg",620,413,false],"post-thumbnail":["https:\/\/arantv.az\/wp-content\/uploads\/2024\/02\/FotoJet-1-15-240x172.jpg",240,172,true],"advps-thumb-one":["https:\/\/arantv.az\/wp-content\/uploads\/2024\/02\/FotoJet-1-15.jpg",620,413,false]},"rttpg_author":{"display_name":"V\u00fcsal Rafiqo\u011flu","author_link":"https:\/\/arantv.az\/?author=2"},"rttpg_comment":0,"rttpg_category":"<a href=\"https:\/\/arantv.az\/?cat=4\" rel=\"category\">Siyas\u0259t<\/a>","rttpg_excerpt":"Fevral\u0131n 16-da M\u00fcnhend\u0259 Az\u0259rbaycan Respublikas\u0131n\u0131n Prezidenti\u00a0\u0130lham \u018fliyev\u00a0il\u0259 qar\u015f\u0131 t\u0259r\u0259fin m\u00fcraci\u0259tin\u0259 \u0259sas\u0259n AT\u018fT-in f\u0259aliyy\u0259td\u0259 olan s\u0259dri, Malta Respublikas\u0131n\u0131n xarici, Avropa i\u015fl\u0259ri v\u0259 ticar\u0259t naziri \u0130an Borqun g\u00f6r\u00fc\u015f\u00fc olub. Bu bar\u0259d\u0259\u00a0President.az\u00a0x\u0259b\u0259r verir.","_links":{"self":[{"href":"https:\/\/arantv.az\/index.php?rest_route=\/wp\/v2\/posts\/691836"}],"collection":[{"href":"https:\/\/arantv.az\/index.php?rest_route=\/wp\/v2\/posts"}],"about":[{"href":"https:\/\/arantv.az\/index.php?rest_route=\/wp\/v2\/types\/post"}],"author":[{"embeddable":true,"href":"https:\/\/arantv.az\/index.php?rest_route=\/wp\/v2\/users\/2"}],"replies":[{"embeddable":true,"href":"https:\/\/arantv.az\/index.php?rest_route=%2Fwp%2Fv2%2Fcomments&post=691836"}],"version-history":[{"count":0,"href":"https:\/\/arantv.az\/index.php?rest_route=\/wp\/v2\/posts\/691836\/revisions"}],"wp:featuredmedia":[{"embeddable":true,"href":"https:\/\/arantv.az\/index.php?rest_route=\/wp\/v2\/media\/691837"}],"wp:attachment":[{"href":"https:\/\/arantv.az\/index.php?rest_route=%2Fwp%2Fv2%2Fmedia&parent=691836"}],"wp:term":[{"taxonomy":"category","embeddable":true,"href":"https:\/\/arantv.az\/index.php?rest_route=%2Fwp%2Fv2%2Fcategories&post=691836"},{"taxonomy":"post_tag","embeddable":true,"href":"https:\/\/arantv.az\/index.php?rest_route=%2Fwp%2Fv2%2Ftags&post=691836"}],"curies":[{"name":"wp","href":"https:\/\/api.w.org\/{rel}","templated":true}]}}