{"id":691847,"date":"2024-02-16T17:53:34","date_gmt":"2024-02-16T13:53:34","guid":{"rendered":"https:\/\/arantv.az\/?p=691847"},"modified":"2024-02-16T17:53:34","modified_gmt":"2024-02-16T13:53:34","slug":"avropadan-g%c9%99l%c9%99n-m%c9%99ktublar-az%c9%99rbaycanin-q%c9%99rb-ucun-%c9%99h%c9%99miyy%c9%99ti-boyukdur-s%c9%99rh-foto","status":"publish","type":"post","link":"https:\/\/arantv.az\/?p=691847","title":{"rendered":"Avropadan g\u0259l\u0259n m\u0259ktublar: Az\u0259rbaycan\u0131n Q\u0259rb \u00fc\u00e7\u00fcn \u0259h\u0259miyy\u0259ti b\u00f6y\u00fckd\u00fcr &#8211; \u015e\u018fRH + FOTO"},"content":{"rendered":"<p>B\u00f6y\u00fck Britaniyan\u0131n Ba\u015f naziri Ri\u015fi Sunak fevral\u0131n 15-d\u0259 Az\u0259rbaycan Prezidenti\u00a0<strong>\u0130lham \u018fliyev\u0259\u00a0<\/strong>g\u00f6nd\u0259rdiyi t\u0259brik m\u0259ktubunda \u00f6t\u0259n 30 ild\u0259n art\u0131q m\u00fcdd\u0259td\u0259 London v\u0259 Bak\u0131 aras\u0131nda m\u00fcnasib\u0259tl\u0259rin daha da g\u00fccl\u0259ndiyi yaz\u0131l\u0131b.<\/p>\n<p>R.Sunak son 12 ayda Az\u0259rbaycanla Britaniyan\u0131n Ukraynaya d\u0259st\u0259k verm\u0259k \u00fc\u00e7\u00fcn birg\u0259 f\u0259aliyy\u0259t g\u00f6st\u0259rdikl\u0259rin\u0259 diqq\u0259t \u00e7\u0259kib:<\/p>\n<p>\u201cLondonda strateji dialoqumuzu aparm\u0131\u015f\u0131q, minalardan t\u0259mizl\u0259nm\u0259 \u00fczr\u0259 t\u0259cr\u00fcb\u0259mizi b\u00f6l\u00fc\u015fm\u00fc\u015f\u00fck v\u0259 ticar\u0259t \u0259laq\u0259l\u0259rimizi qurma\u011fa davam etmi\u015fik\u201d.<\/p>\n<p>H\u00f6kum\u0259t ba\u015f\u00e7\u0131s\u0131 bununla Az\u0259rbaycan\u0131n qlobal \u0259h\u0259miyy\u0259tli m\u0259s\u0259l\u0259l\u0259rd\u0259 d\u00fcnya g\u00fccl\u0259ri il\u0259 birlikd\u0259 f\u0259aliyy\u0259t g\u00f6st\u0259rdiyin\u0259 i\u015far\u0259 edib. R\u0259smi Bak\u0131n\u0131n Ukrayna m\u0259s\u0259l\u0259sind\u0259 tutdu\u011fu m\u00f6vqey\u0259 diqq\u0259t yetirdikl\u0259rini bildirib.<\/p>\n<p>O, Londonun Az\u0259rbaycan torpaqlar\u0131n\u0131n minalardan t\u0259mizl\u0259nm\u0259sin\u0259 d\u0259st\u0259k verdiyini, bu sah\u0259d\u0259 \u0259m\u0259kda\u015fl\u0131\u011f\u0131n davam ed\u0259c\u0259yini vur\u011fulay\u0131b. Yeri g\u0259lmi\u015fk\u0259n, \u00f6t\u0259n il B\u00f6y\u00fck Britaniya h\u00f6kum\u0259ti Az\u0259rbaycan Minat\u0259mizl\u0259m\u0259 Agentliyi (ANAMA) il\u0259 \u0259m\u0259kda\u015fl\u0131q \u00e7\u0259r\u00e7iv\u0259sind\u0259 BMT-nin \u0130nki\u015faf Proqram\u0131na 500 min funt sterlinq ay\u0131raca\u011f\u0131n\u0131 a\u00e7\u0131qlay\u0131b. Krall\u0131q 2020-ci ild\u0259n ba\u015flayaraq 2023-c\u00fc il\u0259d\u0259k Az\u0259rbaycanda minalarla m\u00fcbariz\u0259y\u0259 t\u0259qrib\u0259n 1,5 milyon funt sterlinq yard\u0131m g\u00f6st\u0259rib. Britaniyan\u0131n d\u0259st\u0259yi il\u0259 realla\u015fd\u0131r\u0131lan layih\u0259l\u0259r \u00e7\u0259r\u00e7iv\u0259sind\u0259 T\u0259rt\u0259r, F\u00fczuli, A\u011fdam v\u0259 Goranboy rayonlar\u0131 \u0259razisind\u0259 minat\u0259mizl\u0259m\u0259 i\u015fl\u0259ri g\u00f6r\u00fcl\u00fcb.<\/p>\n<p><img src=\"https:\/\/cdn.oxu.az\/uploads\/W1siZiIsIjIwMjQvMDIvMTYvMTYvMDAvNTIvZWNiOGVmZTEtODA0YS00MmYxLWJkMTEtYjlhOWVkYmFiMzhhLzQ5OWVlMGVmLWZkMmQtM2Q4MS05ZGM3LWI0Y2NiZTA4NGI3YS5qcGciXSxbInAiLCJlbmNvZGUiLCJqcGciLCItcXVhbGl0eSA4MCJdLFsicCIsInRodW1iIiwiNTkweDU5MFx1MDAzZSJdXQ?sha=921a9dc091e195b9\" alt=\"\" \/><\/p>\n<p>Ba\u015f nazir 2024-c\u00fc ilin Az\u0259rbaycan \u00fc\u00e7\u00fcn daha \u00e7ox \u0259h\u0259miyy\u0259t k\u0259sb etdiyini vur\u011fulayaraq bildirib:<\/p>\n<p>\u201c\u00c7\u00fcnki siz noyabrda COP29-a ev sahibliyi etm\u0259y\u0259 haz\u0131rla\u015f\u0131rs\u0131n\u0131z\u201d.<\/p>\n<p>O, bununla Az\u0259rbaycan\u0131n beyn\u0259lxalq t\u0259dbirl\u0259r\u0259 ev sahibliyi etm\u0259sin\u0259 x\u00fcsusi diqq\u0259t yetirdikl\u0259rini qeyd edib. Ba\u015f nazir COP26-n\u0131n ev sahibi kimi r\u0259smi Bak\u0131 il\u0259 t\u0259cr\u00fcb\u0259l\u0259rini b\u00f6l\u00fc\u015fm\u0259yi, ba\u015fqa s\u00f6zl\u0259, bu sah\u0259d\u0259 d\u0259 \u0259m\u0259kda\u015fl\u0131q t\u0259klif edib. Az\u0259rbaycan\u0131 bu istiqam\u0259td\u0259 d\u0259 d\u0259st\u0259kl\u0259y\u0259c\u0259kl\u0259rini vur\u011fulayan R.Sunak bildirib:<\/p>\n<p>\u201cCOP29-un u\u011furla ke\u00e7irilm\u0259si \u00fc\u00e7\u00fcn siz\u0259 d\u0259st\u0259k ver\u0259c\u0259yimiz\u0259 \u0259min ola bil\u0259rsiniz\u201d.<\/p>\n<p>O, Az\u0259rbaycan\u0131n beyn\u0259lxalq enerji t\u0259hl\u00fck\u0259sizliyi sah\u0259sind\u0259 tutdu\u011fu rola \u00f6n\u0259m verdikl\u0259rind\u0259n b\u0259hs ed\u0259r\u0259k vur\u011fulay\u0131b:<\/p>\n<p>\u201cEnerji ke\u00e7idl\u0259rini ir\u0259liy\u0259 aparmaq v\u0259 qlobal emissiyalar\u0131 azaltmaq bax\u0131m\u0131ndan bu, h\u0259yati \u0259h\u0259miyy\u0259tli bir m\u0259qamd\u0131r\u201d.<\/p>\n<p>Ba\u015f nazir Az\u0259rbaycan-Erm\u0259nistan m\u00fcnasib\u0259tl\u0259rin\u0259 toxunaraq qeyd edib ki, t\u0259r\u0259fl\u0259r aras\u0131nda m\u00fcnaqi\u015f\u0259y\u0259 son qoymaq \u00fc\u00e7\u00fcn tarixi bir \u015fans var:<\/p>\n<p>\u201cDavaml\u0131 s\u00fclh\u0259 nail olunmas\u0131nda h\u0259r iki \u00f6lk\u0259y\u0259 B\u00f6y\u00fck Britaniyan\u0131n davaml\u0131 d\u0259st\u0259yini bir daha vur\u011fulay\u0131ram\u201d.<\/p>\n<p><img src=\"https:\/\/cdn.oxu.az\/uploads\/W1siZiIsIjIwMjQvMDIvMTYvMTYvMDAvNTIvNzczMGQxNjYtZjVjOS00Y2M5LWE1MzUtMjgzYTA0NWJiOTZmLzZiMjBmNjhkLTllNDQtM2QwNS04NmUwLTM2MjJjMzcyMDlmMS5qcGciXSxbInAiLCJlbmNvZGUiLCJqcGciLCItcXVhbGl0eSA4MCJdLFsicCIsInRodW1iIiwiNTkweDU5MFx1MDAzZSJdXQ?sha=b4c483dc55a26ea8\" alt=\"\" \/><\/p>\n<p>Az\u0259rbaycan Erm\u0259nistanla m\u00fcnasib\u0259tl\u0259rin normalla\u015fmas\u0131, sabitlik v\u0259 \u0259m\u0259kda\u015fl\u0131q t\u0259r\u0259fdar\u0131d\u0131r. Bu istiqam\u0259td\u0259 r\u0259smi \u0130r\u0259vana t\u0259klifl\u0259r paketi t\u0259qdim edib. R.Sunak Bak\u0131 il\u0259 \u0130r\u0259van aras\u0131nda m\u00fcnasib\u0259tl\u0259rin normalla\u015fmas\u0131 istiqam\u0259td\u0259 g\u00f6r\u00fcl\u0259n i\u015fl\u0259r\u0259 diqq\u0259t \u00e7\u0259k\u0259r\u0259k bildirib: \u201cM\u0259n davaml\u0131 m\u00fcqavil\u0259nin h\u0259r iki \u00f6lk\u0259nin v\u0259 \u00fcmumilikd\u0259 b\u00fct\u00fcn regionun rifah\u0131 v\u0259 sabitliyi \u00fc\u00e7\u00fcn g\u0259tir\u0259c\u0259yi b\u00f6y\u00fck faydalar\u0131 y\u00fcks\u0259k qiym\u0259tl\u0259ndirir\u0259m\u201d.<\/p>\n<p>Yeri g\u0259lmi\u015fk\u0259n, 2018-ci ilin aprelind\u0259 ke\u00e7iril\u0259n prezident se\u00e7kisind\u0259n sonra \u0130lham \u018fliyev Londonda Britaniyan\u0131n ozamank\u0131 h\u00f6kum\u0259t ba\u015f\u00e7\u0131s\u0131 Tereza Meyl\u0259 g\u00f6r\u00fc\u015fm\u00fc\u015fd\u00fc. T.Mey \u0130.\u018fliyevi q\u0259l\u0259b\u0259 m\u00fcnasib\u0259til\u0259 t\u0259brik ed\u0259r\u0259k s\u0259f\u0259r\u0259 bel\u0259 qiym\u0259t vermi\u015fdi:<\/p>\n<p>\u201cBu s\u0259f\u0259r iqtisadi v\u0259 ticar\u0259t, enerji, t\u0259hl\u00fck\u0259sizlik m\u0259s\u0259l\u0259l\u0259rinin m\u00fczakir\u0259si \u00fc\u00e7\u00fcn yax\u015f\u0131 imkan yaradacaq\u201d.<\/p>\n<p>O, Az\u0259rbaycan\u0131n \u018ffqan\u0131standa s\u00fclhm\u0259raml\u0131 \u0259m\u0259liyyatlarda i\u015ftirak\u0131na v\u0259 verdiyi d\u0259st\u0259y\u0259 g\u00f6r\u0259 minn\u0259tdarl\u0131\u011f\u0131n\u0131 bildirmi\u015fdi.<\/p>\n<p>R.Sunak v\u0259 T.Meyin t\u0259brikl\u0259rind\u0259n d\u0259 g\u00f6r\u00fcnd\u00fcy\u00fc kimi Britaniya Az\u0259rbaycanla \u0259m\u0259kda\u015fl\u0131\u011fa, m\u00fcnasib\u0259tl\u0259rin inki\u015faf\u0131na b\u00f6y\u00fck \u0259h\u0259miyy\u0259t verir.<\/p>\n<p>H\u0259r iki m\u0259ktubda r\u0259smi Bak\u0131n\u0131n qlobal \u0259h\u0259miyy\u0259tli m\u0259s\u0259l\u0259l\u0259rd\u0259 i\u015ftirak\u0131, rolu m\u00fcsb\u0259t qiym\u0259tl\u0259ndirilir. R.Sunak Az\u0259rbaycan\u0131n Ukrayna il\u0259 ba\u011fl\u0131 tutdu\u011fu m\u00f6vqeyi x\u00fcsusi olaraq qeyd edibs\u0259, T.Mey o vaxt \u00fc\u00e7\u00fcn aktual say\u0131lan \u018ffqan\u0131stanla ba\u011fl\u0131 m\u0259s\u0259l\u0259ni vur\u011fulam\u0131\u015fd\u0131. Krall\u0131\u011f\u0131n indiki ba\u015f naziri enerji sah\u0259sind\u0259n s\u00f6z a\u00e7maqla r\u0259smi Bak\u0131n\u0131n bu istiqam\u0259td\u0259 y\u00fcr\u00fctd\u00fcy\u00fc siyas\u0259ti t\u0259qdir etdiyini bildirib.<\/p>\n<p>Almaniya Kansleri Olaf \u015eolts da \u0130lham \u018fliyevi Prezident se\u00e7ilm\u0259si m\u00fcnasib\u0259til\u0259 t\u0259brik edib. O da Az\u0259rbaycanla \u0259m\u0259kda\u015fl\u0131\u011fa haz\u0131r olduqlar\u0131n\u0131 vur\u011fulay\u0131b:<\/p>\n<p>\u201cAlmaniya bundan sonra da Az\u0259rbaycana modernl\u0259\u015fm\u0259 kursunda v\u0259 h\u00fcquqi d\u00f6vl\u0259t\u00e7ilik strukturlar\u0131n\u0131n m\u00f6hk\u0259ml\u0259ndirilm\u0259si yolunda d\u0259st\u0259k verm\u0259y\u0259 haz\u0131rd\u0131r\u201d.<\/p>\n<p>\u00d6t\u0259n g\u00fcn AB\u015e-nin Bak\u0131dak\u0131 s\u0259firi Mark Libbi jurnalistl\u0259r\u0259 a\u00e7\u0131qlamas\u0131nda Az\u0259rbaycan\u0131n h\u0259yata ke\u00e7irdiyi layih\u0259l\u0259rin Avropan\u0131n enerji t\u0259hl\u00fck\u0259sizliyini art\u0131rd\u0131\u011f\u0131n\u0131 deyib. Onun s\u00f6zl\u0259rin\u0259 g\u00f6r\u0259, AB\u015e v\u0259 Az\u0259rbaycan \u0259sas diqq\u0259ti b\u0259rpa olunan enerji m\u0259nb\u0259l\u0259rin\u0259 y\u00f6n\u0259ld\u0259r\u0259k enerji sektorunda \u0259m\u0259kda\u015fl\u0131\u011f\u0131 davam etdir\u0259c\u0259k:<\/p>\n<p>\u201cM\u0259n bir AB\u015e-li\u00a0kimi C\u0259nub Qaz D\u0259hlizi (SGC), Bak\u0131-Tbilisi-Ceyhan kimi layih\u0259l\u0259r vasit\u0259sil\u0259 Az\u0259rbaycanla birlikd\u0259 g\u00f6rd\u00fcy\u00fcm\u00fcz i\u015fl\u0259rl\u0259 f\u0259xr edir\u0259m. Bunlar Avropan\u0131n enerji t\u0259hl\u00fck\u0259sizliyini art\u0131ran, Az\u0259rbaycanda rifah\u0131n v\u0259 t\u0259hl\u00fck\u0259sizliyin artmas\u0131na t\u00f6hf\u0259 ver\u0259n layih\u0259l\u0259rdir\u201d.<\/p>\n<p>Diplomat \u0259lav\u0259 edib ki, Bak\u0131 v\u0259 Va\u015finqtonun enerji sektorunda yax\u015f\u0131 \u0259m\u0259kda\u015fl\u0131q tarixi var.<\/p>\n<p><img src=\"https:\/\/cdn.oxu.az\/uploads\/W1siZiIsIjIwMjQvMDIvMTYvMTYvMDAvNTIvZmI5ZGE4MzctNGQ5NC00OGNjLThkNDctMGYzMmIzMTk3MTY3L2U2MTJhMGQ5LTZlODMtMzI4Yy1iMjAzLWEzNjA0OGMyNWFhOC5qcGciXSxbInAiLCJlbmNvZGUiLCJqcGciLCItcXVhbGl0eSA4MCJdLFsicCIsInRodW1iIiwiNTkweDU5MFx1MDAzZSJdXQ?sha=2db62184a7b4b05c\" alt=\"\" \/><\/p>\n<p>D\u00fcnyan\u0131n \u0259sas apar\u0131c\u0131 g\u00fccl\u0259rind\u0259n biri olan Britaniya ba\u015f nazirinin t\u0259brik m\u0259ktubu Prezident \u0130lham \u018fliyevin \u00f6t\u0259n d\u00f6vrd\u0259 g\u00f6rd\u00fcy\u00fc i\u015fl\u0259r\u0259 veril\u0259n beyn\u0259lxalq s\u0259viyy\u0259li qiym\u0259tdir, \u0259m\u0259kda\u015fl\u0131\u011f\u0131n yeni istiqam\u0259tl\u0259rini m\u00fc\u0259yy\u0259nl\u0259\u015fdirir.<\/p>\n<p>Birl\u0259\u015fmi\u015f \u015etatlar s\u0259firi Mark Libbi d\u0259 Az\u0259rbaycan\u0131n i\u015ftirak\u00e7\u0131s\u0131 oldu\u011fu layih\u0259l\u0259rin u\u011furlar\u0131n\u0131 vur\u011fulamaqla r\u0259smi Va\u015finqton v\u0259 Bak\u0131 aras\u0131nda bu istiqam\u0259td\u0259 \u0259m\u0259kda\u015fl\u0131\u011f\u0131n davam ed\u0259c\u0259yini t\u0259sdiql\u0259yib.<\/p>\n<p>Avropa \u0130ttifaq\u0131n\u0131n \u00fczv\u00fc olan \u0130taliyan\u0131n Nazirl\u0259r \u015euras\u0131n\u0131n s\u0259dri Corcia Meloni, Bosniya v\u0259 Herseqovinan\u0131n R\u0259yas\u0259t Hey\u0259tinin s\u0259dri Jelko Kom\u015fi\u00e7, Litvan\u0131n Prezidenti Gitanas Nausedaya, Malta Prezidenti Corc Vella, Slovakiyan\u0131n Ba\u015f naziri Robert Fitso, Pol\u015fa Prezidenti Andjey Duda, Avropa \u0130ttifaq\u0131 \u015euras\u0131n\u0131n Prezidenti \u015earl Mi\u015fel v\u0259 ba\u015fqalar\u0131 da Prezident \u0130lham \u018fliyevi q\u0259l\u0259b\u0259 m\u00fcnasib\u0259ti il\u0259 t\u0259brik edibl\u0259r.<\/p>\n<p>R.Sunak, O.\u015eoltsun, Avropan\u0131n ba\u015fqa liderl\u0259rinin m\u0259ktublar\u0131, z\u0259ngl\u0259ri M.Libbinin a\u00e7\u0131qlamalar\u0131 bir daha Az\u0259rbaycan\u0131n Q\u0259rb ail\u0259sinin \u00fczv\u00fc oldu\u011funu t\u0259sdiql\u0259yir. R\u0259smi Bak\u0131 Avropan\u0131n t\u0259hl\u00fck\u0259sizliyi, enerji t\u0259minat\u0131, qlobal miqyasl\u0131 m\u00fcnaqi\u015f\u0259l\u0259rin h\u0259llind\u0259 m\u00fch\u00fcm rol oynay\u0131r v\u0259 bu sah\u0259d\u0259 Avropa liderl\u0259ri il\u0259 eyni m\u00f6vqed\u0259dir.<\/p>\n<p><strong>\u201cReport\u201d \u0130nformasiya Agentliyi<\/strong><\/p>\n","protected":false},"excerpt":{"rendered":"<p>B\u00f6y\u00fck Britaniyan\u0131n Ba\u015f naziri Ri\u015fi Sunak fevral\u0131n 15-d\u0259 Az\u0259rbaycan Prezidenti\u00a0\u0130lham \u018fliyev\u0259\u00a0g\u00f6nd\u0259rdiyi t\u0259brik m\u0259ktubunda \u00f6t\u0259n 30 ild\u0259n art\u0131q m\u00fcdd\u0259td\u0259 London v\u0259 Bak\u0131 aras\u0131nda m\u00fcnasib\u0259tl\u0259rin daha da g\u00fccl\u0259ndiyi yaz\u0131l\u0131b. R.Sunak son 12 ayda Az\u0259rbaycanla Britaniyan\u0131n Ukraynaya d\u0259st\u0259k verm\u0259k \u00fc\u00e7\u00fcn birg\u0259 f\u0259aliyy\u0259t g\u00f6st\u0259rdikl\u0259rin\u0259 diqq\u0259t \u00e7\u0259kib: \u201cLondonda strateji dialoqumuzu aparm\u0131\u015f\u0131q, minalardan t\u0259mizl\u0259nm\u0259 \u00fczr\u0259 t\u0259cr\u00fcb\u0259mizi b\u00f6l\u00fc\u015fm\u00fc\u015f\u00fck v\u0259 ticar\u0259t \u0259laq\u0259l\u0259rimizi qurma\u011fa davam etmi\u015fik\u201d. H\u00f6kum\u0259t ba\u015f\u00e7\u0131s\u0131 bununla Az\u0259rbaycan\u0131n qlobal \u0259h\u0259miyy\u0259tli m\u0259s\u0259l\u0259l\u0259rd\u0259 d\u00fcnya g\u00fccl\u0259ri il\u0259 birlikd\u0259 f\u0259aliyy\u0259t g\u00f6st\u0259rdiyin\u0259 i\u015far\u0259 edib. R\u0259smi Bak\u0131n\u0131n Ukrayna m\u0259s\u0259l\u0259sind\u0259 tutdu\u011fu m\u00f6vqey\u0259 diqq\u0259t yetirdikl\u0259rini bildirib. O, Londonun Az\u0259rbaycan torpaqlar\u0131n\u0131n minalardan t\u0259mizl\u0259nm\u0259sin\u0259 d\u0259st\u0259k verdiyini, bu&hellip;<\/p>\n","protected":false},"author":2,"featured_media":691848,"comment_status":"closed","ping_status":"closed","sticky":false,"template":"","format":"standard","meta":{"om_disable_all_campaigns":false,"_monsterinsights_skip_tracking":false,"_monsterinsights_sitenote_active":false,"_monsterinsights_sitenote_note":"","_monsterinsights_sitenote_category":0},"categories":[4],"tags":[],"aioseo_notices":[],"gutentor_comment":0,"rttpg_featured_image_url":{"full":["https:\/\/arantv.az\/wp-content\/uploads\/2024\/02\/654b8c6d-2b81-342a-8d21-b963b6205336_850.jpg",620,413,false],"landscape":["https:\/\/arantv.az\/wp-content\/uploads\/2024\/02\/654b8c6d-2b81-342a-8d21-b963b6205336_850.jpg",620,413,false],"portraits":["https:\/\/arantv.az\/wp-content\/uploads\/2024\/02\/654b8c6d-2b81-342a-8d21-b963b6205336_850.jpg",620,413,false],"thumbnail":["https:\/\/arantv.az\/wp-content\/uploads\/2024\/02\/654b8c6d-2b81-342a-8d21-b963b6205336_850-500x280.jpg",500,280,true],"medium":["https:\/\/arantv.az\/wp-content\/uploads\/2024\/02\/654b8c6d-2b81-342a-8d21-b963b6205336_850-548x365.jpg",548,365,true],"large":["https:\/\/arantv.az\/wp-content\/uploads\/2024\/02\/654b8c6d-2b81-342a-8d21-b963b6205336_850.jpg",620,413,false],"1536x1536":["https:\/\/arantv.az\/wp-content\/uploads\/2024\/02\/654b8c6d-2b81-342a-8d21-b963b6205336_850.jpg",620,413,false],"2048x2048":["https:\/\/arantv.az\/wp-content\/uploads\/2024\/02\/654b8c6d-2b81-342a-8d21-b963b6205336_850.jpg",620,413,false],"post-thumbnail":["https:\/\/arantv.az\/wp-content\/uploads\/2024\/02\/654b8c6d-2b81-342a-8d21-b963b6205336_850-240x172.jpg",240,172,true],"advps-thumb-one":["https:\/\/arantv.az\/wp-content\/uploads\/2024\/02\/654b8c6d-2b81-342a-8d21-b963b6205336_850.jpg",620,413,false]},"rttpg_author":{"display_name":"V\u00fcsal Rafiqo\u011flu","author_link":"https:\/\/arantv.az\/?author=2"},"rttpg_comment":0,"rttpg_category":"<a href=\"https:\/\/arantv.az\/?cat=4\" rel=\"category\">Siyas\u0259t<\/a>","rttpg_excerpt":"B\u00f6y\u00fck Britaniyan\u0131n Ba\u015f naziri Ri\u015fi Sunak fevral\u0131n 15-d\u0259 Az\u0259rbaycan Prezidenti\u00a0\u0130lham \u018fliyev\u0259\u00a0g\u00f6nd\u0259rdiyi t\u0259brik m\u0259ktubunda \u00f6t\u0259n 30 ild\u0259n art\u0131q m\u00fcdd\u0259td\u0259 London v\u0259 Bak\u0131 aras\u0131nda m\u00fcnasib\u0259tl\u0259rin daha da g\u00fccl\u0259ndiyi yaz\u0131l\u0131b. R.Sunak son 12 ayda Az\u0259rbaycanla Britaniyan\u0131n Ukraynaya d\u0259st\u0259k verm\u0259k \u00fc\u00e7\u00fcn birg\u0259 f\u0259aliyy\u0259t g\u00f6st\u0259rdikl\u0259rin\u0259 diqq\u0259t \u00e7\u0259kib: \u201cLondonda strateji dialoqumuzu aparm\u0131\u015f\u0131q, minalardan t\u0259mizl\u0259nm\u0259 \u00fczr\u0259 t\u0259cr\u00fcb\u0259mizi b\u00f6l\u00fc\u015fm\u00fc\u015f\u00fck v\u0259 ticar\u0259t \u0259laq\u0259l\u0259rimizi qurma\u011fa&hellip;","_links":{"self":[{"href":"https:\/\/arantv.az\/index.php?rest_route=\/wp\/v2\/posts\/691847"}],"collection":[{"href":"https:\/\/arantv.az\/index.php?rest_route=\/wp\/v2\/posts"}],"about":[{"href":"https:\/\/arantv.az\/index.php?rest_route=\/wp\/v2\/types\/post"}],"author":[{"embeddable":true,"href":"https:\/\/arantv.az\/index.php?rest_route=\/wp\/v2\/users\/2"}],"replies":[{"embeddable":true,"href":"https:\/\/arantv.az\/index.php?rest_route=%2Fwp%2Fv2%2Fcomments&post=691847"}],"version-history":[{"count":0,"href":"https:\/\/arantv.az\/index.php?rest_route=\/wp\/v2\/posts\/691847\/revisions"}],"wp:featuredmedia":[{"embeddable":true,"href":"https:\/\/arantv.az\/index.php?rest_route=\/wp\/v2\/media\/691848"}],"wp:attachment":[{"href":"https:\/\/arantv.az\/index.php?rest_route=%2Fwp%2Fv2%2Fmedia&parent=691847"}],"wp:term":[{"taxonomy":"category","embeddable":true,"href":"https:\/\/arantv.az\/index.php?rest_route=%2Fwp%2Fv2%2Fcategories&post=691847"},{"taxonomy":"post_tag","embeddable":true,"href":"https:\/\/arantv.az\/index.php?rest_route=%2Fwp%2Fv2%2Ftags&post=691847"}],"curies":[{"name":"wp","href":"https:\/\/api.w.org\/{rel}","templated":true}]}}