{"id":691850,"date":"2024-02-16T18:00:57","date_gmt":"2024-02-16T14:00:57","guid":{"rendered":"https:\/\/arantv.az\/?p=691850"},"modified":"2024-02-16T18:00:57","modified_gmt":"2024-02-16T14:00:57","slug":"munhend%c9%99-ilham-%c9%99liyev-il%c9%99-avropa-yenid%c9%99nqurma-v%c9%99-inkisaf-bankinin-prezidentinin-gorusu-olub-foto","status":"publish","type":"post","link":"https:\/\/arantv.az\/?p=691850","title":{"rendered":"M\u00fcnhend\u0259 \u0130lham \u018fliyev il\u0259 Avropa Yenid\u0259nqurma v\u0259 \u0130nki\u015faf Bank\u0131n\u0131n prezidentinin g\u00f6r\u00fc\u015f\u00fc olub &#8211; FOTO"},"content":{"rendered":"<p>Fevral\u0131n 16-da M\u00fcnhend\u0259 Az\u0259rbaycan Respublikas\u0131n\u0131n Prezidenti\u00a0<strong>\u0130lham \u018fliyev<\/strong>\u00a0il\u0259 qar\u015f\u0131 t\u0259r\u0259fin m\u00fcraci\u0259tin\u0259 \u0259sas\u0259n Avropa Yenid\u0259nqurma v\u0259 \u0130nki\u015faf Bank\u0131n\u0131n prezidenti Odil Reno-Bassonun g\u00f6r\u00fc\u015f\u00fc olub.<\/p>\n<p>Bu bar\u0259d\u0259\u00a0<a href=\"https:\/\/president.az\/az\/articles\/view\/64148\" target=\"_blank\" rel=\"noopener\"><strong>President.az<\/strong><\/a>\u00a0x\u0259b\u0259r verir.<\/p>\n<p><img src=\"https:\/\/cdn.oxu.az\/uploads\/W1siZiIsIjIwMjQvMDIvMTYvMTcvNTcvMzEvOTA5YzU1MmYtN2MyMC00YjJhLWE0NmItYzgxYTI0ZjYxMzRmLzE3MDgwOTE2NjRfMGViOWU2OWU4NTg1YzZjMTQ4YTJkYjYyZjU2OWY3ZGUuanBnIl0sWyJwIiwiZW5jb2RlIiwianBnIiwiLXF1YWxpdHkgODAiXSxbInAiLCJ0aHVtYiIsIjU5MHg1OTBcdTAwM2UiXV0?sha=a9ae2831f490fd9e\" alt=\"\" \/><img src=\"https:\/\/cdn.oxu.az\/uploads\/W1siZiIsIjIwMjQvMDIvMTYvMTcvNTcvMzEvYzNmMzhhNzUtNGFjNS00M2RjLTg0MmQtOGE2ZjhhZTRkYzdlLzE3MDgwOTE2NjdfNDJlZjMxMzI2MmVlMjViNThlYjgzZjI4NTJiZTg0YTAuanBnIl0sWyJwIiwiZW5jb2RlIiwianBnIiwiLXF1YWxpdHkgODAiXSxbInAiLCJ0aHVtYiIsIjU5MHg1OTBcdTAwM2UiXV0?sha=5e214730c415dd8f\" alt=\"\" \/><\/p>\n","protected":false},"excerpt":{"rendered":"<p>Fevral\u0131n 16-da M\u00fcnhend\u0259 Az\u0259rbaycan Respublikas\u0131n\u0131n Prezidenti\u00a0\u0130lham \u018fliyev\u00a0il\u0259 qar\u015f\u0131 t\u0259r\u0259fin m\u00fcraci\u0259tin\u0259 \u0259sas\u0259n Avropa Yenid\u0259nqurma v\u0259 \u0130nki\u015faf Bank\u0131n\u0131n prezidenti Odil Reno-Bassonun g\u00f6r\u00fc\u015f\u00fc olub. Bu bar\u0259d\u0259\u00a0President.az\u00a0x\u0259b\u0259r verir.<\/p>\n","protected":false},"author":2,"featured_media":691851,"comment_status":"closed","ping_status":"closed","sticky":false,"template":"","format":"standard","meta":{"om_disable_all_campaigns":false,"_monsterinsights_skip_tracking":false,"_monsterinsights_sitenote_active":false,"_monsterinsights_sitenote_note":"","_monsterinsights_sitenote_category":0},"categories":[4],"tags":[],"aioseo_notices":[],"gutentor_comment":0,"rttpg_featured_image_url":{"full":["https:\/\/arantv.az\/wp-content\/uploads\/2024\/02\/FotoJet-1-16.jpg",620,413,false],"landscape":["https:\/\/arantv.az\/wp-content\/uploads\/2024\/02\/FotoJet-1-16.jpg",620,413,false],"portraits":["https:\/\/arantv.az\/wp-content\/uploads\/2024\/02\/FotoJet-1-16.jpg",620,413,false],"thumbnail":["https:\/\/arantv.az\/wp-content\/uploads\/2024\/02\/FotoJet-1-16-500x280.jpg",500,280,true],"medium":["https:\/\/arantv.az\/wp-content\/uploads\/2024\/02\/FotoJet-1-16-548x365.jpg",548,365,true],"large":["https:\/\/arantv.az\/wp-content\/uploads\/2024\/02\/FotoJet-1-16.jpg",620,413,false],"1536x1536":["https:\/\/arantv.az\/wp-content\/uploads\/2024\/02\/FotoJet-1-16.jpg",620,413,false],"2048x2048":["https:\/\/arantv.az\/wp-content\/uploads\/2024\/02\/FotoJet-1-16.jpg",620,413,false],"post-thumbnail":["https:\/\/arantv.az\/wp-content\/uploads\/2024\/02\/FotoJet-1-16-240x172.jpg",240,172,true],"advps-thumb-one":["https:\/\/arantv.az\/wp-content\/uploads\/2024\/02\/FotoJet-1-16.jpg",620,413,false]},"rttpg_author":{"display_name":"V\u00fcsal Rafiqo\u011flu","author_link":"https:\/\/arantv.az\/?author=2"},"rttpg_comment":0,"rttpg_category":"<a href=\"https:\/\/arantv.az\/?cat=4\" rel=\"category\">Siyas\u0259t<\/a>","rttpg_excerpt":"Fevral\u0131n 16-da M\u00fcnhend\u0259 Az\u0259rbaycan Respublikas\u0131n\u0131n Prezidenti\u00a0\u0130lham \u018fliyev\u00a0il\u0259 qar\u015f\u0131 t\u0259r\u0259fin m\u00fcraci\u0259tin\u0259 \u0259sas\u0259n Avropa Yenid\u0259nqurma v\u0259 \u0130nki\u015faf Bank\u0131n\u0131n prezidenti Odil Reno-Bassonun g\u00f6r\u00fc\u015f\u00fc olub. Bu bar\u0259d\u0259\u00a0President.az\u00a0x\u0259b\u0259r verir.","_links":{"self":[{"href":"https:\/\/arantv.az\/index.php?rest_route=\/wp\/v2\/posts\/691850"}],"collection":[{"href":"https:\/\/arantv.az\/index.php?rest_route=\/wp\/v2\/posts"}],"about":[{"href":"https:\/\/arantv.az\/index.php?rest_route=\/wp\/v2\/types\/post"}],"author":[{"embeddable":true,"href":"https:\/\/arantv.az\/index.php?rest_route=\/wp\/v2\/users\/2"}],"replies":[{"embeddable":true,"href":"https:\/\/arantv.az\/index.php?rest_route=%2Fwp%2Fv2%2Fcomments&post=691850"}],"version-history":[{"count":0,"href":"https:\/\/arantv.az\/index.php?rest_route=\/wp\/v2\/posts\/691850\/revisions"}],"wp:featuredmedia":[{"embeddable":true,"href":"https:\/\/arantv.az\/index.php?rest_route=\/wp\/v2\/media\/691851"}],"wp:attachment":[{"href":"https:\/\/arantv.az\/index.php?rest_route=%2Fwp%2Fv2%2Fmedia&parent=691850"}],"wp:term":[{"taxonomy":"category","embeddable":true,"href":"https:\/\/arantv.az\/index.php?rest_route=%2Fwp%2Fv2%2Fcategories&post=691850"},{"taxonomy":"post_tag","embeddable":true,"href":"https:\/\/arantv.az\/index.php?rest_route=%2Fwp%2Fv2%2Ftags&post=691850"}],"curies":[{"name":"wp","href":"https:\/\/api.w.org\/{rel}","templated":true}]}}