{"id":691860,"date":"2024-02-16T18:16:21","date_gmt":"2024-02-16T14:16:21","guid":{"rendered":"https:\/\/arantv.az\/?p=691860"},"modified":"2024-02-16T18:16:21","modified_gmt":"2024-02-16T14:16:21","slug":"fransali-tarixci-dasnaksutyuna-1986-ci-ild%c9%99-qarabagda-huceyr%c9%99l%c9%99r-yaratmaga-moskva-icaz%c9%99-verib","status":"publish","type":"post","link":"https:\/\/arantv.az\/?p=691860","title":{"rendered":"Fransal\u0131 tarix\u00e7i: Da\u015fnaks\u00fctyuna 1986-c\u0131 ild\u0259 Qaraba\u011fda h\u00fcceyr\u0259l\u0259r yaratma\u011fa Moskva icaz\u0259 verib"},"content":{"rendered":"<p>Erm\u0259ni \u0130nqilabi Federasiyas\u0131na (Da\u015fnaks\u00fctyun) Moskva t\u0259r\u0259find\u0259n t\u0259xmin\u0259n 1970-ci ild\u0259 Sovet Erm\u0259nistan\u0131nda, sonra is\u0259 1986-c\u0131 ild\u0259 Qaraba\u011fda h\u00fcceyr\u0259l\u0259r yaratma\u011fa icaz\u0259 verilib.<\/p>\n<p>Bu bar\u0259d\u0259 \u201cReport\u201da a\u00e7\u0131qlamas\u0131nda ADA Universitetinin m\u00fc\u0259llimi, fransal\u0131 tarix\u00e7i, politoloq Maksim Quen (Maxime Gauin) deyib.<\/p>\n<p>Ekspert Erm\u0259nistan\u0131n 1918-1921 v\u0259 1987-1991-ci ill\u0259rd\u0259 h\u0259yata ke\u00e7irdiyi etnik t\u0259mizl\u0259m\u0259 siyas\u0259tind\u0259n s\u00f6z a\u00e7\u0131b: &#8220;1920-ci ild\u0259 ba\u015f ver\u0259n hadis\u0259l\u0259rd\u0259 Erm\u0259nistan\u0131n daxili i\u015fl\u0259r naziri, Erm\u0259ni \u0130nqilabi Federasiyas\u0131n\u0131n (ARF) lideri Ruben Ter Minasyan\u0131n m\u00fch\u00fcm rolu olub. Qaregin Njde 1921-ci il daxil olmaqla q\u0131sam\u00fcdd\u0259tli \u201cDa\u011f Respublikas\u0131\u201d d\u00f6vr\u00fcnd\u0259 Z\u0259ng\u0259zurda q\u0131r\u011f\u0131nlar t\u0259\u015fkil edib, nasistl\u0259rl\u0259 \u0259m\u0259kda\u015fl\u0131\u011f\u0131 il\u0259 m\u0259\u015fhur olub. Ter Minasyan da eyni istiqam\u0259t\u0259 malik olub. Onun \u201cXatir\u0259l\u0259ri\u201dnd\u0259 \u0259mr etdiyi q\u0259tliam v\u0259 s\u00fcrg\u00fcnl\u0259r\u0259 h\u0259r yerd\u0259 erm\u0259nil\u0259rin \u00e7oxluq t\u0259\u015fkil etdiyi Erm\u0259nistan Respublikas\u0131na sahib olmaq ist\u0259yi il\u0259 haqq qazand\u0131r\u0131l\u0131r. Ter Minasyan 1919-cu ild\u0259 \u201cErm\u0259nistan yox idi\u201d adl\u0131 xatir\u0259l\u0259rind\u0259 s\u0259mimi olaraq yaz\u0131r ki, \u0259g\u0259r bu respublikan\u0131n \u0259razil\u0259rinin demoqrafiyas\u0131na n\u0259z\u0259r salsaq, \u201cErm\u0259nistandan daha \u00e7ox \u201cTatar\u0131stan\u201d idi\u201d.<\/p>\n<p>M.Quen bildirib ki, Ter Minasyan \u00f6lk\u0259si \u00fc\u00e7\u00fcn t\u0259kpartiyal\u0131 diktatura arzulay\u0131b: \u201cO hesab edirdi ki, m\u0259qs\u0259dl\u0259ri vasit\u0259l\u0259r\u0259 haqq qazand\u0131r\u0131r. Bununla bel\u0259, onun xatir\u0259l\u0259rin\u0259 bir faktiki d\u00fcz\u0259li\u015f edilm\u0259lidir: O, az\u0259rbaycanl\u0131lar\u0131n Erm\u0259nistan v\u0259t\u0259nda\u015f\u0131 olmaqdan imtinas\u0131n\u0131n t\u0259hl\u00fck\u0259sizlik problemin\u0259 s\u0259b\u0259b oldu\u011funu iddia edir, lakin 1918-ci il\u0259 q\u0259d\u0259r az\u0259rbaycanl\u0131lar\u0131n azl\u0131q t\u0259\u015fkil etdiyi bu \u00f6lk\u0259nin b\u0259zi yerl\u0259rind\u0259 d\u0259 q\u0131r\u011f\u0131nlar\u0131n v\u0259 s\u00fcrg\u00fcnl\u0259rin ba\u015f verib. M\u0259s\u0259l\u0259n, Fransan\u0131n Qafqazdak\u0131 ali komissar\u0131 Damien de Martelin dediyin\u0259 g\u00f6r\u0259, \u0130r\u0259van T\u00fcrkiy\u0259 s\u0259rh\u0259dind\u0259 1920-ci ilin iyununda 4000 n\u0259f\u0259r \u00f6ld\u00fcr\u00fcl\u00fcb v\u0259 36 000 insan \u201ctop g\u00fcll\u0259l\u0259ri il\u0259\u201d qovulub\u201d.<\/p>\n<p>Tarix\u00e7i vur\u011fulay\u0131b ki, 1918-1921-ci ill\u0259rd\u0259 Erm\u0259nistan\u0131n etnik t\u0259mizl\u0259m\u0259 siyas\u0259tini frans\u0131z, ingilis, amerikan, Osmanl\u0131 v\u0259 erm\u0259ni m\u0259nb\u0259l\u0259rind\u0259n istifad\u0259 ed\u0259r\u0259k ara\u015fd\u0131r\u0131b.<\/p>\n","protected":false},"excerpt":{"rendered":"<p>Erm\u0259ni \u0130nqilabi Federasiyas\u0131na (Da\u015fnaks\u00fctyun) Moskva t\u0259r\u0259find\u0259n t\u0259xmin\u0259n 1970-ci ild\u0259 Sovet Erm\u0259nistan\u0131nda, sonra is\u0259 1986-c\u0131 ild\u0259 Qaraba\u011fda h\u00fcceyr\u0259l\u0259r yaratma\u011fa icaz\u0259 verilib. Bu bar\u0259d\u0259 \u201cReport\u201da a\u00e7\u0131qlamas\u0131nda ADA Universitetinin m\u00fc\u0259llimi, fransal\u0131 tarix\u00e7i, politoloq Maksim Quen (Maxime Gauin) deyib. Ekspert Erm\u0259nistan\u0131n 1918-1921 v\u0259 1987-1991-ci ill\u0259rd\u0259 h\u0259yata ke\u00e7irdiyi etnik t\u0259mizl\u0259m\u0259 siyas\u0259tind\u0259n s\u00f6z a\u00e7\u0131b: &#8220;1920-ci ild\u0259 ba\u015f ver\u0259n hadis\u0259l\u0259rd\u0259 Erm\u0259nistan\u0131n daxili i\u015fl\u0259r naziri, Erm\u0259ni \u0130nqilabi Federasiyas\u0131n\u0131n (ARF) lideri Ruben Ter Minasyan\u0131n m\u00fch\u00fcm rolu olub. Qaregin Njde 1921-ci il daxil olmaqla q\u0131sam\u00fcdd\u0259tli \u201cDa\u011f Respublikas\u0131\u201d d\u00f6vr\u00fcnd\u0259 Z\u0259ng\u0259zurda q\u0131r\u011f\u0131nlar t\u0259\u015fkil edib, nasistl\u0259rl\u0259 \u0259m\u0259kda\u015fl\u0131\u011f\u0131 il\u0259 m\u0259\u015fhur olub. Ter Minasyan da&hellip;<\/p>\n","protected":false},"author":2,"featured_media":691861,"comment_status":"closed","ping_status":"closed","sticky":false,"template":"","format":"standard","meta":{"om_disable_all_campaigns":false,"_monsterinsights_skip_tracking":false,"_monsterinsights_sitenote_active":false,"_monsterinsights_sitenote_note":"","_monsterinsights_sitenote_category":0},"categories":[4],"tags":[],"aioseo_notices":[],"gutentor_comment":0,"rttpg_featured_image_url":{"full":["https:\/\/arantv.az\/wp-content\/uploads\/2024\/02\/4adb4390-d562-3992-9021-7a4126ab891a_850-1.jpg",620,413,false],"landscape":["https:\/\/arantv.az\/wp-content\/uploads\/2024\/02\/4adb4390-d562-3992-9021-7a4126ab891a_850-1.jpg",620,413,false],"portraits":["https:\/\/arantv.az\/wp-content\/uploads\/2024\/02\/4adb4390-d562-3992-9021-7a4126ab891a_850-1.jpg",620,413,false],"thumbnail":["https:\/\/arantv.az\/wp-content\/uploads\/2024\/02\/4adb4390-d562-3992-9021-7a4126ab891a_850-1-500x280.jpg",500,280,true],"medium":["https:\/\/arantv.az\/wp-content\/uploads\/2024\/02\/4adb4390-d562-3992-9021-7a4126ab891a_850-1-548x365.jpg",548,365,true],"large":["https:\/\/arantv.az\/wp-content\/uploads\/2024\/02\/4adb4390-d562-3992-9021-7a4126ab891a_850-1.jpg",620,413,false],"1536x1536":["https:\/\/arantv.az\/wp-content\/uploads\/2024\/02\/4adb4390-d562-3992-9021-7a4126ab891a_850-1.jpg",620,413,false],"2048x2048":["https:\/\/arantv.az\/wp-content\/uploads\/2024\/02\/4adb4390-d562-3992-9021-7a4126ab891a_850-1.jpg",620,413,false],"post-thumbnail":["https:\/\/arantv.az\/wp-content\/uploads\/2024\/02\/4adb4390-d562-3992-9021-7a4126ab891a_850-1-240x172.jpg",240,172,true],"advps-thumb-one":["https:\/\/arantv.az\/wp-content\/uploads\/2024\/02\/4adb4390-d562-3992-9021-7a4126ab891a_850-1.jpg",620,413,false]},"rttpg_author":{"display_name":"V\u00fcsal Rafiqo\u011flu","author_link":"https:\/\/arantv.az\/?author=2"},"rttpg_comment":0,"rttpg_category":"<a href=\"https:\/\/arantv.az\/?cat=4\" rel=\"category\">Siyas\u0259t<\/a>","rttpg_excerpt":"Erm\u0259ni \u0130nqilabi Federasiyas\u0131na (Da\u015fnaks\u00fctyun) Moskva t\u0259r\u0259find\u0259n t\u0259xmin\u0259n 1970-ci ild\u0259 Sovet Erm\u0259nistan\u0131nda, sonra is\u0259 1986-c\u0131 ild\u0259 Qaraba\u011fda h\u00fcceyr\u0259l\u0259r yaratma\u011fa icaz\u0259 verilib. Bu bar\u0259d\u0259 \u201cReport\u201da a\u00e7\u0131qlamas\u0131nda ADA Universitetinin m\u00fc\u0259llimi, fransal\u0131 tarix\u00e7i, politoloq Maksim Quen (Maxime Gauin) deyib. Ekspert Erm\u0259nistan\u0131n 1918-1921 v\u0259 1987-1991-ci ill\u0259rd\u0259 h\u0259yata ke\u00e7irdiyi etnik t\u0259mizl\u0259m\u0259 siyas\u0259tind\u0259n s\u00f6z a\u00e7\u0131b: &#8220;1920-ci ild\u0259 ba\u015f ver\u0259n hadis\u0259l\u0259rd\u0259 Erm\u0259nistan\u0131n daxili&hellip;","_links":{"self":[{"href":"https:\/\/arantv.az\/index.php?rest_route=\/wp\/v2\/posts\/691860"}],"collection":[{"href":"https:\/\/arantv.az\/index.php?rest_route=\/wp\/v2\/posts"}],"about":[{"href":"https:\/\/arantv.az\/index.php?rest_route=\/wp\/v2\/types\/post"}],"author":[{"embeddable":true,"href":"https:\/\/arantv.az\/index.php?rest_route=\/wp\/v2\/users\/2"}],"replies":[{"embeddable":true,"href":"https:\/\/arantv.az\/index.php?rest_route=%2Fwp%2Fv2%2Fcomments&post=691860"}],"version-history":[{"count":0,"href":"https:\/\/arantv.az\/index.php?rest_route=\/wp\/v2\/posts\/691860\/revisions"}],"wp:featuredmedia":[{"embeddable":true,"href":"https:\/\/arantv.az\/index.php?rest_route=\/wp\/v2\/media\/691861"}],"wp:attachment":[{"href":"https:\/\/arantv.az\/index.php?rest_route=%2Fwp%2Fv2%2Fmedia&parent=691860"}],"wp:term":[{"taxonomy":"category","embeddable":true,"href":"https:\/\/arantv.az\/index.php?rest_route=%2Fwp%2Fv2%2Fcategories&post=691860"},{"taxonomy":"post_tag","embeddable":true,"href":"https:\/\/arantv.az\/index.php?rest_route=%2Fwp%2Fv2%2Ftags&post=691860"}],"curies":[{"name":"wp","href":"https:\/\/api.w.org\/{rel}","templated":true}]}}