{"id":691867,"date":"2024-02-16T18:51:53","date_gmt":"2024-02-16T14:51:53","guid":{"rendered":"https:\/\/arantv.az\/?p=691867"},"modified":"2024-02-16T18:51:53","modified_gmt":"2024-02-16T14:51:53","slug":"tamas-yojef-torma-macaristanin-qarabagda-rolu-bununla-bitm%c9%99y%c9%99c%c9%99k-video","status":"publish","type":"post","link":"https:\/\/arantv.az\/?p=691867","title":{"rendered":"Tama\u015f Yojef Torma: \u201cMacar\u0131stan\u0131n Qaraba\u011fda rolu bununla bitm\u0259y\u0259c\u0259k\u201d &#8211; V\u0130DEO"},"content":{"rendered":"<article class=\"news\">\n<div class=\"news-inner\">\n<p>Baku TV-d\u0259 yay\u0131mlanan \u201cR\u0259smil\u0259r\u201d verili\u015finin yeni burax\u0131l\u0131\u015f\u0131 efir\u0259 gedib.<\/p>\n<p>Verili\u015fin bud\u0259f\u0259ki say\u0131n\u0131n qona\u011f\u0131 Macar\u0131stan\u0131n Az\u0259rbaycandak\u0131 s\u0259firi Tama\u015f Yojef Torma olub.<\/p>\n<p>Diplomat iki \u00f6lk\u0259 aras\u0131ndak\u0131 \u0259laq\u0259l\u0259ri qiym\u0259tl\u0259ndirib, g\u0259l\u0259c\u0259kd\u0259 Macar\u0131stan\u0131n T\u00fcrk D\u00f6vl\u0259tl\u0259ri T\u0259\u015fkilat\u0131n\u0131n daimi \u00fczv\u00fc olub-olmayaca\u011f\u0131 il\u0259 ba\u011fl\u0131 suala ayd\u0131nl\u0131q g\u0259tirib.<\/p>\n<p>S\u0259fir proqramda h\u0259m\u00e7inin Macar\u0131stan\u0131n Qaraba\u011f\u0131n b\u0259rpas\u0131ndak\u0131 rolu il\u0259 ba\u011fl\u0131 sual\u0131 cavabland\u0131r\u0131b, el\u0259c\u0259 d\u0259 Az\u0259rbaycan\u0131n separatizm \u00fcz\u0259rind\u0259 q\u0259l\u0259b\u0259 \u00e7alaraq beyn\u0259lxalq \u0259dal\u0259ti b\u0259rpa etm\u0259si m\u00fczakir\u0259 olunub.<\/p>\n<p>\u018ftrafl\u0131 videonu t\u0259qdim edirik:<\/p>\n<div><iframe loading=\"lazy\" title=\"YouTube video player\" src=\"https:\/\/www.youtube.com\/embed\/hjREW0hEDyM?si=asf2wMZZ6SgoKDRu\" width=\"560\" height=\"315\" frameborder=\"0\" allowfullscreen=\"allowfullscreen\" data-mce-fragment=\"1\"><\/iframe><\/div>\n<\/div>\n<\/article>\n","protected":false},"excerpt":{"rendered":"<p>Baku TV-d\u0259 yay\u0131mlanan \u201cR\u0259smil\u0259r\u201d verili\u015finin yeni burax\u0131l\u0131\u015f\u0131 efir\u0259 gedib. Verili\u015fin bud\u0259f\u0259ki say\u0131n\u0131n qona\u011f\u0131 Macar\u0131stan\u0131n Az\u0259rbaycandak\u0131 s\u0259firi Tama\u015f Yojef Torma olub. Diplomat iki \u00f6lk\u0259 aras\u0131ndak\u0131 \u0259laq\u0259l\u0259ri qiym\u0259tl\u0259ndirib, g\u0259l\u0259c\u0259kd\u0259 Macar\u0131stan\u0131n T\u00fcrk D\u00f6vl\u0259tl\u0259ri T\u0259\u015fkilat\u0131n\u0131n daimi \u00fczv\u00fc olub-olmayaca\u011f\u0131 il\u0259 ba\u011fl\u0131 suala ayd\u0131nl\u0131q g\u0259tirib. S\u0259fir proqramda h\u0259m\u00e7inin Macar\u0131stan\u0131n Qaraba\u011f\u0131n b\u0259rpas\u0131ndak\u0131 rolu il\u0259 ba\u011fl\u0131 sual\u0131 cavabland\u0131r\u0131b, el\u0259c\u0259 d\u0259 Az\u0259rbaycan\u0131n separatizm \u00fcz\u0259rind\u0259 q\u0259l\u0259b\u0259 \u00e7alaraq beyn\u0259lxalq \u0259dal\u0259ti b\u0259rpa etm\u0259si m\u00fczakir\u0259 olunub. \u018ftrafl\u0131 videonu t\u0259qdim edirik:<\/p>\n","protected":false},"author":2,"featured_media":691868,"comment_status":"closed","ping_status":"closed","sticky":false,"template":"","format":"standard","meta":{"om_disable_all_campaigns":false,"_monsterinsights_skip_tracking":false,"_monsterinsights_sitenote_active":false,"_monsterinsights_sitenote_note":"","_monsterinsights_sitenote_category":0},"categories":[4],"tags":[],"aioseo_notices":[],"gutentor_comment":0,"rttpg_featured_image_url":{"full":["https:\/\/arantv.az\/wp-content\/uploads\/2024\/02\/sefir.jpg",620,413,false],"landscape":["https:\/\/arantv.az\/wp-content\/uploads\/2024\/02\/sefir.jpg",620,413,false],"portraits":["https:\/\/arantv.az\/wp-content\/uploads\/2024\/02\/sefir.jpg",620,413,false],"thumbnail":["https:\/\/arantv.az\/wp-content\/uploads\/2024\/02\/sefir-500x280.jpg",500,280,true],"medium":["https:\/\/arantv.az\/wp-content\/uploads\/2024\/02\/sefir-548x365.jpg",548,365,true],"large":["https:\/\/arantv.az\/wp-content\/uploads\/2024\/02\/sefir.jpg",620,413,false],"1536x1536":["https:\/\/arantv.az\/wp-content\/uploads\/2024\/02\/sefir.jpg",620,413,false],"2048x2048":["https:\/\/arantv.az\/wp-content\/uploads\/2024\/02\/sefir.jpg",620,413,false],"post-thumbnail":["https:\/\/arantv.az\/wp-content\/uploads\/2024\/02\/sefir-240x172.jpg",240,172,true],"advps-thumb-one":["https:\/\/arantv.az\/wp-content\/uploads\/2024\/02\/sefir.jpg",620,413,false]},"rttpg_author":{"display_name":"V\u00fcsal Rafiqo\u011flu","author_link":"https:\/\/arantv.az\/?author=2"},"rttpg_comment":0,"rttpg_category":"<a href=\"https:\/\/arantv.az\/?cat=4\" rel=\"category\">Siyas\u0259t<\/a>","rttpg_excerpt":"Baku TV-d\u0259 yay\u0131mlanan \u201cR\u0259smil\u0259r\u201d verili\u015finin yeni burax\u0131l\u0131\u015f\u0131 efir\u0259 gedib. Verili\u015fin bud\u0259f\u0259ki say\u0131n\u0131n qona\u011f\u0131 Macar\u0131stan\u0131n Az\u0259rbaycandak\u0131 s\u0259firi Tama\u015f Yojef Torma olub. Diplomat iki \u00f6lk\u0259 aras\u0131ndak\u0131 \u0259laq\u0259l\u0259ri qiym\u0259tl\u0259ndirib, g\u0259l\u0259c\u0259kd\u0259 Macar\u0131stan\u0131n T\u00fcrk D\u00f6vl\u0259tl\u0259ri T\u0259\u015fkilat\u0131n\u0131n daimi \u00fczv\u00fc olub-olmayaca\u011f\u0131 il\u0259 ba\u011fl\u0131 suala ayd\u0131nl\u0131q g\u0259tirib. S\u0259fir proqramda h\u0259m\u00e7inin Macar\u0131stan\u0131n Qaraba\u011f\u0131n b\u0259rpas\u0131ndak\u0131 rolu il\u0259 ba\u011fl\u0131 sual\u0131 cavabland\u0131r\u0131b, el\u0259c\u0259 d\u0259 Az\u0259rbaycan\u0131n separatizm \u00fcz\u0259rind\u0259&hellip;","_links":{"self":[{"href":"https:\/\/arantv.az\/index.php?rest_route=\/wp\/v2\/posts\/691867"}],"collection":[{"href":"https:\/\/arantv.az\/index.php?rest_route=\/wp\/v2\/posts"}],"about":[{"href":"https:\/\/arantv.az\/index.php?rest_route=\/wp\/v2\/types\/post"}],"author":[{"embeddable":true,"href":"https:\/\/arantv.az\/index.php?rest_route=\/wp\/v2\/users\/2"}],"replies":[{"embeddable":true,"href":"https:\/\/arantv.az\/index.php?rest_route=%2Fwp%2Fv2%2Fcomments&post=691867"}],"version-history":[{"count":0,"href":"https:\/\/arantv.az\/index.php?rest_route=\/wp\/v2\/posts\/691867\/revisions"}],"wp:featuredmedia":[{"embeddable":true,"href":"https:\/\/arantv.az\/index.php?rest_route=\/wp\/v2\/media\/691868"}],"wp:attachment":[{"href":"https:\/\/arantv.az\/index.php?rest_route=%2Fwp%2Fv2%2Fmedia&parent=691867"}],"wp:term":[{"taxonomy":"category","embeddable":true,"href":"https:\/\/arantv.az\/index.php?rest_route=%2Fwp%2Fv2%2Fcategories&post=691867"},{"taxonomy":"post_tag","embeddable":true,"href":"https:\/\/arantv.az\/index.php?rest_route=%2Fwp%2Fv2%2Ftags&post=691867"}],"curies":[{"name":"wp","href":"https:\/\/api.w.org\/{rel}","templated":true}]}}