{"id":691880,"date":"2024-02-16T19:03:00","date_gmt":"2024-02-16T15:03:00","guid":{"rendered":"https:\/\/arantv.az\/?p=691880"},"modified":"2024-02-16T19:03:00","modified_gmt":"2024-02-16T15:03:00","slug":"g%c9%99nc-n%c9%99slin-qarsisinda-duran-probleml%c9%99r-v%c9%99-onlarin-h%c9%99lli-yollari-d%c9%99yisir-r%c9%99y-foto","status":"publish","type":"post","link":"https:\/\/arantv.az\/?p=691880","title":{"rendered":"G\u0259nc n\u0259slin qar\u015f\u0131s\u0131nda duran probleml\u0259r v\u0259 onlar\u0131n h\u0259lli yollar\u0131 d\u0259yi\u015fir &#8211; R\u018fY + FOTO"},"content":{"rendered":"<p>G\u0259nc n\u0259slin qar\u015f\u0131s\u0131nda duran probleml\u0259r v\u0259 onlar\u0131n h\u0259lli yollar\u0131 d\u0259yi\u015fir.<\/p>\n<p>Bu bar\u0259d\u0259 \u201cReport\u201da a\u00e7\u0131qlamas\u0131nda Sosial T\u0259dqiqatlar M\u0259rk\u0259zinin (STM) \u0130dar\u0259 Hey\u0259tinin \u00fczv\u00fc, Daxili siyas\u0259tin t\u0259hlili departamentinin m\u00fcdiri, professor Tahir\u0259 Allahyarova deyib.<\/p>\n<p>Onun s\u00f6zl\u0259rin\u0259 g\u00f6r\u0259, Prezident\u00a0<strong>\u0130lham \u018fliyev<\/strong>\u00a0tarixi nitqind\u0259 V\u0259t\u0259n m\u00fcharib\u0259sind\u0259n sonra yaranan geosiyasi reall\u0131qda yeni milli ideoloji quruculu\u011fun fundamental parametrl\u0259rini m\u00fc\u0259yy\u0259n etdi: \u201cH\u0259r bir xalq\u0131n varl\u0131\u011f\u0131n\u0131n qarant\u0131 adland\u0131r\u0131lan milli-m\u0259n\u0259vi d\u0259y\u0259rl\u0259r, milli kimlik, \u00fcmumilikd\u0259 ideoloji m\u0259s\u0259l\u0259l\u0259ri, x\u00fcsusil\u0259 XXI \u0259srd\u0259 geosiyasi m\u00fcbariz\u0259nin ba\u015fl\u0131ca arenas\u0131na \u00e7evrilib. S\u00f6z\u00fcged\u0259n m\u0259s\u0259l\u0259l\u0259rin d\u00f6vl\u0259t ba\u015f\u00e7\u0131s\u0131n\u0131n tarixi \u00e7\u0131x\u0131\u015f\u0131ndak\u0131 prioritet m\u0259s\u0259l\u0259l\u0259r s\u0131ras\u0131nda ordu quruculu\u011fundan sonra ikinci s\u0131rada yerl\u0259\u015fdirilm\u0259si olduqca \u00f6n\u0259mli say\u0131lmal\u0131d\u0131r. Prezident, \u00fcmumilikd\u0259, c\u0259miyy\u0259td\u0259, o c\u00fcml\u0259d\u0259n g\u0259nc n\u0259sild\u0259 m\u0259n\u0259vi d\u0259y\u0259rl\u0259rin qorunmas\u0131, milli kimliyin formala\u015fmas\u0131 prosesl\u0259ri v\u0259 onun formala\u015fd\u0131r\u0131lmas\u0131 imkanlar\u0131, habel\u0259 bu prosesl\u0259rd\u0259 c\u0259miyy\u0259tin rolu v\u0259 onlarla ba\u011fl\u0131 riskl\u0259r bar\u0259d\u0259 d\u00f6vl\u0259timizin \u00fcmumi bax\u0131\u015flar\u0131n\u0131n m\u00fczakir\u0259si il\u0259 ba\u011fl\u0131 \u00f6n\u0259mli mesajlar verdi\u201d.<\/p>\n<p>Professor bildirib ki, haz\u0131rk\u0131 d\u00f6vrd\u0259 d\u0259y\u0259rl\u0259r v\u0259 kimlikl\u0259r geosiyasi aktorlar\u0131n \u0259lind\u0259 fundamental siyasi t\u0259zyiqin h\u0259d\u0259fin\u0259, informasiya v\u0259 manipulyasiya is\u0259 onun al\u0259tin\u0259 \u00e7evrilib: \u201cBu g\u00fcn biz, habel\u0259 sabah\u0131m\u0131z olan g\u0259ncliyimiz qloballa\u015fma v\u0259 informasiya inqilab\u0131n\u0131n qeyri-sabit kimlik, multiidentiklik, kimlik bo\u015fluqlar\u0131 kimi s\u0259ciyy\u0259l\u0259n\u0259n \u201cdaimi he\u00e7 n\u0259 yoxdur, h\u0259r \u015fey nisbi, ke\u00e7icidir\u201d \u015f\u00fcar\u0131n\u0131n t\u0259bli\u011f edildiyi bir m\u0259rh\u0259l\u0259sind\u0259 ya\u015fay\u0131r\u0131q. Bu ideologiyan\u0131n, ilk n\u00f6vb\u0259d\u0259, qlobal g\u00fccl\u0259rin, transmilli korporasiyalar\u0131n maraqlar\u0131na cavab verm\u0259si \u00fcmum\u0259n m\u0259lum olsa da, z\u0259f\u0259rimizd\u0259n sonra x\u00fcsusil\u0259 Az\u0259rbaycana qar\u015f\u0131 s\u0259f\u0259rb\u0259r olan qlobal erm\u0259ni \u015f\u0259b\u0259k\u0259si v\u0259 onlar\u0131n himay\u0259darlar\u0131n\u0131n haz\u0131rda b\u00fct\u00fcn q\u00fcvv\u0259sini s\u0259rf etdiyi bir sah\u0259dir. \u018fks\u0259riyy\u0259ti b\u0259lli olan bu m\u0259rk\u0259zl\u0259r, xarici v\u0259 ziyanl\u0131 ideoloji yana\u015fmalardan Az\u0259rbaycan d\u00f6vl\u0259tinin milli maraqlar\u0131na qar\u015f\u0131 \u00e7\u0131xmaq, qalib kimliyini z\u0259ifl\u0259tm\u0259k, \u0259n vacibi, millilik konseptinin t\u0259m\u0259linin f\u00f6vq\u00fcnd\u0259 duran kvazimilli (kosmopolitizm v\u0259 s.) kimlikl\u0259r yaratmaq \u00fc\u00e7\u00fcn sui-istifad\u0259 edirl\u0259r. Burada m\u0259qs\u0259d h\u0259r bir xalq\u0131n milli varl\u0131\u011f\u0131n\u0131n qarant\u0131 olan m\u0259n\u0259vi d\u0259y\u0259rl\u0259rin z\u0259ifl\u0259dilm\u0259si, kimlikl\u0259rin nisb\u0259tind\u0259 milli kimliyin statusunun tamamil\u0259 he\u00e7\u0259 endirilm\u0259si, ziyanl\u0131 ideoloji t\u0259liml\u0259rin g\u00fccl\u0259ndirilm\u0259si y\u00f6n\u00fcnd\u0259 fasil\u0259siz ideoloji t\u0259bli\u011fat\u0131n apar\u0131lmas\u0131d\u0131r\u201d.<\/p>\n<p><img src=\"https:\/\/cdn.oxu.az\/uploads\/W1siZiIsIjIwMjQvMDIvMTYvMTcvNTUvNDUvYjQwMTk0MTItMDkzOS00MDhiLWFlNjMtMGZhYmVkYTdhZjgzL1NjcmVlbnNob3QgMjAyNC0wMi0xNiAxNzU1MjMucG5nIl0sWyJwIiwiZW5jb2RlIiwianBnIiwiLXF1YWxpdHkgODAiXSxbInAiLCJ0aHVtYiIsIjU5MHg1OTBcdTAwM2UiXV0?sha=227c9219a0141368\" alt=\"\" \/><\/p>\n<p>T.Allahyarova vur\u011fulay\u0131b ki, \u00fcmumi milli-m\u0259n\u0259vi d\u0259y\u0259rl\u0259r adlanan fundamental idoeloji konseptl\u0259rin \u00e7\u0259tiri alt\u0131nda h\u0259rbi-v\u0259t\u0259np\u0259rv\u0259rlik d\u0259y\u0259rl\u0259ri m\u00fcst\u0259sna yer tutur: \u201cPrezident qalib ordumuzda, Silahl\u0131 Q\u00fcvv\u0259l\u0259rd\u0259 m\u0259n\u0259vi-psixoloji v\u0259ziyy\u0259tin \u0259n ali s\u0259viyy\u0259d\u0259 olmas\u0131n\u0131 vur\u011fulamaqla yana\u015f\u0131, onu qorunmas\u0131 v\u0259 daha da m\u00f6hk\u0259ml\u0259ndirilm\u0259si \u00fc\u00e7\u00fcn t\u00f6vsiy\u0259l\u0259rini verdi. Bir fenomen olaraq g\u0259ncl\u0259rin h\u0259rbi-v\u0259t\u0259np\u0259rv\u0259rlik f\u0259aliyy\u0259tinin d\u0259y\u0259rl\u0259rin\u0259 V\u0259t\u0259n\u0259 m\u0259h\u0259bb\u0259t, Silahl\u0131 Q\u00fcvv\u0259l\u0259rd\u0259 xidm\u0259tin n\u00fcfuzunu y\u00fcks\u0259ltm\u0259k, h\u0259rbi anda s\u0259daq\u0259t, V\u0259t\u0259n namin\u0259 \u015f\u00fcca\u0259t g\u00f6st\u0259rm\u0259y\u0259 h\u0259r an haz\u0131r olmaq, Z\u0259f\u0259r yazan q\u0259hr\u0259manlara, \u015fanl\u0131 tariximiz\u0259, V\u0259t\u0259n m\u00fcharib\u0259sind\u0259ki misilsiz r\u0259\u015fad\u0259t\u0259 \u00fclvi m\u00fcnasib\u0259tin g\u0259ncl\u0259rin kollektiv yadda\u015f\u0131na h\u0259kk edilm\u0259si v\u0259 s. daxildir. Son d\u0259r\u0259c\u0259 t\u0259qdir\u0259layiq faktd\u0131r ki, Sosial T\u0259dqiqatlar M\u0259rk\u0259zinin apard\u0131\u011f\u0131 ictimai r\u0259y sor\u011fular\u0131nda h\u0259rb\u00e7i pe\u015f\u0259si, Silahl\u0131 Q\u00fcvv\u0259l\u0259rd\u0259 xidm\u0259t g\u0259ncl\u0259rin pe\u015f\u0259 se\u00e7iml\u0259rind\u0259 bir v\u0259 ya ikinci yerl\u0259rd\u0259 durur. Bu z\u0259f\u0259rimizin, qalib kimliyimizin yaratd\u0131\u011f\u0131 olduqca \u00f6n\u0259mli yeni bir reall\u0131qd\u0131r\u201d .<\/p>\n<p>Ekspert s\u00f6yl\u0259yib ki, Az\u0259rbaycan xalq\u0131 ilk m\u00fcst\u0259qil n\u0259slinin \u00f6z tarixi q\u0259hr\u0259manl\u0131q missiyas\u0131n\u0131 tam layiqli \u015f\u0259kild\u0259 yerin\u0259 yetirm\u0259sin\u0259 \u015fahidlik etdi: \u201cM\u00fcst\u0259qilliyimizin ya\u015f\u0131d\u0131 olan, torpaqlar\u0131m\u0131z\u0131n i\u015f\u011fal\u0131 il\u0259 eyni vaxtlarda, olduqca a\u011f\u0131r d\u00f6n\u0259ml\u0259rd\u0259 d\u00fcnyaya g\u0259l\u0259n, bir qismi milyondan \u00e7ox qa\u00e7q\u0131n ail\u0259sind\u0259 yeti\u015f\u0259n Az\u0259rbaycan g\u0259ncliyi 44 g\u00fcnl\u00fck V\u0259t\u0259n m\u00fcharib\u0259sind\u0259 qazan\u0131lan q\u0259l\u0259b\u0259mizin fundamental g\u00fcc\u00fcn\u0259 \u00e7evrildi, \u015f\u0259hidlik zirv\u0259sinn\u0259 ucald\u0131. Ali Ba\u015f Komandan\u0131n r\u0259hb\u0259rliyi alt\u0131nda \u0259razi b\u00fct\u00f6vl\u00fcy\u00fcn\u00fc b\u0259rpa ed\u0259r\u0259k \u00f6z\u00fcn\u00fcn x\u0259l\u0259fl\u0259ri olacaq g\u0259l\u0259c\u0259k n\u0259sill\u0259ri a\u011f\u0131r i\u015f\u011fal y\u00fck\u00fcn\u00fc da\u015f\u0131maqdan azad etdi. Bununla yana\u015f\u0131, h\u0259yat davam edir v\u0259 m\u00fcst\u0259qil Az\u0259rbaycan g\u0259ncliyinin ilk n\u0259sli g\u0259ncliyinin \u0259n\u0259n\u0259vi ya\u015f h\u0259ddini t\u0259rk edir, yetkinlik m\u0259rh\u0259l\u0259sin\u0259 daxil olur\u201d.<\/p>\n<p><img src=\"https:\/\/cdn.oxu.az\/uploads\/W1siZiIsIjIwMjQvMDIvMTYvMTcvNTUvNDUvMTAyNmFhYzQtMTRmYy00MmM5LWEzODUtNjIxM2JkYmE0ODcyL1NjcmVlbnNob3QgMjAyNC0wMi0xNiAxNzU1MzAucG5nIl0sWyJwIiwiZW5jb2RlIiwianBnIiwiLXF1YWxpdHkgODAiXSxbInAiLCJ0aHVtYiIsIjU5MHg1OTBcdTAwM2UiXV0?sha=416e23baff0cb93a\" alt=\"\" \/><\/p>\n<p>STM r\u0259smisi diqq\u0259t\u0259 \u00e7atd\u0131r\u0131b ki, m\u00fcasir n\u0259slin missiyas\u0131 ba\u015fl\u0131ca olaraq, regionun lider d\u00f6vl\u0259ti kimi Az\u0259rbaycan\u0131n m\u00fcst\u0259qilliyinin, q\u00fcdr\u0259tli, firavan g\u0259l\u0259c\u0259yinin \u0259b\u0259di olaraq t\u0259min edilm\u0259si v\u0259 daha da inki\u015faf etdirilm\u0259sidir: \u201c\u00d6z n\u00f6vb\u0259sind\u0259, bu v\u0259zif\u0259l\u0259rin \u00f6hd\u0259sind\u0259n yaln\u0131z g\u00fccl\u00fc milli-m\u0259n\u0259vi d\u0259y\u0259rl\u0259r, t\u0259m\u0259ll\u0259r \u00fcz\u0259rind\u0259 formala\u015fan g\u0259nclik g\u0259l\u0259 bil\u0259r. \u0130st\u0259r d\u00fcnyada, ist\u0259rs\u0259 d\u0259 Az\u0259rbaycanda ba\u015f ver\u0259n ictimai-siyasi prosesl\u0259r d\u0259yi\u015fdikc\u0259 yeni n\u0259sil g\u0259ncl\u0259r qar\u015f\u0131s\u0131nda duran probleml\u0259r v\u0259 onlar\u0131n h\u0259lli yollar\u0131 da d\u0259yi\u015fir, yenil\u0259nir. G\u0259ncliy\u0259 m\u00fcnasib\u0259td\u0259 strategiyan\u0131n elmi \u0259sasl\u0131 t\u0259hlili n\u0259tic\u0259sind\u0259 al\u0131nan q\u0259na\u0259tl\u0259r, ba\u015f ver\u0259n k\u00f6kl\u00fc ictimai-siyasi transformasiyalar v\u0259 \u00f6lk\u0259nin inki\u015faf perspektivl\u0259ri prizmas\u0131nda n\u0259inki t\u0259kc\u0259 m\u00fc\u0259yy\u0259n korreksiyalar\u0131, \u0259n vacibi, g\u0259ncl\u0259r\u0259 m\u00fcnasib\u0259tin yeni modelini &#8211; yeni g\u0259ncl\u0259r siyas\u0259tinin fortmala\u015fmas\u0131n\u0131 t\u0259l\u0259b edir\u201d.<\/p>\n<p>Az\u0259rbaycan d\u00f6vl\u0259tinin yeni g\u0259ncl\u0259r siyas\u0259tin\u0259 y\u00f6n\u0259l\u0259n Tahir\u0259 Allahyarovan\u0131n fikrinc\u0259, prioritet h\u0259d\u0259fl\u0259r yaln\u0131z g\u0259ncl\u0259rin fiziki sa\u011flaml\u0131q, sosial rifah s\u0259viyy\u0259sini art\u0131rma\u011fa y\u00f6n\u0259lm\u0259kl\u0259 kifay\u0259tl\u0259nm\u0259y\u0259c\u0259k: \u201cM\u00fcvafiq olaraq g\u0259ncl\u0259rimizin d\u0259y\u0259rl\u0259r sisteminin, onlar\u0131n transformasiyaya u\u011frad\u0131\u011f\u0131 haz\u0131rk\u0131 m\u00fcr\u0259kk\u0259b d\u00f6vrd\u0259 milli v\u0259 m\u0259n\u0259vi d\u0259y\u0259r oriyentasiyalar\u0131n\u0131n d\u00fczg\u00fcn m\u00fc\u0259yy\u0259n edilm\u0259si d\u0259 d\u00f6vl\u0259t siyas\u0259tinin ana x\u0259ttini t\u0259\u015fkil edir. Bel\u0259 ki, qlobal ideoloji t\u0259zyiql\u0259r v\u0259 dezinformasiya sava\u015f\u0131 \u015f\u0259raitind\u0259 milli suverenliyin qarant\u0131, ilk n\u00f6vb\u0259d\u0259, h\u0259m d\u0259 m\u0259n\u0259vi suverenlikl\u0259 g\u0259ncl\u0259rimizin d\u0259y\u0259rl\u0259r sistemind\u0259 d\u00fczg\u00fcn se\u00e7imini y\u00f6nl\u0259ndir\u0259n m\u0259n\u0259vi m\u00fcqavim\u0259t \u00e7\u0131x\u0131\u015f ed\u0259 bil\u0259r\u201d.<\/p>\n","protected":false},"excerpt":{"rendered":"<p>G\u0259nc n\u0259slin qar\u015f\u0131s\u0131nda duran probleml\u0259r v\u0259 onlar\u0131n h\u0259lli yollar\u0131 d\u0259yi\u015fir. Bu bar\u0259d\u0259 \u201cReport\u201da a\u00e7\u0131qlamas\u0131nda Sosial T\u0259dqiqatlar M\u0259rk\u0259zinin (STM) \u0130dar\u0259 Hey\u0259tinin \u00fczv\u00fc, Daxili siyas\u0259tin t\u0259hlili departamentinin m\u00fcdiri, professor Tahir\u0259 Allahyarova deyib. Onun s\u00f6zl\u0259rin\u0259 g\u00f6r\u0259, Prezident\u00a0\u0130lham \u018fliyev\u00a0tarixi nitqind\u0259 V\u0259t\u0259n m\u00fcharib\u0259sind\u0259n sonra yaranan geosiyasi reall\u0131qda yeni milli ideoloji quruculu\u011fun fundamental parametrl\u0259rini m\u00fc\u0259yy\u0259n etdi: \u201cH\u0259r bir xalq\u0131n varl\u0131\u011f\u0131n\u0131n qarant\u0131 adland\u0131r\u0131lan milli-m\u0259n\u0259vi d\u0259y\u0259rl\u0259r, milli kimlik, \u00fcmumilikd\u0259 ideoloji m\u0259s\u0259l\u0259l\u0259ri, x\u00fcsusil\u0259 XXI \u0259srd\u0259 geosiyasi m\u00fcbariz\u0259nin ba\u015fl\u0131ca arenas\u0131na \u00e7evrilib. S\u00f6z\u00fcged\u0259n m\u0259s\u0259l\u0259l\u0259rin d\u00f6vl\u0259t ba\u015f\u00e7\u0131s\u0131n\u0131n tarixi \u00e7\u0131x\u0131\u015f\u0131ndak\u0131 prioritet m\u0259s\u0259l\u0259l\u0259r s\u0131ras\u0131nda ordu quruculu\u011fundan sonra ikinci s\u0131rada yerl\u0259\u015fdirilm\u0259si olduqca \u00f6n\u0259mli say\u0131lmal\u0131d\u0131r. Prezident,&hellip;<\/p>\n","protected":false},"author":2,"featured_media":691884,"comment_status":"closed","ping_status":"closed","sticky":false,"template":"","format":"standard","meta":{"om_disable_all_campaigns":false,"_monsterinsights_skip_tracking":false,"_monsterinsights_sitenote_active":false,"_monsterinsights_sitenote_note":"","_monsterinsights_sitenote_category":0},"categories":[4],"tags":[],"aioseo_notices":[],"gutentor_comment":0,"rttpg_featured_image_url":{"full":["https:\/\/arantv.az\/wp-content\/uploads\/2024\/02\/3ad3447f-a4e0-346c-8b8d-efbc0a67b034_850.jpg",620,413,false],"landscape":["https:\/\/arantv.az\/wp-content\/uploads\/2024\/02\/3ad3447f-a4e0-346c-8b8d-efbc0a67b034_850.jpg",620,413,false],"portraits":["https:\/\/arantv.az\/wp-content\/uploads\/2024\/02\/3ad3447f-a4e0-346c-8b8d-efbc0a67b034_850.jpg",620,413,false],"thumbnail":["https:\/\/arantv.az\/wp-content\/uploads\/2024\/02\/3ad3447f-a4e0-346c-8b8d-efbc0a67b034_850-500x280.jpg",500,280,true],"medium":["https:\/\/arantv.az\/wp-content\/uploads\/2024\/02\/3ad3447f-a4e0-346c-8b8d-efbc0a67b034_850-548x365.jpg",548,365,true],"large":["https:\/\/arantv.az\/wp-content\/uploads\/2024\/02\/3ad3447f-a4e0-346c-8b8d-efbc0a67b034_850.jpg",620,413,false],"1536x1536":["https:\/\/arantv.az\/wp-content\/uploads\/2024\/02\/3ad3447f-a4e0-346c-8b8d-efbc0a67b034_850.jpg",620,413,false],"2048x2048":["https:\/\/arantv.az\/wp-content\/uploads\/2024\/02\/3ad3447f-a4e0-346c-8b8d-efbc0a67b034_850.jpg",620,413,false],"post-thumbnail":["https:\/\/arantv.az\/wp-content\/uploads\/2024\/02\/3ad3447f-a4e0-346c-8b8d-efbc0a67b034_850-240x172.jpg",240,172,true],"advps-thumb-one":["https:\/\/arantv.az\/wp-content\/uploads\/2024\/02\/3ad3447f-a4e0-346c-8b8d-efbc0a67b034_850.jpg",620,413,false]},"rttpg_author":{"display_name":"V\u00fcsal Rafiqo\u011flu","author_link":"https:\/\/arantv.az\/?author=2"},"rttpg_comment":0,"rttpg_category":"<a href=\"https:\/\/arantv.az\/?cat=4\" rel=\"category\">Siyas\u0259t<\/a>","rttpg_excerpt":"G\u0259nc n\u0259slin qar\u015f\u0131s\u0131nda duran probleml\u0259r v\u0259 onlar\u0131n h\u0259lli yollar\u0131 d\u0259yi\u015fir. Bu bar\u0259d\u0259 \u201cReport\u201da a\u00e7\u0131qlamas\u0131nda Sosial T\u0259dqiqatlar M\u0259rk\u0259zinin (STM) \u0130dar\u0259 Hey\u0259tinin \u00fczv\u00fc, Daxili siyas\u0259tin t\u0259hlili departamentinin m\u00fcdiri, professor Tahir\u0259 Allahyarova deyib. Onun s\u00f6zl\u0259rin\u0259 g\u00f6r\u0259, Prezident\u00a0\u0130lham \u018fliyev\u00a0tarixi nitqind\u0259 V\u0259t\u0259n m\u00fcharib\u0259sind\u0259n sonra yaranan geosiyasi reall\u0131qda yeni milli ideoloji quruculu\u011fun fundamental parametrl\u0259rini m\u00fc\u0259yy\u0259n etdi: \u201cH\u0259r bir xalq\u0131n varl\u0131\u011f\u0131n\u0131n qarant\u0131&hellip;","_links":{"self":[{"href":"https:\/\/arantv.az\/index.php?rest_route=\/wp\/v2\/posts\/691880"}],"collection":[{"href":"https:\/\/arantv.az\/index.php?rest_route=\/wp\/v2\/posts"}],"about":[{"href":"https:\/\/arantv.az\/index.php?rest_route=\/wp\/v2\/types\/post"}],"author":[{"embeddable":true,"href":"https:\/\/arantv.az\/index.php?rest_route=\/wp\/v2\/users\/2"}],"replies":[{"embeddable":true,"href":"https:\/\/arantv.az\/index.php?rest_route=%2Fwp%2Fv2%2Fcomments&post=691880"}],"version-history":[{"count":0,"href":"https:\/\/arantv.az\/index.php?rest_route=\/wp\/v2\/posts\/691880\/revisions"}],"wp:featuredmedia":[{"embeddable":true,"href":"https:\/\/arantv.az\/index.php?rest_route=\/wp\/v2\/media\/691884"}],"wp:attachment":[{"href":"https:\/\/arantv.az\/index.php?rest_route=%2Fwp%2Fv2%2Fmedia&parent=691880"}],"wp:term":[{"taxonomy":"category","embeddable":true,"href":"https:\/\/arantv.az\/index.php?rest_route=%2Fwp%2Fv2%2Fcategories&post=691880"},{"taxonomy":"post_tag","embeddable":true,"href":"https:\/\/arantv.az\/index.php?rest_route=%2Fwp%2Fv2%2Ftags&post=691880"}],"curies":[{"name":"wp","href":"https:\/\/api.w.org\/{rel}","templated":true}]}}