{"id":691886,"date":"2024-02-16T19:15:16","date_gmt":"2024-02-16T15:15:16","guid":{"rendered":"https:\/\/arantv.az\/?p=691886"},"modified":"2024-02-16T19:15:16","modified_gmt":"2024-02-16T15:15:16","slug":"%c9%99li-%c9%99s%c9%99dov-qirgizistanli-h%c9%99mkari-il%c9%99-telefonla-danisib","status":"publish","type":"post","link":"https:\/\/arantv.az\/?p=691886","title":{"rendered":"\u018fli \u018fs\u0259dov q\u0131r\u011f\u0131z\u0131stanl\u0131 h\u0259mkar\u0131 il\u0259 telefonla dan\u0131\u015f\u0131b"},"content":{"rendered":"<p>Fevral\u0131n 16-da Q\u0131r\u011f\u0131z Respublikas\u0131 Nazirl\u0259r Kabinetinin s\u0259dri Ak\u0131lbek Japarov \u018fli \u018fs\u0259dova z\u0259ng edib.<\/p>\n<p>Nazirl\u0259r Kabinetind\u0259n\u00a0veril\u0259n x\u0259b\u0259r\u0259 g\u00f6r\u0259, Ak\u0131lbek Japarov \u018fli \u018fs\u0259dovu Az\u0259rbaycan Respublikas\u0131n\u0131n Ba\u015f naziri v\u0259zif\u0259sin\u0259 t\u0259yin olunmas\u0131 m\u00fcnasib\u0259til\u0259 t\u0259brik edib.<\/p>\n<p>S\u00f6hb\u0259t zaman\u0131 Az\u0259rbaycan il\u0259 Q\u0131r\u011f\u0131z aras\u0131nda strateji t\u0259r\u0259fda\u015fl\u0131\u011f\u0131n h\u0259rt\u0259r\u0259fli inki\u015faf\u0131ndan m\u0259mnunluq ifad\u0259 olunub.<\/p>\n<p>T\u0259r\u0259fl\u0259r h\u0259m\u00e7inin Az\u0259rbaycan-Q\u0131r\u011f\u0131z qar\u015f\u0131l\u0131ql\u0131 faydal\u0131 \u0259m\u0259kda\u015fl\u0131\u011f\u0131n daha da inki\u015faf etdirilm\u0259si perspektivl\u0259rini m\u00fczakir\u0259 edibl\u0259r.<\/p>\n","protected":false},"excerpt":{"rendered":"<p>Fevral\u0131n 16-da Q\u0131r\u011f\u0131z Respublikas\u0131 Nazirl\u0259r Kabinetinin s\u0259dri Ak\u0131lbek Japarov \u018fli \u018fs\u0259dova z\u0259ng edib. Nazirl\u0259r Kabinetind\u0259n\u00a0veril\u0259n x\u0259b\u0259r\u0259 g\u00f6r\u0259, Ak\u0131lbek Japarov \u018fli \u018fs\u0259dovu Az\u0259rbaycan Respublikas\u0131n\u0131n Ba\u015f naziri v\u0259zif\u0259sin\u0259 t\u0259yin olunmas\u0131 m\u00fcnasib\u0259til\u0259 t\u0259brik edib. S\u00f6hb\u0259t zaman\u0131 Az\u0259rbaycan il\u0259 Q\u0131r\u011f\u0131z aras\u0131nda strateji t\u0259r\u0259fda\u015fl\u0131\u011f\u0131n h\u0259rt\u0259r\u0259fli inki\u015faf\u0131ndan m\u0259mnunluq ifad\u0259 olunub. T\u0259r\u0259fl\u0259r h\u0259m\u00e7inin Az\u0259rbaycan-Q\u0131r\u011f\u0131z qar\u015f\u0131l\u0131ql\u0131 faydal\u0131 \u0259m\u0259kda\u015fl\u0131\u011f\u0131n daha da inki\u015faf etdirilm\u0259si perspektivl\u0259rini m\u00fczakir\u0259 edibl\u0259r.<\/p>\n","protected":false},"author":2,"featured_media":691887,"comment_status":"closed","ping_status":"closed","sticky":false,"template":"","format":"standard","meta":{"om_disable_all_campaigns":false,"_monsterinsights_skip_tracking":false,"_monsterinsights_sitenote_active":false,"_monsterinsights_sitenote_note":"","_monsterinsights_sitenote_category":0},"categories":[4],"tags":[],"aioseo_notices":[],"gutentor_comment":0,"rttpg_featured_image_url":{"full":["https:\/\/arantv.az\/wp-content\/uploads\/2024\/02\/70ac40d9-a5fe-32d7-9528-9a406c51c732_850.jpg",620,413,false],"landscape":["https:\/\/arantv.az\/wp-content\/uploads\/2024\/02\/70ac40d9-a5fe-32d7-9528-9a406c51c732_850.jpg",620,413,false],"portraits":["https:\/\/arantv.az\/wp-content\/uploads\/2024\/02\/70ac40d9-a5fe-32d7-9528-9a406c51c732_850.jpg",620,413,false],"thumbnail":["https:\/\/arantv.az\/wp-content\/uploads\/2024\/02\/70ac40d9-a5fe-32d7-9528-9a406c51c732_850-500x280.jpg",500,280,true],"medium":["https:\/\/arantv.az\/wp-content\/uploads\/2024\/02\/70ac40d9-a5fe-32d7-9528-9a406c51c732_850-548x365.jpg",548,365,true],"large":["https:\/\/arantv.az\/wp-content\/uploads\/2024\/02\/70ac40d9-a5fe-32d7-9528-9a406c51c732_850.jpg",620,413,false],"1536x1536":["https:\/\/arantv.az\/wp-content\/uploads\/2024\/02\/70ac40d9-a5fe-32d7-9528-9a406c51c732_850.jpg",620,413,false],"2048x2048":["https:\/\/arantv.az\/wp-content\/uploads\/2024\/02\/70ac40d9-a5fe-32d7-9528-9a406c51c732_850.jpg",620,413,false],"post-thumbnail":["https:\/\/arantv.az\/wp-content\/uploads\/2024\/02\/70ac40d9-a5fe-32d7-9528-9a406c51c732_850-240x172.jpg",240,172,true],"advps-thumb-one":["https:\/\/arantv.az\/wp-content\/uploads\/2024\/02\/70ac40d9-a5fe-32d7-9528-9a406c51c732_850.jpg",620,413,false]},"rttpg_author":{"display_name":"V\u00fcsal Rafiqo\u011flu","author_link":"https:\/\/arantv.az\/?author=2"},"rttpg_comment":0,"rttpg_category":"<a href=\"https:\/\/arantv.az\/?cat=4\" rel=\"category\">Siyas\u0259t<\/a>","rttpg_excerpt":"Fevral\u0131n 16-da Q\u0131r\u011f\u0131z Respublikas\u0131 Nazirl\u0259r Kabinetinin s\u0259dri Ak\u0131lbek Japarov \u018fli \u018fs\u0259dova z\u0259ng edib. Nazirl\u0259r Kabinetind\u0259n\u00a0veril\u0259n x\u0259b\u0259r\u0259 g\u00f6r\u0259, Ak\u0131lbek Japarov \u018fli \u018fs\u0259dovu Az\u0259rbaycan Respublikas\u0131n\u0131n Ba\u015f naziri v\u0259zif\u0259sin\u0259 t\u0259yin olunmas\u0131 m\u00fcnasib\u0259til\u0259 t\u0259brik edib. S\u00f6hb\u0259t zaman\u0131 Az\u0259rbaycan il\u0259 Q\u0131r\u011f\u0131z aras\u0131nda strateji t\u0259r\u0259fda\u015fl\u0131\u011f\u0131n h\u0259rt\u0259r\u0259fli inki\u015faf\u0131ndan m\u0259mnunluq ifad\u0259 olunub. T\u0259r\u0259fl\u0259r h\u0259m\u00e7inin Az\u0259rbaycan-Q\u0131r\u011f\u0131z qar\u015f\u0131l\u0131ql\u0131 faydal\u0131 \u0259m\u0259kda\u015fl\u0131\u011f\u0131n daha da inki\u015faf etdirilm\u0259si perspektivl\u0259rini&hellip;","_links":{"self":[{"href":"https:\/\/arantv.az\/index.php?rest_route=\/wp\/v2\/posts\/691886"}],"collection":[{"href":"https:\/\/arantv.az\/index.php?rest_route=\/wp\/v2\/posts"}],"about":[{"href":"https:\/\/arantv.az\/index.php?rest_route=\/wp\/v2\/types\/post"}],"author":[{"embeddable":true,"href":"https:\/\/arantv.az\/index.php?rest_route=\/wp\/v2\/users\/2"}],"replies":[{"embeddable":true,"href":"https:\/\/arantv.az\/index.php?rest_route=%2Fwp%2Fv2%2Fcomments&post=691886"}],"version-history":[{"count":0,"href":"https:\/\/arantv.az\/index.php?rest_route=\/wp\/v2\/posts\/691886\/revisions"}],"wp:featuredmedia":[{"embeddable":true,"href":"https:\/\/arantv.az\/index.php?rest_route=\/wp\/v2\/media\/691887"}],"wp:attachment":[{"href":"https:\/\/arantv.az\/index.php?rest_route=%2Fwp%2Fv2%2Fmedia&parent=691886"}],"wp:term":[{"taxonomy":"category","embeddable":true,"href":"https:\/\/arantv.az\/index.php?rest_route=%2Fwp%2Fv2%2Fcategories&post=691886"},{"taxonomy":"post_tag","embeddable":true,"href":"https:\/\/arantv.az\/index.php?rest_route=%2Fwp%2Fv2%2Ftags&post=691886"}],"curies":[{"name":"wp","href":"https:\/\/api.w.org\/{rel}","templated":true}]}}