{"id":691889,"date":"2024-02-16T19:16:41","date_gmt":"2024-02-16T15:16:41","guid":{"rendered":"https:\/\/arantv.az\/?p=691889"},"modified":"2024-02-16T19:16:41","modified_gmt":"2024-02-16T15:16:41","slug":"prezidentin-z%c9%99f%c9%99r-hokum%c9%99ti-secimi-m%c9%99murun-yeni-dovrd%c9%99-yeri","status":"publish","type":"post","link":"https:\/\/arantv.az\/?p=691889","title":{"rendered":"Prezidentin &#8220;Z\u0259f\u0259r h\u00f6kum\u0259ti&#8221; se\u00e7imi &#8211; m\u0259murun yeni d\u00f6vrd\u0259 yeri&#8230;"},"content":{"rendered":"<p><strong>Fevral\u0131n 16-da \u00f6lk\u0259nin yeni Ba\u015f naziri t\u0259yin olundu v\u0259 Nazirl\u0259r Kabinetinin yeni t\u0259rkibi t\u0259sdiql\u0259ndi.<\/strong><br \/>\n<strong>Z\u0259f\u0259r se\u00e7kisind\u0259n sonra istefaya g\u00f6nd\u0259rilmi\u015f Nazirl\u0259r Kabinetinin t\u0259rkibind\u0259 olmu\u015f nazir, komit\u0259 v\u0259 agentlik s\u0259drl\u0259ri, ikisi &#8211; \u0259dliyy\u0259 naziri olmu\u015f Fikr\u0259t M\u0259mm\u0259dov v\u0259 Dini Qurumlarla \u0130\u015f \u00fczr\u0259 D\u00f6vl\u0259t Komit\u0259sinin Komit\u0259nin s\u0259dri olmu\u015f M\u00fcbariz Qurbanl\u0131 istisna olmaqla, yeni t\u0259rkibd\u0259 yer al\u0131blar.<\/strong><br \/>\n<strong>Prezidentin kiml\u0259rl\u0259 i\u015fl\u0259y\u0259c\u0259yi, kimd\u0259n raz\u0131 qalmas\u0131, kimi yenil\u0259m\u0259si m\u00fcst\u0259sna h\u00fcququ v\u0259 s\u0259lahiyy\u0259tidir. Bu bax\u0131mdan yeni h\u00f6kum\u0259td\u0259 \u0259sas\u0259n \u0259vv\u0259lki komanda \u00fczvl\u0259rinin t\u0259sdiql\u0259nm\u0259si m\u00fczakir\u0259 obyekti ola bilm\u0259z.<\/strong><\/p>\n<p><strong><img loading=\"lazy\" src=\"https:\/\/cdn.musavat.com\/news\/thumbnails\/9f7176776ac4287b66f5ae5f4d46b0fc.jpg\" alt=\"65cf45bf50d5765cf45bf50d58170808262365cf45bf50d5565cf45bf50d56.jpg (227 KB)\" width=\"459\" height=\"306\" \/><\/strong><\/p>\n<p>Ancaq ist\u0259s\u0259k d\u0259, ist\u0259m\u0259s\u0259k d\u0259 x\u00fcsus\u0259n sosial \u015f\u0259b\u0259k\u0259l\u0259rd\u0259 v\u0259 p\u0131\u00e7\u0131lt\u0131larda \u201cax\u0131 Prezident yeni d\u00f6vr bal\u015fad\u0131\u011f\u0131n\u0131 b\u0259yan etmi\u015fdi, nazirl\u0259rin \u00e7oxu qald\u0131\u201d kimi fikirl\u0259r\u0259 rast g\u0259lirik.<br \/>\nT\u0259bii, a\u011fz\u0131 olan dan\u0131\u015facaq v\u0259 buna adekvat t\u0259hlill\u0259r d\u0259 aparmaq ziyanl\u0131 deyil, faydal\u0131 olar.<\/p>\n<p><em><strong>Bu kontekstd\u0259 ilkin olaraq onu qeyd ed\u0259 bil\u0259rik ki, \u0259slind\u0259, Prezidentin komandas\u0131nda indiki halda radikal d\u0259yi\u015fiklik ed\u0259c\u0259yini g\u00f6zl\u0259m\u0259k na\u015f\u0131l\u0131q olard\u0131. \u018fvv\u0259la ona g\u00f6r\u0259 ki, nazir, komit\u0259 v\u0259 agentlik s\u0259drl\u0259rinin \u00e7oxu yax\u0131n ill\u0259rd\u0259 t\u0259yin olunmu\u015f \u015f\u0259xsl\u0259rdir: Ba\u015f nazirinin m\u00fcavini \u015eahin Abdulla o\u011flu Mustafayev, daxili i\u015fl\u0259r naziri Vilay\u0259t S\u00fcleyman o\u011flu Eyvazov, elm v\u0259 t\u0259hsil naziri Emin Eldar o\u011flu \u018fmrullayev, g\u0259ncl\u0259r v\u0259 idman naziri F\u0259rid Fazil o\u011flu Qay\u0131bov, xarici i\u015fl\u0259r naziri Ceyhun \u018fziz o\u011flu Bayramov, k\u0259nd t\u0259s\u0259rr\u00fcfat\u0131 naziri M\u0259cnun Qadir o\u011flu M\u0259mm\u0259dov, m\u0259d\u0259niyy\u0259t naziri Adil Qabil o\u011flu K\u0259rimli, m\u00fcdafi\u0259 s\u0259nayesi naziri V\u00fcqar Valeh o\u011flu Mustafayev, r\u0259q\u0259msal inki\u015faf v\u0259 n\u0259qliyyat naziri R\u0259\u015fad N\u0259bi o\u011flu N\u0259biyev, s\u0259hiyy\u0259 naziri \u2013 Teymur Yusif o\u011flu Musayev, d\u00f6vl\u0259t G\u00f6mr\u00fck Komit\u0259sinin s\u0259dri \u015eahin Soltan o\u011flu Ba\u011f\u0131rov, D\u00f6vl\u0259t T\u0259hl\u00fck\u0259sizliyi Xidm\u0259tinin r\u0259isi \u018fli Na\u011f\u0131 o\u011flu Na\u011f\u0131yev, Xarici K\u0259\u015ffiyyat Xidm\u0259tinin r\u0259isi \u2013 Orxan Sedyar o\u011flu Sultanov, S\u0259f\u0259rb\u0259rlik v\u0259 H\u0259rbi Xidm\u0259t\u0259 \u00c7a\u011f\u0131r\u0131\u015f \u00fczr\u0259 D\u00f6vl\u0259t Xidm\u0259tinin r\u0259isi \u2013 M\u00fcrs\u0259l Qorxmaz o\u011flu \u0130brahimov, D\u00f6vl\u0259t Su Ehtiyatlar\u0131 Agentliyinin s\u0259dri \u2013 Zaur Rauf o\u011flu Mikay\u0131lov&#8230;<\/strong><\/em><\/p>\n<p><strong>\u0130kincisi, Ba\u015f Nazir \u018fli \u018fs\u0259dov kifay\u0259t q\u0259d\u0259r s\u0259ri\u015ft\u0259li, bacar\u0131ql\u0131 v\u0259 \u00f6z\u00fcn\u00fc do\u011frultmu\u015f \u015f\u0259xsdir.<\/strong><\/p>\n<p>\u00dc\u00e7\u00fcnc\u00fcs\u00fc, Z\u0259f\u0259rimiz, \u0259razi b\u00fct\u00f6vl\u00fcy\u00fcm\u00fcz\u00fcn t\u0259mini bu komanda il\u0259 birlikd\u0259 \u0259ld\u0259 olunub. Bu a\u011f\u0131r s\u0131naqda Prezident komandas\u0131n\u0131 daha yax\u015f\u0131 tan\u0131ya bilib, t\u0259bii olaraq.<br \/>\n\u0130ndi bu komanda yeni tendensiyan\u0131, v\u0259ziyy\u0259t\u0259 uy\u011fun davran\u0131\u015flar\u0131 daha d\u0259rinlikl\u0259rd\u0259n bilir. \u00c7\u00fcnki h\u0259l\u0259 davam ed\u0259n g\u0259rgin prosesl\u0259rin birba\u015fa i\u00e7\u0259risind\u0259dirl\u0259r&#8230;<br \/>\nG\u00f6r\u00fcn\u0259n budur ki, Prezident \u0130lham \u018fliyevin inauqurasiya zaman\u0131 s\u00f6yl\u0259diyi kimi, ba\u015flayan yeni d\u00f6vrd\u0259 bu komanda il\u0259 i\u015fl\u0259m\u0259k h\u0259d\u0259fl\u0259r\u0259 daha s\u00fcr\u0259tli \u00e7atma\u011f\u0131n m\u00fcmk\u00fcnl\u00fcy\u00fcn\u00fc D\u00f6vl\u0259t Baba daha d\u0259qiq bilir.<br \/>\nD\u00f6rd\u00fcnc\u00fcs\u00fc v\u0259 \u0259n vacibi: M\u0259mur yenil\u0259m\u0259k \u201cyeni d\u00f6vr\u201d, yaxud yeni m\u0259mur \u201cyeni d\u00f6vr atributu, \u00f6l\u00e7\u00fcs\u00fc, meyar\u0131\u201d dem\u0259k deyil. Yeni d\u00f6vr siyasi, t\u0259hl\u00fck\u0259sizlik, iqtisadi, sosial sah\u0259l\u0259rd\u0259 at\u0131lacaq inki\u015fafa y\u00f6n\u0259lik add\u0131mlard\u0131r. Faktiki d\u00f6vl\u0259t ba\u015f\u00e7\u0131s\u0131 \u00f6lk\u0259mizin yeni d\u00f6vr\u00fcnd\u0259, yeni m\u0259rh\u0259l\u0259sind\u0259 \u00f6z\u00fcn\u00fc do\u011frultmu\u015f Z\u0259f\u0259r komandas\u0131 il\u0259 davam etm\u0259yi daha m\u0259qs\u0259d\u0259uy\u011fun say\u0131bsa, bu, m\u00fczakir\u0259 m\u00f6vzusu olmamal\u0131d\u0131r. \u00c7\u00fcnki Prezident komandas\u0131n\u0131 m\u00fc\u0259yy\u0259n ed\u0259rk\u0259n b\u00fct\u00fcn h\u0259d\u0259fl\u0259rin\u0259 uy\u011fun, tam hesablanm\u0131\u015f bir q\u0259rar verib \u2013 s\u0131nan\u0131lm\u0131\u015f h\u00f6kum\u0259tl\u0259, d\u0259ng\u0259l\u0259ri, d\u0259rinlikl\u0259ri d\u0259qiq bil\u0259n kadr bazas\u0131 il\u0259 m\u0259qs\u0259dl\u0259r\u0259 daha tez nail olmaq m\u00fcmk\u00fcnd\u00fcr. M\u0259mur sad\u0259c\u0259 b\u00fct\u00fcn situasiyalarda v\u0259 d\u00f6vrl\u0259rd\u0259 ona tap\u015f\u0131r\u0131lan i\u015fi icra edir, bacarmayan uzaqla\u015fd\u0131r\u0131l\u0131r, sabotaj ed\u0259n s\u0259rt c\u0259zaland\u0131r\u0131l\u0131r. T\u0259cr\u00fcb\u0259 bunu deyir.<\/p>\n<p><strong>Yeni d\u00f6vrd\u0259 b\u00f6lg\u0259d\u0259, d\u00fcnyada v\u0259 Az\u0259rbaycana m\u00fcnasib\u0259td\u0259 yaranm\u0131\u015f tendensiyalara uy\u011fun siyas\u0259t apar\u0131lacaq, paralel olaraq \u00f6lk\u0259d\u0259 sistemli islahatlar apar\u0131lacaq, bunlar daha \u00e7ox h\u00fcquqi, sosial, t\u0259hl\u00fck\u0259sizlik sah\u0259l\u0259rini v\u0259 iqtisadi inki\u015faf\u0131 \u0259hat\u0259 ed\u0259c\u0259k. \u0130slahat is\u0259 kadr d\u0259yi\u015fikl\u0259ri dem\u0259k deyil v\u0259 biz at\u0131lan k\u00f6kl\u00fc, sistemli add\u0131mlar\u0131n n\u0259l\u0259rd\u0259n ibar\u0259t olaca\u011f\u0131n\u0131 q\u0131sa m\u00fcdd\u0259td\u0259 m\u00fc\u015fahid\u0259 ed\u0259c\u0259yik.<\/strong><\/p>\n<p><strong>El\u015fad M\u018fMM\u018fDL\u0130,<\/strong><br \/>\n<strong>\u201cYeni M\u00fcsavat\u201d<\/strong><\/p>\n<p>&nbsp;<\/p>\n<div class=\"news-author text-left\"><a href=\"https:\/\/www.musavat.com\/author\/elsad-memmedli_8\"><img class=\"img-responsive img-author\" src=\"https:\/\/cdn.musavat.com\/authors\/thumbnails\/2f17da6eda28d3b8f23c3602a1eaeb85.jpg\" \/>El\u015fad M\u018fMM\u018fDL\u0130<\/a><\/div>\n","protected":false},"excerpt":{"rendered":"<p>Fevral\u0131n 16-da \u00f6lk\u0259nin yeni Ba\u015f naziri t\u0259yin olundu v\u0259 Nazirl\u0259r Kabinetinin yeni t\u0259rkibi t\u0259sdiql\u0259ndi. Z\u0259f\u0259r se\u00e7kisind\u0259n sonra istefaya g\u00f6nd\u0259rilmi\u015f Nazirl\u0259r Kabinetinin t\u0259rkibind\u0259 olmu\u015f nazir, komit\u0259 v\u0259 agentlik s\u0259drl\u0259ri, ikisi &#8211; \u0259dliyy\u0259 naziri olmu\u015f Fikr\u0259t M\u0259mm\u0259dov v\u0259 Dini Qurumlarla \u0130\u015f \u00fczr\u0259 D\u00f6vl\u0259t Komit\u0259sinin Komit\u0259nin s\u0259dri olmu\u015f M\u00fcbariz Qurbanl\u0131 istisna olmaqla, yeni t\u0259rkibd\u0259 yer al\u0131blar. Prezidentin kiml\u0259rl\u0259 i\u015fl\u0259y\u0259c\u0259yi, kimd\u0259n raz\u0131 qalmas\u0131, kimi yenil\u0259m\u0259si m\u00fcst\u0259sna h\u00fcququ v\u0259 s\u0259lahiyy\u0259tidir. Bu bax\u0131mdan yeni h\u00f6kum\u0259td\u0259 \u0259sas\u0259n \u0259vv\u0259lki komanda \u00fczvl\u0259rinin t\u0259sdiql\u0259nm\u0259si m\u00fczakir\u0259 obyekti ola bilm\u0259z. Ancaq ist\u0259s\u0259k d\u0259, ist\u0259m\u0259s\u0259k d\u0259 x\u00fcsus\u0259n sosial \u015f\u0259b\u0259k\u0259l\u0259rd\u0259 v\u0259 p\u0131\u00e7\u0131lt\u0131larda \u201cax\u0131 Prezident&hellip;<\/p>\n","protected":false},"author":2,"featured_media":691890,"comment_status":"closed","ping_status":"closed","sticky":false,"template":"","format":"standard","meta":{"om_disable_all_campaigns":false,"_monsterinsights_skip_tracking":false,"_monsterinsights_sitenote_active":false,"_monsterinsights_sitenote_note":"","_monsterinsights_sitenote_category":0},"categories":[4],"tags":[],"aioseo_notices":[],"gutentor_comment":0,"rttpg_featured_image_url":{"full":["https:\/\/arantv.az\/wp-content\/uploads\/2024\/02\/2474781c507e8810accb0b52c001c087.jpg",821,388,false],"landscape":["https:\/\/arantv.az\/wp-content\/uploads\/2024\/02\/2474781c507e8810accb0b52c001c087.jpg",821,388,false],"portraits":["https:\/\/arantv.az\/wp-content\/uploads\/2024\/02\/2474781c507e8810accb0b52c001c087.jpg",821,388,false],"thumbnail":["https:\/\/arantv.az\/wp-content\/uploads\/2024\/02\/2474781c507e8810accb0b52c001c087-500x280.jpg",500,280,true],"medium":["https:\/\/arantv.az\/wp-content\/uploads\/2024\/02\/2474781c507e8810accb0b52c001c087-660x312.jpg",660,312,true],"large":["https:\/\/arantv.az\/wp-content\/uploads\/2024\/02\/2474781c507e8810accb0b52c001c087.jpg",640,302,false],"1536x1536":["https:\/\/arantv.az\/wp-content\/uploads\/2024\/02\/2474781c507e8810accb0b52c001c087.jpg",821,388,false],"2048x2048":["https:\/\/arantv.az\/wp-content\/uploads\/2024\/02\/2474781c507e8810accb0b52c001c087.jpg",821,388,false],"post-thumbnail":["https:\/\/arantv.az\/wp-content\/uploads\/2024\/02\/2474781c507e8810accb0b52c001c087-240x172.jpg",240,172,true],"advps-thumb-one":["https:\/\/arantv.az\/wp-content\/uploads\/2024\/02\/2474781c507e8810accb0b52c001c087.jpg",821,388,false]},"rttpg_author":{"display_name":"V\u00fcsal Rafiqo\u011flu","author_link":"https:\/\/arantv.az\/?author=2"},"rttpg_comment":0,"rttpg_category":"<a href=\"https:\/\/arantv.az\/?cat=4\" rel=\"category\">Siyas\u0259t<\/a>","rttpg_excerpt":"Fevral\u0131n 16-da \u00f6lk\u0259nin yeni Ba\u015f naziri t\u0259yin olundu v\u0259 Nazirl\u0259r Kabinetinin yeni t\u0259rkibi t\u0259sdiql\u0259ndi. Z\u0259f\u0259r se\u00e7kisind\u0259n sonra istefaya g\u00f6nd\u0259rilmi\u015f Nazirl\u0259r Kabinetinin t\u0259rkibind\u0259 olmu\u015f nazir, komit\u0259 v\u0259 agentlik s\u0259drl\u0259ri, ikisi &#8211; \u0259dliyy\u0259 naziri olmu\u015f Fikr\u0259t M\u0259mm\u0259dov v\u0259 Dini Qurumlarla \u0130\u015f \u00fczr\u0259 D\u00f6vl\u0259t Komit\u0259sinin Komit\u0259nin s\u0259dri olmu\u015f M\u00fcbariz Qurbanl\u0131 istisna olmaqla, yeni t\u0259rkibd\u0259 yer al\u0131blar. Prezidentin kiml\u0259rl\u0259&hellip;","_links":{"self":[{"href":"https:\/\/arantv.az\/index.php?rest_route=\/wp\/v2\/posts\/691889"}],"collection":[{"href":"https:\/\/arantv.az\/index.php?rest_route=\/wp\/v2\/posts"}],"about":[{"href":"https:\/\/arantv.az\/index.php?rest_route=\/wp\/v2\/types\/post"}],"author":[{"embeddable":true,"href":"https:\/\/arantv.az\/index.php?rest_route=\/wp\/v2\/users\/2"}],"replies":[{"embeddable":true,"href":"https:\/\/arantv.az\/index.php?rest_route=%2Fwp%2Fv2%2Fcomments&post=691889"}],"version-history":[{"count":0,"href":"https:\/\/arantv.az\/index.php?rest_route=\/wp\/v2\/posts\/691889\/revisions"}],"wp:featuredmedia":[{"embeddable":true,"href":"https:\/\/arantv.az\/index.php?rest_route=\/wp\/v2\/media\/691890"}],"wp:attachment":[{"href":"https:\/\/arantv.az\/index.php?rest_route=%2Fwp%2Fv2%2Fmedia&parent=691889"}],"wp:term":[{"taxonomy":"category","embeddable":true,"href":"https:\/\/arantv.az\/index.php?rest_route=%2Fwp%2Fv2%2Fcategories&post=691889"},{"taxonomy":"post_tag","embeddable":true,"href":"https:\/\/arantv.az\/index.php?rest_route=%2Fwp%2Fv2%2Ftags&post=691889"}],"curies":[{"name":"wp","href":"https:\/\/api.w.org\/{rel}","templated":true}]}}