{"id":691892,"date":"2024-02-16T19:30:12","date_gmt":"2024-02-16T15:30:12","guid":{"rendered":"https:\/\/arantv.az\/?p=691892"},"modified":"2024-02-16T19:30:12","modified_gmt":"2024-02-16T15:30:12","slug":"munhend%c9%99-ilham-%c9%99liyev-bundestaqin-almaniya-c%c9%99nubi-qafqaz-parlament-qrupunun-s%c9%99dri-il%c9%99-gorusub-foto","status":"publish","type":"post","link":"https:\/\/arantv.az\/?p=691892","title":{"rendered":"M\u00fcnhend\u0259 \u0130lham \u018fliyev Bundestaq\u0131n Almaniya-C\u0259nubi Qafqaz parlament qrupunun s\u0259dri il\u0259 g\u00f6r\u00fc\u015f\u00fcb &#8211; FOTO"},"content":{"rendered":"<p>Fevral\u0131n 16-da M\u00fcnhend\u0259 Az\u0259rbaycan Respublikas\u0131n\u0131n Prezidenti<strong>\u00a0\u0130lham \u018fliyev<\/strong>\u00a0il\u0259 qar\u015f\u0131 t\u0259r\u0259fin m\u00fcraci\u0259tin\u0259 \u0259sas\u0259n Almaniya Bundestaq\u0131n\u0131n Xristian-Demokrat\/Xristian-Sosialist \u0130ttifaq\u0131 fraksiyas\u0131n\u0131n xarici, t\u0259hl\u00fck\u0259sizlik v\u0259 m\u00fcdafi\u0259 siyas\u0259ti \u00fczr\u0259 s\u0259dr m\u00fcavini, Almaniya-C\u0259nubi Qafqaz parlament qrupunun s\u0259dri Yohan David Vadefulun g\u00f6r\u00fc\u015f\u00fc olub.<\/p>\n<p>Bu bar\u0259d\u0259\u00a0<a href=\"https:\/\/azertag.az\/xeber\/munxende_azerbaycan_prezidenti_ilham_eliyevin_bundestaqin_almaniya_cenubi_qafqaz_parlament_qrupunun_sedri_ile_gorusu_olub__yenilenecek-2926065\" target=\"_blank\" rel=\"noopener\">AZ\u018fRTAC<\/a>\u00a0m\u0259lumat yay\u0131b.<\/p>\n<p>&nbsp;<\/p>\n<div class=\"gallery\">\n<div class=\"gallery-i\"><img src=\"https:\/\/cdn.oxu.az\/uploads\/W1siZiIsIjIwMjQvMDIvMTYvMTkvMjIvMjIvZmYyYjYyZjMtMTE4Ni00OWMyLWE1YzEtOWVjNjFmM2FiMjdjLzExMTExMXByLmpwZyJdLFsicCIsImVuY29kZSIsImpwZyIsIi1xdWFsaXR5IDgwIl0sWyJwIiwidGh1bWIiLCI1OTB4NTkwXHUwMDNlIl1d?sha=8c77589c4c515ac2\" alt=\"\" \/><\/p>\n<div class=\"gallery-i-caption\"><\/div>\n<\/div>\n<div class=\"gallery-i\"><img src=\"https:\/\/cdn.oxu.az\/uploads\/W1siZiIsIjIwMjQvMDIvMTYvMTkvMjIvMjIvYmIzOTY1NDgtZDVhYS00MjFkLTg3ZjEtYjRmNGYyYWRjMWM3LzE3MDgwOTY1NjQyNzk4MTQ4MTA5XzEyMDB4NjMwLmpwZyJdLFsicCIsImVuY29kZSIsImpwZyIsIi1xdWFsaXR5IDgwIl0sWyJwIiwidGh1bWIiLCI1OTB4NTkwXHUwMDNlIl1d?sha=98e2845868af6072\" alt=\"\" \/><\/div>\n<\/div>\n","protected":false},"excerpt":{"rendered":"<p>Fevral\u0131n 16-da M\u00fcnhend\u0259 Az\u0259rbaycan Respublikas\u0131n\u0131n Prezidenti\u00a0\u0130lham \u018fliyev\u00a0il\u0259 qar\u015f\u0131 t\u0259r\u0259fin m\u00fcraci\u0259tin\u0259 \u0259sas\u0259n Almaniya Bundestaq\u0131n\u0131n Xristian-Demokrat\/Xristian-Sosialist \u0130ttifaq\u0131 fraksiyas\u0131n\u0131n xarici, t\u0259hl\u00fck\u0259sizlik v\u0259 m\u00fcdafi\u0259 siyas\u0259ti \u00fczr\u0259 s\u0259dr m\u00fcavini, Almaniya-C\u0259nubi Qafqaz parlament qrupunun s\u0259dri Yohan David Vadefulun g\u00f6r\u00fc\u015f\u00fc olub. Bu bar\u0259d\u0259\u00a0AZ\u018fRTAC\u00a0m\u0259lumat yay\u0131b. &nbsp;<\/p>\n","protected":false},"author":2,"featured_media":691893,"comment_status":"closed","ping_status":"closed","sticky":false,"template":"","format":"standard","meta":{"om_disable_all_campaigns":false,"_monsterinsights_skip_tracking":false,"_monsterinsights_sitenote_active":false,"_monsterinsights_sitenote_note":"","_monsterinsights_sitenote_category":0},"categories":[4],"tags":[],"aioseo_notices":[],"gutentor_comment":0,"rttpg_featured_image_url":{"full":["https:\/\/arantv.az\/wp-content\/uploads\/2024\/02\/17080965642722826031_1200x630.jpg",620,413,false],"landscape":["https:\/\/arantv.az\/wp-content\/uploads\/2024\/02\/17080965642722826031_1200x630.jpg",620,413,false],"portraits":["https:\/\/arantv.az\/wp-content\/uploads\/2024\/02\/17080965642722826031_1200x630.jpg",620,413,false],"thumbnail":["https:\/\/arantv.az\/wp-content\/uploads\/2024\/02\/17080965642722826031_1200x630-500x280.jpg",500,280,true],"medium":["https:\/\/arantv.az\/wp-content\/uploads\/2024\/02\/17080965642722826031_1200x630-548x365.jpg",548,365,true],"large":["https:\/\/arantv.az\/wp-content\/uploads\/2024\/02\/17080965642722826031_1200x630.jpg",620,413,false],"1536x1536":["https:\/\/arantv.az\/wp-content\/uploads\/2024\/02\/17080965642722826031_1200x630.jpg",620,413,false],"2048x2048":["https:\/\/arantv.az\/wp-content\/uploads\/2024\/02\/17080965642722826031_1200x630.jpg",620,413,false],"post-thumbnail":["https:\/\/arantv.az\/wp-content\/uploads\/2024\/02\/17080965642722826031_1200x630-240x172.jpg",240,172,true],"advps-thumb-one":["https:\/\/arantv.az\/wp-content\/uploads\/2024\/02\/17080965642722826031_1200x630.jpg",620,413,false]},"rttpg_author":{"display_name":"V\u00fcsal Rafiqo\u011flu","author_link":"https:\/\/arantv.az\/?author=2"},"rttpg_comment":0,"rttpg_category":"<a href=\"https:\/\/arantv.az\/?cat=4\" rel=\"category\">Siyas\u0259t<\/a>","rttpg_excerpt":"Fevral\u0131n 16-da M\u00fcnhend\u0259 Az\u0259rbaycan Respublikas\u0131n\u0131n Prezidenti\u00a0\u0130lham \u018fliyev\u00a0il\u0259 qar\u015f\u0131 t\u0259r\u0259fin m\u00fcraci\u0259tin\u0259 \u0259sas\u0259n Almaniya Bundestaq\u0131n\u0131n Xristian-Demokrat\/Xristian-Sosialist \u0130ttifaq\u0131 fraksiyas\u0131n\u0131n xarici, t\u0259hl\u00fck\u0259sizlik v\u0259 m\u00fcdafi\u0259 siyas\u0259ti \u00fczr\u0259 s\u0259dr m\u00fcavini, Almaniya-C\u0259nubi Qafqaz parlament qrupunun s\u0259dri Yohan David Vadefulun g\u00f6r\u00fc\u015f\u00fc olub. Bu bar\u0259d\u0259\u00a0AZ\u018fRTAC\u00a0m\u0259lumat yay\u0131b. &nbsp;","_links":{"self":[{"href":"https:\/\/arantv.az\/index.php?rest_route=\/wp\/v2\/posts\/691892"}],"collection":[{"href":"https:\/\/arantv.az\/index.php?rest_route=\/wp\/v2\/posts"}],"about":[{"href":"https:\/\/arantv.az\/index.php?rest_route=\/wp\/v2\/types\/post"}],"author":[{"embeddable":true,"href":"https:\/\/arantv.az\/index.php?rest_route=\/wp\/v2\/users\/2"}],"replies":[{"embeddable":true,"href":"https:\/\/arantv.az\/index.php?rest_route=%2Fwp%2Fv2%2Fcomments&post=691892"}],"version-history":[{"count":0,"href":"https:\/\/arantv.az\/index.php?rest_route=\/wp\/v2\/posts\/691892\/revisions"}],"wp:featuredmedia":[{"embeddable":true,"href":"https:\/\/arantv.az\/index.php?rest_route=\/wp\/v2\/media\/691893"}],"wp:attachment":[{"href":"https:\/\/arantv.az\/index.php?rest_route=%2Fwp%2Fv2%2Fmedia&parent=691892"}],"wp:term":[{"taxonomy":"category","embeddable":true,"href":"https:\/\/arantv.az\/index.php?rest_route=%2Fwp%2Fv2%2Fcategories&post=691892"},{"taxonomy":"post_tag","embeddable":true,"href":"https:\/\/arantv.az\/index.php?rest_route=%2Fwp%2Fv2%2Ftags&post=691892"}],"curies":[{"name":"wp","href":"https:\/\/api.w.org\/{rel}","templated":true}]}}