{"id":691909,"date":"2024-02-16T21:35:29","date_gmt":"2024-02-16T17:35:29","guid":{"rendered":"https:\/\/arantv.az\/?p=691909"},"modified":"2024-02-16T21:35:29","modified_gmt":"2024-02-16T17:35:29","slug":"prezident-ilham-%c9%99liyev-munhend%c9%99-israilli-h%c9%99mkari-il%c9%99-gorusub-yenil%c9%99nib-foto","status":"publish","type":"post","link":"https:\/\/arantv.az\/?p=691909","title":{"rendered":"Prezident \u0130lham \u018fliyev M\u00fcnhend\u0259 israilli h\u0259mkar\u0131 il\u0259 g\u00f6r\u00fc\u015f\u00fcb &#8211; YEN\u0130L\u018fN\u0130B + FOTO"},"content":{"rendered":"<p>Fevral\u0131n 16-da M\u00fcnxend\u0259 Az\u0259rbaycan Respublikas\u0131n\u0131n Prezidenti\u00a0<strong>\u0130lham \u018fliyev<\/strong>\u00a0il\u0259 qar\u015f\u0131 t\u0259r\u0259fin m\u00fcraci\u0259tin\u0259 \u0259sas\u0259n \u0130srail D\u00f6vl\u0259tinin Prezidenti \u0130sxak Hersoqun g\u00f6r\u00fc\u015f\u00fc olub.<\/p>\n<p><a href=\"https:\/\/azertag.az\/xeber\/azerbaycan_prezidenti_ilham_eliyev_ve_israilin_prezidenti_isxak_hersoq_munxende_gorusubler__yenilenib-2926101\" target=\"_blank\" rel=\"noopener\">AZ\u018fRTAC<\/a>\u00a0x\u0259b\u0259r verir ki, \u0130srail Prezidenti \u0130sxak Hersoq d\u00f6vl\u0259timizin ba\u015f\u00e7\u0131s\u0131na prezident se\u00e7kil\u0259rind\u0259 q\u0259l\u0259b\u0259 qazanmas\u0131 m\u00fcnasib\u0259til\u0259 t\u0259brikl\u0259rini \u00e7atd\u0131rd\u0131.<\/p>\n<p>Prezident \u0130lham \u018fliyev t\u0259brik\u0259 g\u00f6r\u0259 t\u0259\u015f\u0259kk\u00fcr\u00fcn\u00fc bildirdi v\u0259 bununla ba\u011fl\u0131 \u0130sxak Hersoqdan r\u0259smi m\u0259ktub formas\u0131nda da t\u0259brik ald\u0131\u011f\u0131n\u0131 m\u0259mnunluqla qeyd etdi.<\/p>\n<p>S\u00f6hb\u0259t zaman\u0131 Az\u0259rbaycan il\u0259 \u0130srail aras\u0131nda m\u00fcxt\u0259lif sah\u0259l\u0259rd\u0259 \u0259m\u0259kda\u015fl\u0131\u011fa dair fikir m\u00fcbadil\u0259si apar\u0131ld\u0131, h\u00f6kum\u0259tl\u0259raras\u0131 komissiyan\u0131n f\u0259aliyy\u0259ti qeyd olundu, iqtisadi-ticari, m\u0259d\u0259ni, humanitar \u0259laq\u0259l\u0259r\u0259 toxunuldu. H\u0259m\u00e7inin Az\u0259rbaycan Respublikas\u0131n\u0131n \u0130srail D\u00f6vl\u0259tind\u0259 s\u0259firliyinin f\u0259aliyy\u0259t\u0259 ba\u015flamas\u0131n\u0131n ikit\u0259r\u0259fli \u0259laq\u0259l\u0259rimizin inki\u015faf\u0131na t\u0259kan verdiyi bildirildi.<\/p>\n<p>G\u00f6r\u00fc\u015fd\u0259 qar\u015f\u0131l\u0131ql\u0131 maraq do\u011furan dig\u0259r m\u0259s\u0259l\u0259l\u0259r \u0259traf\u0131nda da fikir m\u00fcbadil\u0259si apar\u0131ld\u0131.<\/p>\n<p><strong>20:02<\/strong><\/p>\n<p>Fevral\u0131n 16-da M\u00fcnhend\u0259 Az\u0259rbaycan Respublikas\u0131n\u0131n Prezidenti\u00a0<strong>\u0130lham \u018fliyev<\/strong>\u00a0il\u0259 qar\u015f\u0131 t\u0259r\u0259fin m\u00fcraci\u0259tin\u0259 \u0259sas\u0259n \u0130srail D\u00f6vl\u0259tinin Prezidenti \u0130sxak Hersoqun g\u00f6r\u00fc\u015f\u00fc olub.<\/p>\n<p>Bu bar\u0259d\u0259\u00a0<a href=\"https:\/\/azertag.az\/xeber\/azerbaycan_prezidenti_ilham_eliyev_ve_israilin_prezidenti_isxak_hersoq_munxende_gorusubler__yenilenecek-2926101\" target=\"_blank\" rel=\"noopener\">AZ\u018fRTAC<\/a>\u00a0m\u0259lumat yay\u0131b.<\/p>\n<p>&nbsp;<\/p>\n<div class=\"gallery\">\n<div class=\"gallery-i\"><img src=\"https:\/\/cdn.oxu.az\/uploads\/W1siZiIsIjIwMjQvMDIvMTYvMjAvMDEvMjQvMTM4ZjY0MTEtY2EyYi00YThjLWJmYzUtZDk0NmE4YmY0ODZjLzE3MDgwOTkwOTA0MzI5MTI2MDVfMTIwMHg2MzAuanBnIl0sWyJwIiwiZW5jb2RlIiwianBnIiwiLXF1YWxpdHkgODAiXSxbInAiLCJ0aHVtYiIsIjU5MHg1OTBcdTAwM2UiXV0?sha=b07dd3d731f53c26\" \/><\/p>\n<div class=\"gallery-i-caption\"><\/div>\n<\/div>\n<div class=\"gallery-i\"><img src=\"https:\/\/cdn.oxu.az\/uploads\/W1siZiIsIjIwMjQvMDIvMTYvMjAvMDEvMjQvZGE4YzZmN2YtZDI2Yi00ZDRhLWFjNDEtYmNjMjNjMDc5N2NiLzE3MDgwOTkwOTAyNjEzNjYxNjkyXzEyMDB4NjMwLmpwZyJdLFsicCIsImVuY29kZSIsImpwZyIsIi1xdWFsaXR5IDgwIl0sWyJwIiwidGh1bWIiLCI1OTB4NTkwXHUwMDNlIl1d?sha=43123d5cf77a1350\" \/><\/p>\n<div class=\"gallery-i-caption\"><\/div>\n<\/div>\n<div class=\"gallery-i\"><img src=\"https:\/\/cdn.oxu.az\/uploads\/W1siZiIsIjIwMjQvMDIvMTYvMjAvMDEvMjUvODFkNjI0NmYtYzU4ZC00OGNkLTg1NWQtMDdiMThhNDcxZTAwLzE3MDgwOTkwOTA2MTIwNzQ4MTcyXzEyMDB4NjMwLmpwZyJdLFsicCIsImVuY29kZSIsImpwZyIsIi1xdWFsaXR5IDgwIl0sWyJwIiwidGh1bWIiLCI1OTB4NTkwXHUwMDNlIl1d?sha=e36dad45c5988dc6\" \/><\/div>\n<\/div>\n","protected":false},"excerpt":{"rendered":"<p>Fevral\u0131n 16-da M\u00fcnxend\u0259 Az\u0259rbaycan Respublikas\u0131n\u0131n Prezidenti\u00a0\u0130lham \u018fliyev\u00a0il\u0259 qar\u015f\u0131 t\u0259r\u0259fin m\u00fcraci\u0259tin\u0259 \u0259sas\u0259n \u0130srail D\u00f6vl\u0259tinin Prezidenti \u0130sxak Hersoqun g\u00f6r\u00fc\u015f\u00fc olub. AZ\u018fRTAC\u00a0x\u0259b\u0259r verir ki, \u0130srail Prezidenti \u0130sxak Hersoq d\u00f6vl\u0259timizin ba\u015f\u00e7\u0131s\u0131na prezident se\u00e7kil\u0259rind\u0259 q\u0259l\u0259b\u0259 qazanmas\u0131 m\u00fcnasib\u0259til\u0259 t\u0259brikl\u0259rini \u00e7atd\u0131rd\u0131. Prezident \u0130lham \u018fliyev t\u0259brik\u0259 g\u00f6r\u0259 t\u0259\u015f\u0259kk\u00fcr\u00fcn\u00fc bildirdi v\u0259 bununla ba\u011fl\u0131 \u0130sxak Hersoqdan r\u0259smi m\u0259ktub formas\u0131nda da t\u0259brik ald\u0131\u011f\u0131n\u0131 m\u0259mnunluqla qeyd etdi. S\u00f6hb\u0259t zaman\u0131 Az\u0259rbaycan il\u0259 \u0130srail aras\u0131nda m\u00fcxt\u0259lif sah\u0259l\u0259rd\u0259 \u0259m\u0259kda\u015fl\u0131\u011fa dair fikir m\u00fcbadil\u0259si apar\u0131ld\u0131, h\u00f6kum\u0259tl\u0259raras\u0131 komissiyan\u0131n f\u0259aliyy\u0259ti qeyd olundu, iqtisadi-ticari, m\u0259d\u0259ni, humanitar \u0259laq\u0259l\u0259r\u0259 toxunuldu. H\u0259m\u00e7inin Az\u0259rbaycan Respublikas\u0131n\u0131n \u0130srail D\u00f6vl\u0259tind\u0259 s\u0259firliyinin f\u0259aliyy\u0259t\u0259 ba\u015flamas\u0131n\u0131n ikit\u0259r\u0259fli \u0259laq\u0259l\u0259rimizin inki\u015faf\u0131na t\u0259kan&hellip;<\/p>\n","protected":false},"author":2,"featured_media":691910,"comment_status":"closed","ping_status":"closed","sticky":false,"template":"","format":"standard","meta":{"om_disable_all_campaigns":false,"_monsterinsights_skip_tracking":false,"_monsterinsights_sitenote_active":false,"_monsterinsights_sitenote_note":"","_monsterinsights_sitenote_category":0},"categories":[4],"tags":[],"aioseo_notices":[],"gutentor_comment":0,"rttpg_featured_image_url":{"full":["https:\/\/arantv.az\/wp-content\/uploads\/2024\/02\/17080990441010435805_1200x630.jpg",620,413,false],"landscape":["https:\/\/arantv.az\/wp-content\/uploads\/2024\/02\/17080990441010435805_1200x630.jpg",620,413,false],"portraits":["https:\/\/arantv.az\/wp-content\/uploads\/2024\/02\/17080990441010435805_1200x630.jpg",620,413,false],"thumbnail":["https:\/\/arantv.az\/wp-content\/uploads\/2024\/02\/17080990441010435805_1200x630-500x280.jpg",500,280,true],"medium":["https:\/\/arantv.az\/wp-content\/uploads\/2024\/02\/17080990441010435805_1200x630-548x365.jpg",548,365,true],"large":["https:\/\/arantv.az\/wp-content\/uploads\/2024\/02\/17080990441010435805_1200x630.jpg",620,413,false],"1536x1536":["https:\/\/arantv.az\/wp-content\/uploads\/2024\/02\/17080990441010435805_1200x630.jpg",620,413,false],"2048x2048":["https:\/\/arantv.az\/wp-content\/uploads\/2024\/02\/17080990441010435805_1200x630.jpg",620,413,false],"post-thumbnail":["https:\/\/arantv.az\/wp-content\/uploads\/2024\/02\/17080990441010435805_1200x630-240x172.jpg",240,172,true],"advps-thumb-one":["https:\/\/arantv.az\/wp-content\/uploads\/2024\/02\/17080990441010435805_1200x630.jpg",620,413,false]},"rttpg_author":{"display_name":"V\u00fcsal Rafiqo\u011flu","author_link":"https:\/\/arantv.az\/?author=2"},"rttpg_comment":0,"rttpg_category":"<a href=\"https:\/\/arantv.az\/?cat=4\" rel=\"category\">Siyas\u0259t<\/a>","rttpg_excerpt":"Fevral\u0131n 16-da M\u00fcnxend\u0259 Az\u0259rbaycan Respublikas\u0131n\u0131n Prezidenti\u00a0\u0130lham \u018fliyev\u00a0il\u0259 qar\u015f\u0131 t\u0259r\u0259fin m\u00fcraci\u0259tin\u0259 \u0259sas\u0259n \u0130srail D\u00f6vl\u0259tinin Prezidenti \u0130sxak Hersoqun g\u00f6r\u00fc\u015f\u00fc olub. AZ\u018fRTAC\u00a0x\u0259b\u0259r verir ki, \u0130srail Prezidenti \u0130sxak Hersoq d\u00f6vl\u0259timizin ba\u015f\u00e7\u0131s\u0131na prezident se\u00e7kil\u0259rind\u0259 q\u0259l\u0259b\u0259 qazanmas\u0131 m\u00fcnasib\u0259til\u0259 t\u0259brikl\u0259rini \u00e7atd\u0131rd\u0131. Prezident \u0130lham \u018fliyev t\u0259brik\u0259 g\u00f6r\u0259 t\u0259\u015f\u0259kk\u00fcr\u00fcn\u00fc bildirdi v\u0259 bununla ba\u011fl\u0131 \u0130sxak Hersoqdan r\u0259smi m\u0259ktub formas\u0131nda da t\u0259brik ald\u0131\u011f\u0131n\u0131 m\u0259mnunluqla qeyd etdi.&hellip;","_links":{"self":[{"href":"https:\/\/arantv.az\/index.php?rest_route=\/wp\/v2\/posts\/691909"}],"collection":[{"href":"https:\/\/arantv.az\/index.php?rest_route=\/wp\/v2\/posts"}],"about":[{"href":"https:\/\/arantv.az\/index.php?rest_route=\/wp\/v2\/types\/post"}],"author":[{"embeddable":true,"href":"https:\/\/arantv.az\/index.php?rest_route=\/wp\/v2\/users\/2"}],"replies":[{"embeddable":true,"href":"https:\/\/arantv.az\/index.php?rest_route=%2Fwp%2Fv2%2Fcomments&post=691909"}],"version-history":[{"count":0,"href":"https:\/\/arantv.az\/index.php?rest_route=\/wp\/v2\/posts\/691909\/revisions"}],"wp:featuredmedia":[{"embeddable":true,"href":"https:\/\/arantv.az\/index.php?rest_route=\/wp\/v2\/media\/691910"}],"wp:attachment":[{"href":"https:\/\/arantv.az\/index.php?rest_route=%2Fwp%2Fv2%2Fmedia&parent=691909"}],"wp:term":[{"taxonomy":"category","embeddable":true,"href":"https:\/\/arantv.az\/index.php?rest_route=%2Fwp%2Fv2%2Fcategories&post=691909"},{"taxonomy":"post_tag","embeddable":true,"href":"https:\/\/arantv.az\/index.php?rest_route=%2Fwp%2Fv2%2Ftags&post=691909"}],"curies":[{"name":"wp","href":"https:\/\/api.w.org\/{rel}","templated":true}]}}