{"id":691917,"date":"2024-02-16T21:37:41","date_gmt":"2024-02-16T17:37:41","guid":{"rendered":"https:\/\/arantv.az\/?p=691917"},"modified":"2024-02-16T21:37:41","modified_gmt":"2024-02-16T17:37:41","slug":"ilham-%c9%99liyev-munhend%c9%99-abs-prezidentinin-xususi-koordinatoru-il%c9%99-gorusub-yenil%c9%99nib-foto","status":"publish","type":"post","link":"https:\/\/arantv.az\/?p=691917","title":{"rendered":"\u0130lham \u018fliyev M\u00fcnhend\u0259 AB\u015e Prezidentinin x\u00fcsusi koordinatoru il\u0259 g\u00f6r\u00fc\u015f\u00fcb &#8211; YEN\u0130L\u018fN\u0130B + FOTO"},"content":{"rendered":"<p>Fevral\u0131n 16-da M\u00fcnxend\u0259 Az\u0259rbaycan Respublikas\u0131n\u0131n Prezidenti\u00a0<strong>\u0130lham \u018fliyev<\/strong>\u00a0il\u0259 qar\u015f\u0131 t\u0259r\u0259fin m\u00fcraci\u0259tin\u0259 \u0259sas\u0259n AB\u015e Prezidentinin qlobal infrastruktur v\u0259 enerji t\u0259hl\u00fck\u0259sizliyi \u00fczr\u0259 x\u00fcsusi koordinatoru Amos Hox\u015fteynin g\u00f6r\u00fc\u015f\u00fc olub.<\/p>\n<p><a href=\"https:\/\/azertag.az\/xeber\/azerbaycan_prezidenti_ilham_eliyev_munxende_abs_prezidentinin_xususi_koordinatoru_ile_gorusub__yenilenib_video-2926063\" target=\"_blank\" rel=\"noopener\">AZ\u018fRTAC<\/a>\u00a0x\u0259b\u0259r verir ki, Amos Hox\u015fteyn COP29-un Az\u0259rbaycanda ke\u00e7irilm\u0259si m\u00fcnasib\u0259til\u0259 t\u0259brikl\u0259rini \u00e7atd\u0131rd\u0131.<\/p>\n<p>D\u00f6vl\u0259timizin ba\u015f\u00e7\u0131s\u0131 t\u0259brikl\u0259r\u0259 g\u00f6r\u0259 minn\u0259tdarl\u0131\u011f\u0131n\u0131 bildirdi.<\/p>\n<p>AB\u015e Prezidentinin qlobal infrastruktur v\u0259 enerji t\u0259hl\u00fck\u0259sizliyi \u00fczr\u0259 x\u00fcsusi koordinatoru h\u0259l\u0259 1990-c\u0131 ill\u0259rd\u0259n Az\u0259rbaycan il\u0259 AB\u015e aras\u0131nda \u0259m\u0259kda\u015fl\u0131\u011f\u0131 v\u0259 X\u0259z\u0259r d\u0259nizinin karbohidrogen resurslar\u0131n\u0131n d\u00fcnya bazar\u0131na \u00e7\u0131xar\u0131lmas\u0131n\u0131 ehtiva ed\u0259n layih\u0259l\u0259rd\u0259 Prezident \u0130lham \u018fliyev il\u0259 birg\u0259 t\u0259r\u0259fda\u015fl\u0131\u011f\u0131 m\u0259mnunluqla xat\u0131rlad\u0131, Az\u0259rbaycan\u0131n regionda strateji \u0259h\u0259miyy\u0259t\u0259 malik \u00f6lk\u0259 oldu\u011funu diqq\u0259t\u0259 \u00e7atd\u0131rd\u0131.<\/p>\n<p>G\u00f6r\u00fc\u015fd\u0259 Orta D\u0259hlizin inki\u015faf etdirilm\u0259si v\u0259 Az\u0259rbaycan\u0131n bu prosesd\u0259 rolu m\u00fczakir\u0259 olundu, COP29 \u00e7\u0259r\u00e7iv\u0259sind\u0259 \u0259m\u0259kda\u015fl\u0131q m\u0259s\u0259l\u0259l\u0259rin\u0259 toxunuldu.<\/p>\n<p>S\u00f6hb\u0259t zaman\u0131 Az\u0259rbaycan-AB\u015e ikit\u0259r\u0259fli \u0259laq\u0259l\u0259rin\u0259 dair fikir m\u00fcbadil\u0259si apar\u0131ld\u0131.<\/p>\n<p><strong>19:21<\/strong><\/p>\n<p>Fevral\u0131n 16-da M\u00fcnhend\u0259 Az\u0259rbaycan Respublikas\u0131n\u0131n Prezidenti\u00a0<strong>\u0130lham \u018fliyev<\/strong>\u00a0il\u0259 qar\u015f\u0131 t\u0259r\u0259fin m\u00fcraci\u0259tin\u0259 \u0259sas\u0259n AB\u015e Prezidentinin qlobal infrastruktur v\u0259 enerji t\u0259hl\u00fck\u0259sizliyi \u00fczr\u0259 x\u00fcsusi koordinatoru Amos Hox\u015fteynin g\u00f6r\u00fc\u015f\u00fc olub.<\/p>\n<p>Bu bar\u0259d\u0259\u00a0<a href=\"https:\/\/azertag.az\/xeber\/azerbaycan_prezidenti_ilham_eliyev_munxende_abs_prezidentinin_xususi_koordinatoru_ile_gorusub__yenilenecek-2926063?fbclid=IwAR3RjPR4EaoELHVV4-rDoG_DLYmZG9SJ_UKqmAps3Q7T-Wq7zlJwun61ptI\" target=\"_blank\" rel=\"noopener\">AZ\u018fRTAC<\/a>\u00a0m\u0259lumat yay\u0131b.<\/p>\n<p>&nbsp;<\/p>\n<div class=\"gallery\">\n<div class=\"gallery-i\"><img src=\"https:\/\/cdn.oxu.az\/uploads\/W1siZiIsIjIwMjQvMDIvMTYvMTkvMTkvMjMvYmU0NGU0Y2ItOWM0NC00ZWQzLTk4NWQtNjY0NmIwNmY0MDBkLzE3MDgwOTY0Mjk1MDUyMzZfMTIwMHg2MzAuanBnIl0sWyJwIiwiZW5jb2RlIiwianBnIiwiLXF1YWxpdHkgODAiXSxbInAiLCJ0aHVtYiIsIjU5MHg1OTBcdTAwM2UiXV0?sha=a0a8bd1e49de07bb\" alt=\"\" \/><\/p>\n<div class=\"gallery-i-caption\"><\/div>\n<\/div>\n<div class=\"gallery-i\"><img src=\"https:\/\/cdn.oxu.az\/uploads\/W1siZiIsIjIwMjQvMDIvMTYvMTkvMTkvMjMvYjdkNzA4YzEtMDQ1Ni00YjdkLTk3ZDgtNGZlZGE1MWZmNjhkLzE3MDgwOTY0Mjk5NDMwNDM5OV8xMjAweDYzMC5qcGciXSxbInAiLCJlbmNvZGUiLCJqcGciLCItcXVhbGl0eSA4MCJdLFsicCIsInRodW1iIiwiNTkweDU5MFx1MDAzZSJdXQ?sha=06b8b87e54bc6d99\" alt=\"\" \/><\/div>\n<\/div>\n","protected":false},"excerpt":{"rendered":"<p>Fevral\u0131n 16-da M\u00fcnxend\u0259 Az\u0259rbaycan Respublikas\u0131n\u0131n Prezidenti\u00a0\u0130lham \u018fliyev\u00a0il\u0259 qar\u015f\u0131 t\u0259r\u0259fin m\u00fcraci\u0259tin\u0259 \u0259sas\u0259n AB\u015e Prezidentinin qlobal infrastruktur v\u0259 enerji t\u0259hl\u00fck\u0259sizliyi \u00fczr\u0259 x\u00fcsusi koordinatoru Amos Hox\u015fteynin g\u00f6r\u00fc\u015f\u00fc olub. AZ\u018fRTAC\u00a0x\u0259b\u0259r verir ki, Amos Hox\u015fteyn COP29-un Az\u0259rbaycanda ke\u00e7irilm\u0259si m\u00fcnasib\u0259til\u0259 t\u0259brikl\u0259rini \u00e7atd\u0131rd\u0131. D\u00f6vl\u0259timizin ba\u015f\u00e7\u0131s\u0131 t\u0259brikl\u0259r\u0259 g\u00f6r\u0259 minn\u0259tdarl\u0131\u011f\u0131n\u0131 bildirdi. AB\u015e Prezidentinin qlobal infrastruktur v\u0259 enerji t\u0259hl\u00fck\u0259sizliyi \u00fczr\u0259 x\u00fcsusi koordinatoru h\u0259l\u0259 1990-c\u0131 ill\u0259rd\u0259n Az\u0259rbaycan il\u0259 AB\u015e aras\u0131nda \u0259m\u0259kda\u015fl\u0131\u011f\u0131 v\u0259 X\u0259z\u0259r d\u0259nizinin karbohidrogen resurslar\u0131n\u0131n d\u00fcnya bazar\u0131na \u00e7\u0131xar\u0131lmas\u0131n\u0131 ehtiva ed\u0259n layih\u0259l\u0259rd\u0259 Prezident \u0130lham \u018fliyev il\u0259 birg\u0259 t\u0259r\u0259fda\u015fl\u0131\u011f\u0131 m\u0259mnunluqla xat\u0131rlad\u0131, Az\u0259rbaycan\u0131n regionda strateji \u0259h\u0259miyy\u0259t\u0259 malik \u00f6lk\u0259 oldu\u011funu diqq\u0259t\u0259 \u00e7atd\u0131rd\u0131. G\u00f6r\u00fc\u015fd\u0259 Orta&hellip;<\/p>\n","protected":false},"author":2,"featured_media":691896,"comment_status":"closed","ping_status":"closed","sticky":false,"template":"","format":"standard","meta":{"om_disable_all_campaigns":false,"_monsterinsights_skip_tracking":false,"_monsterinsights_sitenote_active":false,"_monsterinsights_sitenote_note":"","_monsterinsights_sitenote_category":0},"categories":[4],"tags":[],"aioseo_notices":[],"gutentor_comment":0,"rttpg_featured_image_url":{"full":["https:\/\/arantv.az\/wp-content\/uploads\/2024\/02\/1708096429597323465_1200x630.jpg",620,413,false],"landscape":["https:\/\/arantv.az\/wp-content\/uploads\/2024\/02\/1708096429597323465_1200x630.jpg",620,413,false],"portraits":["https:\/\/arantv.az\/wp-content\/uploads\/2024\/02\/1708096429597323465_1200x630.jpg",620,413,false],"thumbnail":["https:\/\/arantv.az\/wp-content\/uploads\/2024\/02\/1708096429597323465_1200x630-500x280.jpg",500,280,true],"medium":["https:\/\/arantv.az\/wp-content\/uploads\/2024\/02\/1708096429597323465_1200x630-548x365.jpg",548,365,true],"large":["https:\/\/arantv.az\/wp-content\/uploads\/2024\/02\/1708096429597323465_1200x630.jpg",620,413,false],"1536x1536":["https:\/\/arantv.az\/wp-content\/uploads\/2024\/02\/1708096429597323465_1200x630.jpg",620,413,false],"2048x2048":["https:\/\/arantv.az\/wp-content\/uploads\/2024\/02\/1708096429597323465_1200x630.jpg",620,413,false],"post-thumbnail":["https:\/\/arantv.az\/wp-content\/uploads\/2024\/02\/1708096429597323465_1200x630-240x172.jpg",240,172,true],"advps-thumb-one":["https:\/\/arantv.az\/wp-content\/uploads\/2024\/02\/1708096429597323465_1200x630.jpg",620,413,false]},"rttpg_author":{"display_name":"V\u00fcsal Rafiqo\u011flu","author_link":"https:\/\/arantv.az\/?author=2"},"rttpg_comment":0,"rttpg_category":"<a href=\"https:\/\/arantv.az\/?cat=4\" rel=\"category\">Siyas\u0259t<\/a>","rttpg_excerpt":"Fevral\u0131n 16-da M\u00fcnxend\u0259 Az\u0259rbaycan Respublikas\u0131n\u0131n Prezidenti\u00a0\u0130lham \u018fliyev\u00a0il\u0259 qar\u015f\u0131 t\u0259r\u0259fin m\u00fcraci\u0259tin\u0259 \u0259sas\u0259n AB\u015e Prezidentinin qlobal infrastruktur v\u0259 enerji t\u0259hl\u00fck\u0259sizliyi \u00fczr\u0259 x\u00fcsusi koordinatoru Amos Hox\u015fteynin g\u00f6r\u00fc\u015f\u00fc olub. AZ\u018fRTAC\u00a0x\u0259b\u0259r verir ki, Amos Hox\u015fteyn COP29-un Az\u0259rbaycanda ke\u00e7irilm\u0259si m\u00fcnasib\u0259til\u0259 t\u0259brikl\u0259rini \u00e7atd\u0131rd\u0131. D\u00f6vl\u0259timizin ba\u015f\u00e7\u0131s\u0131 t\u0259brikl\u0259r\u0259 g\u00f6r\u0259 minn\u0259tdarl\u0131\u011f\u0131n\u0131 bildirdi. AB\u015e Prezidentinin qlobal infrastruktur v\u0259 enerji t\u0259hl\u00fck\u0259sizliyi \u00fczr\u0259 x\u00fcsusi koordinatoru h\u0259l\u0259 1990-c\u0131 ill\u0259rd\u0259n&hellip;","_links":{"self":[{"href":"https:\/\/arantv.az\/index.php?rest_route=\/wp\/v2\/posts\/691917"}],"collection":[{"href":"https:\/\/arantv.az\/index.php?rest_route=\/wp\/v2\/posts"}],"about":[{"href":"https:\/\/arantv.az\/index.php?rest_route=\/wp\/v2\/types\/post"}],"author":[{"embeddable":true,"href":"https:\/\/arantv.az\/index.php?rest_route=\/wp\/v2\/users\/2"}],"replies":[{"embeddable":true,"href":"https:\/\/arantv.az\/index.php?rest_route=%2Fwp%2Fv2%2Fcomments&post=691917"}],"version-history":[{"count":0,"href":"https:\/\/arantv.az\/index.php?rest_route=\/wp\/v2\/posts\/691917\/revisions"}],"wp:featuredmedia":[{"embeddable":true,"href":"https:\/\/arantv.az\/index.php?rest_route=\/wp\/v2\/media\/691896"}],"wp:attachment":[{"href":"https:\/\/arantv.az\/index.php?rest_route=%2Fwp%2Fv2%2Fmedia&parent=691917"}],"wp:term":[{"taxonomy":"category","embeddable":true,"href":"https:\/\/arantv.az\/index.php?rest_route=%2Fwp%2Fv2%2Fcategories&post=691917"},{"taxonomy":"post_tag","embeddable":true,"href":"https:\/\/arantv.az\/index.php?rest_route=%2Fwp%2Fv2%2Ftags&post=691917"}],"curies":[{"name":"wp","href":"https:\/\/api.w.org\/{rel}","templated":true}]}}