{"id":691920,"date":"2024-02-16T21:38:23","date_gmt":"2024-02-16T17:38:23","guid":{"rendered":"https:\/\/arantv.az\/?p=691920"},"modified":"2024-02-16T21:38:23","modified_gmt":"2024-02-16T17:38:23","slug":"q%c9%99rbi-az%c9%99rbaycan-xronikasi-h%c9%99yat-yoldasim-qucaginda-bir-yasli-usaqla-qar-covgununa-dusdu-video","status":"publish","type":"post","link":"https:\/\/arantv.az\/?p=691920","title":{"rendered":"Q\u0259rbi Az\u0259rbaycan Xronikas\u0131: \u201cH\u0259yat yolda\u015f\u0131m quca\u011f\u0131nda bir ya\u015fl\u0131 u\u015faqla qar \u00e7ov\u011fununa d\u00fc\u015fd\u00fc\u201d &#8211; V\u0130DEO"},"content":{"rendered":"<article class=\"news\">\n<div class=\"news-inner\">\n<p>Bu g\u00fcn Baku TV-d\u0259 Q\u0259rbi Az\u0259rbaycan Xronikas\u0131 layih\u0259si \u00e7\u0259r\u00e7iv\u0259sind\u0259 jurnalist \u018fsg\u0259r \u0130brahimovun m\u00fc\u0259llifi oldu\u011fu \u201cH\u0259yat Hekay\u0259si\u201d verili\u015finin n\u00f6vb\u0259ti burax\u0131l\u0131\u015f\u0131 efir\u0259 gedib.<\/p>\n<p><strong>ARANTV.AZ\u00a0 <\/strong>x\u0259b\u0259r verir ki, \u201cX\u0259st\u0259xanada i\u015fl\u0259yirdim erm\u0259nil\u0259r m\u0259cbur\u0259n \u0259riz\u0259mi ald\u0131lar ki, i\u015fd\u0259n azadsan\u201d adl\u0131 verili\u015f Q\u0259rbi Az\u0259rbaycan\u0131n G\u00f6y\u00e7\u0259 mahal\u0131n\u0131n Basarke\u00e7\u0259r rayonunun B\u00f6y\u00fck Qaraqoyunlu k\u0259nd sakini El\u00e7in Alm\u0259mm\u0259dovun h\u0259yat hekay\u0259sin\u0259 h\u0259sr olunub.<\/p>\n<p>O, u\u015faql\u0131q v\u0259 m\u0259kt\u0259b ill\u0259rini xat\u0131rlad\u0131b, da\u011flar\u0131n \u0259t\u0259yind\u0259 yerl\u0259\u015f\u0259n k\u0259ndl\u0259ri il\u0259 ba\u011fl\u0131 maraql\u0131 xatir\u0259l\u0259rind\u0259n s\u00f6z a\u00e7\u0131b: \u201cU\u015faql\u0131q ill\u0259rim \u00e7ox g\u00f6z\u0259l v\u0259 \u00e7ox q\u0259\u015f\u0259ng ke\u00e7ib. Sinif yolda\u015flar\u0131m, \u00f6z tay-tu\u015flar\u0131mla\u00a0 da\u011flar\u0131m\u0131zda g\u0259zmi\u015fik. K\u0259ndimiz \u00e7ox\u00a0 s\u0259fal\u0131 yerd\u0259 yerl\u0259\u015fib. Bizim k\u0259ndin tarixi abid\u0259si, tarixi yerl\u0259ri \u00e7ox olub, iki q\u0259biristanl\u0131q, alban kils\u0259si var idi\u201d.<\/p>\n<p>E.Alm\u0259mm\u0259dov k\u0259ndd\u0259 m\u00fc\u0259lliml\u0259rin yax\u015f\u0131 t\u0259hsil verdiyini s\u00f6yl\u0259yib: \u201cA v\u0259 B sinfind\u0259 60-a yax\u0131n \u015fagirdin 98 faizi ali v\u0259 orta t\u0259hsil\u0259 yiy\u0259l\u0259nirdi. Orta m\u0259kt\u0259bi quratarandan sonra bizi o vaxt \u0130r\u0259van \u015f\u0259h\u0259rind\u0259 institutda, texnikumda oxuma\u011fa q\u0259bul etmirdil\u0259r. 1983-c\u00fc ild\u0259 G\u0259nc\u0259 \u015f\u0259h\u0259rind\u0259 Tibb Texnikumunu qurtarandan sonra Qaraqoyunlu k\u0259ndin\u0259 qay\u0131td\u0131m v\u0259 orada Zod k\u0259ndind\u0259 Psixi X\u0259st\u0259xanada i\u015fl\u0259dim. M\u0259niml\u0259 b\u0259rab\u0259r ba\u015fqa yolda\u015flar da i\u015fl\u0259yirdi, az\u0259rbaycanl\u0131 u\u015faqlar i\u015fl\u0259yirdik. 1988-ci ild\u0259 x\u0259st\u0259xanada i\u015fl\u0259diyimiz g\u00fcn erm\u0259nil\u0259r t\u0259r\u0259find\u0259n bizim \u0259riz\u0259miz al\u0131nd\u0131 ki, siz i\u015fd\u0259n azads\u0131n\u0131z. Dedil\u0259r ki, siz\u0259 burada yer yoxdur, sizin yeriniz Az\u0259rbaycandad\u0131r. Siz k\u00f6\u00e7\u00fcb ora ged\u0259c\u0259ksiniz, burada siz\u0259 yer yoxdur. Bizi \u00f6z d\u0259d\u0259-baba yurdumuzdan did\u0259rgin sald\u0131lar. \u018fliyal\u0131n, pis v\u0259ziyy\u0259td\u0259 1988-ci ilin dekabr ay\u0131nda K\u0259lb\u0259c\u0259r\u0259 k\u00f6\u00e7 etdik. Bizi t\u0259kc\u0259 1988-ci ild\u0259 yox, 1905, 1918, 1937, 1956 v\u0259 1967-ci ild\u0259 d\u0259 k\u00f6\u00e7\u00fcr\u00fcbl\u0259r. 1988-ci ild\u0259 yolda \u00f6l\u0259n, aya\u011f\u0131n\u0131 don vuran oldu\u201d.<\/p>\n<p>Onun s\u00f6zl\u0259rin\u0259 g\u00f6r\u0259, k\u0259ndd\u0259n \u00e7\u0131xanda yolda\u015f\u0131n\u0131n quca\u011f\u0131nda u\u015faq qar \u00e7ov\u011fununa d\u00fc\u015f\u00fcb: \u201cK\u0259lb\u0259c\u0259r\u0259, oradan G\u0259nc\u0259y\u0259, oradan \u015eu\u015fa \u015f\u0259h\u0259rin\u0259 v\u0259 oradan yenid\u0259n G\u0259nc\u0259y\u0259 qay\u0131tm\u0131\u015f\u0131q. Qa\u00e7q\u0131nl\u0131q biz\u0259 \u00e7ox a\u011f\u0131r t\u0259sir edib, \u00e7ox itkil\u0259r vermi\u015fik. Erm\u0259ni vandalizmi n\u0259tic\u0259sind\u0259 17 n\u0259f\u0259r\u0259 yax\u0131n itki vermi\u015fik. Qa\u00e7q\u0131nl\u0131q h\u0259yat\u0131 \u00e7ox \u00e7\u0259tindir\u201d.<\/p>\n<p>V\u0259t\u0259n\u0259 qay\u0131tmaq \u00fcmidini h\u0259l\u0259 itirm\u0259dikl\u0259rini vur\u011fulayan E.Alm\u0259mm\u0259dov deyib ki, c\u0259nab Prezident 44 g\u00fcn \u0259rzind\u0259 Qaraba\u011f\u0131 erm\u0259ni vandalizmind\u0259n azad etdi: \u201cPrezidentim\u0259 inan\u0131ram. M\u0259n V\u0259t\u0259n\u0259 ona g\u00f6r\u0259 qay\u0131tmaq ist\u0259yir\u0259m ki, u\u015faql\u0131q ill\u0259rim G\u00f6y\u00e7\u0259 mahal\u0131n\u0131n B\u00f6y\u00fck Qaraqoyunlu k\u0259ndind\u0259 ke\u00e7ib. G\u00f6y\u00e7\u0259y\u0259 ayaqyal\u0131n qa\u00e7aram. \u00c7\u00fcnki o bizim d\u0259d\u0259-baba torpa\u011f\u0131m\u0131zd\u0131r. \u018fmin\u0259m ki, o torpaqlar al\u0131nacaq v\u0259 biz o torpaqlara qay\u0131daca\u011f\u0131q\u201d.<\/p>\n<p>Xat\u0131rladaq ki, Q\u0259rbi Az\u0259rbaycan Xronikas\u0131 layih\u0259sinin m\u0259qs\u0259di tarixi q\u0259dim torpaqlar\u0131m\u0131z\u0131n ad\u0131n\u0131n ya\u015fad\u0131lmas\u0131, tan\u0131d\u0131lmas\u0131, h\u0259m\u00e7inin az\u0259rbaycanl\u0131lar\u0131n erm\u0259nil\u0259r t\u0259r\u0259find\u0259n deportasiyaya m\u0259ruz qoyulmas\u0131ndan, h\u0259min \u0259razil\u0259rd\u0259 m\u00f6vcud olmu\u015f, lakin ad\u0131 silin\u0259n toponiml\u0259rin, says\u0131z-hesabs\u0131z yeralt\u0131 v\u0259 yer\u00fcst\u00fc maddi m\u0259d\u0259niyy\u0259t n\u00fcmun\u0259l\u0259ri \u2013 q\u0259dim ya\u015fay\u0131\u015f m\u0259sk\u0259nl\u0259ri, nekropollar, kurqanlar, qala, saray v\u0259 istehkam qal\u0131qlar\u0131, karvansaralar, k\u00f6rp\u00fcl\u0259r, q\u0259bir\u00fcst\u00fc s\u0259nduq\u0259l\u0259r, xa\u00e7da\u015flar, at-qo\u00e7 heyk\u0259ll\u0259ri, m\u0259b\u0259d, kils\u0259, m\u0259scid, pir v\u0259 ocaqlar\u0131n \u00fcz\u0259 \u00e7\u0131xar\u0131lmas\u0131, h\u0259min \u0259razinin t\u0259miz o\u011fuz-t\u00fcrk m\u0259sk\u0259nl\u0259ri oldu\u011funu t\u0259sdiq ed\u0259n faktlar\u0131n d\u00fcnya ictimaiyy\u0259tin\u0259 \u00e7atd\u0131r\u0131lmas\u0131d\u0131r.<\/p>\n<p>H\u0259m\u00e7inin Prezident\u00a0<strong>\u0130lham \u018fliyevin<\/strong>\u00a0Q\u0259rbi Az\u0259rbaycanla ba\u011fl\u0131 dediyi \u201cXX \u0259srin \u0259vv\u0259ll\u0259rin\u0259 t\u0259sad\u00fcf ed\u0259n x\u0259rit\u0259 bir daha onu g\u00f6st\u0259rir ki, Q\u0259rbi Az\u0259rbaycan tarixi Az\u0259rbaycan diyar\u0131d\u0131r, \u015f\u0259h\u0259rl\u0259rin, k\u0259ndl\u0259rin adlar\u0131 Az\u0259rbaycan m\u0259n\u015f\u0259lidir v\u0259 biz yax\u015f\u0131 bilirik ki, indiki Erm\u0259nistan \u0259razisind\u0259 tarix boyu Az\u0259rbaycan xalq\u0131 ya\u015fay\u0131b. \u0130ndi \u0259sas v\u0259zif\u0259 ondan ibar\u0259tdir ki, d\u00fcnya ictimaiyy\u0259ti d\u0259 bunu bilsin\u201d, &#8211; fikrini \u0259sas tutaraq Q\u0259rbi Az\u0259rbaycan \u0130cmas\u0131n\u0131n haz\u0131rlad\u0131\u011f\u0131 Qay\u0131d\u0131\u015f Konsepsiyas\u0131nda ir\u0259li g\u0259l\u0259n v\u0259zif\u0259l\u0259rin t\u0259bli\u011fidir.<\/p>\n<p>Bundan \u0259lav\u0259, Q\u0259rbi Az\u0259rbaycanla ba\u011fl\u0131 tarix\u00e7il\u0259rin, ara\u015fd\u0131rma\u00e7\u0131lar\u0131n d\u00fc\u015f\u00fcnc\u0259l\u0259rini, deportasiyaya m\u0259ruz qalm\u0131\u015f \u015f\u0259xsl\u0259rin h\u0259yat hekay\u0259sini i\u015f\u0131qland\u0131rmaqd\u0131r.<\/p>\n<div><iframe loading=\"lazy\" title=\"YouTube video player\" src=\"https:\/\/www.youtube.com\/embed\/7wvySv5hkc4?si=Zxkp6ls5h39UL7c9\" width=\"560\" height=\"315\" frameborder=\"0\" allowfullscreen=\"allowfullscreen\" data-mce-fragment=\"1\"><\/iframe><\/div>\n<\/div>\n<\/article>\n","protected":false},"excerpt":{"rendered":"<p>Bu g\u00fcn Baku TV-d\u0259 Q\u0259rbi Az\u0259rbaycan Xronikas\u0131 layih\u0259si \u00e7\u0259r\u00e7iv\u0259sind\u0259 jurnalist \u018fsg\u0259r \u0130brahimovun m\u00fc\u0259llifi oldu\u011fu \u201cH\u0259yat Hekay\u0259si\u201d verili\u015finin n\u00f6vb\u0259ti burax\u0131l\u0131\u015f\u0131 efir\u0259 gedib. ARANTV.AZ\u00a0 x\u0259b\u0259r verir ki, \u201cX\u0259st\u0259xanada i\u015fl\u0259yirdim erm\u0259nil\u0259r m\u0259cbur\u0259n \u0259riz\u0259mi ald\u0131lar ki, i\u015fd\u0259n azadsan\u201d adl\u0131 verili\u015f Q\u0259rbi Az\u0259rbaycan\u0131n G\u00f6y\u00e7\u0259 mahal\u0131n\u0131n Basarke\u00e7\u0259r rayonunun B\u00f6y\u00fck Qaraqoyunlu k\u0259nd sakini El\u00e7in Alm\u0259mm\u0259dovun h\u0259yat hekay\u0259sin\u0259 h\u0259sr olunub. O, u\u015faql\u0131q v\u0259 m\u0259kt\u0259b ill\u0259rini xat\u0131rlad\u0131b, da\u011flar\u0131n \u0259t\u0259yind\u0259 yerl\u0259\u015f\u0259n k\u0259ndl\u0259ri il\u0259 ba\u011fl\u0131 maraql\u0131 xatir\u0259l\u0259rind\u0259n s\u00f6z a\u00e7\u0131b: \u201cU\u015faql\u0131q ill\u0259rim \u00e7ox g\u00f6z\u0259l v\u0259 \u00e7ox q\u0259\u015f\u0259ng ke\u00e7ib. Sinif yolda\u015flar\u0131m, \u00f6z tay-tu\u015flar\u0131mla\u00a0 da\u011flar\u0131m\u0131zda g\u0259zmi\u015fik. K\u0259ndimiz \u00e7ox\u00a0 s\u0259fal\u0131 yerd\u0259 yerl\u0259\u015fib. Bizim k\u0259ndin tarixi&hellip;<\/p>\n","protected":false},"author":2,"featured_media":691921,"comment_status":"closed","ping_status":"closed","sticky":false,"template":"","format":"standard","meta":{"om_disable_all_campaigns":false,"_monsterinsights_skip_tracking":false,"_monsterinsights_sitenote_active":false,"_monsterinsights_sitenote_note":"","_monsterinsights_sitenote_category":0},"categories":[4],"tags":[],"aioseo_notices":[],"gutentor_comment":0,"rttpg_featured_image_url":{"full":["https:\/\/arantv.az\/wp-content\/uploads\/2024\/02\/FotoJet-66-1.jpg",620,413,false],"landscape":["https:\/\/arantv.az\/wp-content\/uploads\/2024\/02\/FotoJet-66-1.jpg",620,413,false],"portraits":["https:\/\/arantv.az\/wp-content\/uploads\/2024\/02\/FotoJet-66-1.jpg",620,413,false],"thumbnail":["https:\/\/arantv.az\/wp-content\/uploads\/2024\/02\/FotoJet-66-1-500x280.jpg",500,280,true],"medium":["https:\/\/arantv.az\/wp-content\/uploads\/2024\/02\/FotoJet-66-1-548x365.jpg",548,365,true],"large":["https:\/\/arantv.az\/wp-content\/uploads\/2024\/02\/FotoJet-66-1.jpg",620,413,false],"1536x1536":["https:\/\/arantv.az\/wp-content\/uploads\/2024\/02\/FotoJet-66-1.jpg",620,413,false],"2048x2048":["https:\/\/arantv.az\/wp-content\/uploads\/2024\/02\/FotoJet-66-1.jpg",620,413,false],"post-thumbnail":["https:\/\/arantv.az\/wp-content\/uploads\/2024\/02\/FotoJet-66-1-240x172.jpg",240,172,true],"advps-thumb-one":["https:\/\/arantv.az\/wp-content\/uploads\/2024\/02\/FotoJet-66-1.jpg",620,413,false]},"rttpg_author":{"display_name":"V\u00fcsal Rafiqo\u011flu","author_link":"https:\/\/arantv.az\/?author=2"},"rttpg_comment":0,"rttpg_category":"<a href=\"https:\/\/arantv.az\/?cat=4\" rel=\"category\">Siyas\u0259t<\/a>","rttpg_excerpt":"Bu g\u00fcn Baku TV-d\u0259 Q\u0259rbi Az\u0259rbaycan Xronikas\u0131 layih\u0259si \u00e7\u0259r\u00e7iv\u0259sind\u0259 jurnalist \u018fsg\u0259r \u0130brahimovun m\u00fc\u0259llifi oldu\u011fu \u201cH\u0259yat Hekay\u0259si\u201d verili\u015finin n\u00f6vb\u0259ti burax\u0131l\u0131\u015f\u0131 efir\u0259 gedib. ARANTV.AZ\u00a0 x\u0259b\u0259r verir ki, \u201cX\u0259st\u0259xanada i\u015fl\u0259yirdim erm\u0259nil\u0259r m\u0259cbur\u0259n \u0259riz\u0259mi ald\u0131lar ki, i\u015fd\u0259n azadsan\u201d adl\u0131 verili\u015f Q\u0259rbi Az\u0259rbaycan\u0131n G\u00f6y\u00e7\u0259 mahal\u0131n\u0131n Basarke\u00e7\u0259r rayonunun B\u00f6y\u00fck Qaraqoyunlu k\u0259nd sakini El\u00e7in Alm\u0259mm\u0259dovun h\u0259yat hekay\u0259sin\u0259 h\u0259sr olunub. O, u\u015faql\u0131q v\u0259&hellip;","_links":{"self":[{"href":"https:\/\/arantv.az\/index.php?rest_route=\/wp\/v2\/posts\/691920"}],"collection":[{"href":"https:\/\/arantv.az\/index.php?rest_route=\/wp\/v2\/posts"}],"about":[{"href":"https:\/\/arantv.az\/index.php?rest_route=\/wp\/v2\/types\/post"}],"author":[{"embeddable":true,"href":"https:\/\/arantv.az\/index.php?rest_route=\/wp\/v2\/users\/2"}],"replies":[{"embeddable":true,"href":"https:\/\/arantv.az\/index.php?rest_route=%2Fwp%2Fv2%2Fcomments&post=691920"}],"version-history":[{"count":0,"href":"https:\/\/arantv.az\/index.php?rest_route=\/wp\/v2\/posts\/691920\/revisions"}],"wp:featuredmedia":[{"embeddable":true,"href":"https:\/\/arantv.az\/index.php?rest_route=\/wp\/v2\/media\/691921"}],"wp:attachment":[{"href":"https:\/\/arantv.az\/index.php?rest_route=%2Fwp%2Fv2%2Fmedia&parent=691920"}],"wp:term":[{"taxonomy":"category","embeddable":true,"href":"https:\/\/arantv.az\/index.php?rest_route=%2Fwp%2Fv2%2Fcategories&post=691920"},{"taxonomy":"post_tag","embeddable":true,"href":"https:\/\/arantv.az\/index.php?rest_route=%2Fwp%2Fv2%2Ftags&post=691920"}],"curies":[{"name":"wp","href":"https:\/\/api.w.org\/{rel}","templated":true}]}}