{"id":691923,"date":"2024-02-16T21:39:12","date_gmt":"2024-02-16T17:39:12","guid":{"rendered":"https:\/\/arantv.az\/?p=691923"},"modified":"2024-02-16T21:39:12","modified_gmt":"2024-02-16T17:39:12","slug":"munhend%c9%99-ilham-%c9%99liyev-il%c9%99-avropa-yenid%c9%99nqurma-v%c9%99-inkisaf-bankinin-prezidentinin-gorusu-olub-yenil%c9%99nib-foto","status":"publish","type":"post","link":"https:\/\/arantv.az\/?p=691923","title":{"rendered":"M\u00fcnhend\u0259 \u0130lham \u018fliyev il\u0259 Avropa Yenid\u0259nqurma v\u0259 \u0130nki\u015faf Bank\u0131n\u0131n prezidentinin g\u00f6r\u00fc\u015f\u00fc olub &#8211; YEN\u0130L\u018fN\u0130B + FOTO"},"content":{"rendered":"<p>Fevral\u0131n 16-da M\u00fcnxend\u0259 Az\u0259rbaycan Respublikas\u0131n\u0131n Prezidenti\u00a0<strong>\u0130lham \u018fliyev<\/strong>\u00a0il\u0259 qar\u015f\u0131 t\u0259r\u0259fin m\u00fcraci\u0259tin\u0259 \u0259sas\u0259n Avropa Yenid\u0259nqurma v\u0259 \u0130nki\u015faf Bank\u0131n\u0131n (AY\u0130B) prezidenti Odil Reno-Bassonun g\u00f6r\u00fc\u015f\u00fc olub.<\/p>\n<p><a href=\"https:\/\/azertag.az\/xeber\/azerbaycan_prezidenti_ilham_eliyev_ile_avropa_yenidenqurma_ve_inkisaf_bankinin_prezidentinin_munxende_gorusu_olub__yenilenib-2925941\" target=\"_blank\" rel=\"noopener\">AZ\u018fRTAC<\/a>\u00a0x\u0259b\u0259r verir ki, Odil Reno-Basso d\u00f6vl\u0259timizin ba\u015f\u00e7\u0131s\u0131na prezident se\u00e7kil\u0259rind\u0259 q\u0259l\u0259b\u0259si m\u00fcnasib\u0259til\u0259 t\u0259brikl\u0259rini \u00e7atd\u0131rd\u0131.<\/p>\n<p>Prezident \u0130lham \u018fliyev t\u0259brikl\u0259r\u0259 g\u00f6r\u0259 minn\u0259tdarl\u0131\u011f\u0131n\u0131 bildirdi.<\/p>\n<p>Avropa Yenid\u0259nqurma v\u0259 \u0130nki\u015faf Bank\u0131n\u0131n prezidenti Az\u0259rbaycan X\u0259z\u0259r D\u0259niz G\u0259mi\u00e7iliyinin h\u0259m X\u0259z\u0259r d\u0259nizind\u0259, h\u0259m d\u0259 Qara d\u0259nizd\u0259 g\u0259mi donanmas\u0131n\u0131n art\u0131r\u0131lmas\u0131 layih\u0259l\u0259rind\u0259 i\u015ftirak\u0131ndan m\u0259mnunlu\u011funu ifad\u0259 etdi. H\u0259m\u00e7inin AY\u0130B-in Orta D\u0259hliz layih\u0259sin\u0259 b\u00f6y\u00fck \u0259h\u0259miyy\u0259t g\u00f6st\u0259rdiyini v\u0259 bu \u00e7\u0259r\u00e7iv\u0259d\u0259 Az\u0259rbaycanla \u0259m\u0259kda\u015fl\u0131\u011f\u0131 y\u00fcks\u0259k qiym\u0259tl\u0259ndirdiyini qeyd ed\u0259r\u0259k, bu kimi layih\u0259l\u0259rd\u0259 i\u015ftirak etm\u0259y\u0259 haz\u0131r oldu\u011funu bildirdi.<\/p>\n<p>Odil Reno-Basso vur\u011fulad\u0131 ki, AY\u0130B, eyni zamanda, su resurslar\u0131n\u0131n idar\u0259 edilm\u0259si sah\u0259sind\u0259 d\u0259 Az\u0259rbaycan\u0131n t\u0259r\u0259fda\u015f\u0131 rolunda \u00e7\u0131x\u0131\u015f edir v\u0259 bu istiqam\u0259td\u0259 h\u00f6kum\u0259tin h\u0259yata ke\u00e7irdiyi layih\u0259l\u0259r\u0259 d\u0259st\u0259k verm\u0259y\u0259 haz\u0131rd\u0131r. O, h\u0259m\u00e7inin COP29 \u00e7\u0259r\u00e7iv\u0259sind\u0259 d\u0259 AY\u0130B\u2013l\u0259 Az\u0259rbaycan aras\u0131nda \u0259m\u0259kda\u015fl\u0131q m\u0259s\u0259l\u0259l\u0259rinin, bu x\u00fcsusda \u00f6lk\u0259mizin b\u0259rpaolunan enerji layih\u0259l\u0259ri v\u0259 ya\u015f\u0131l ke\u00e7id istiqam\u0259tind\u0259 siyas\u0259tinin d\u0259 AY\u0130B t\u0259r\u0259find\u0259n t\u0259qdir edildiyini v\u0259 d\u0259st\u0259kl\u0259ndiyini diqq\u0259t\u0259 \u00e7atd\u0131rd\u0131.<\/p>\n<p>D\u00f6vl\u0259timizin ba\u015f\u00e7\u0131s\u0131 Az\u0259rbaycanla AY\u0130B aras\u0131nda \u0259m\u0259kda\u015fl\u0131qdan m\u0259mnunlu\u011funu bildirdi. Prezident \u0130lham \u018fliyev X\u0259z\u0259r D\u0259niz G\u0259mi\u00e7iliyi il\u0259, h\u0259m\u00e7inin Orta D\u0259hliz v\u0259 su resurslar\u0131n\u0131n idar\u0259 edilm\u0259si sah\u0259l\u0259rind\u0259 \u0259m\u0259kda\u015fl\u0131\u011f\u0131n m\u00fch\u00fcm \u0259h\u0259miyy\u0259tini qeyd ed\u0259r\u0259k, Az\u0259rbaycanda ya\u015f\u0131l ke\u00e7id v\u0259 b\u0259rpaolunan enerji resurslar\u0131n\u0131n inki\u015faf etdirilm\u0259si layih\u0259l\u0259rin\u0259 b\u00f6y\u00fck \u0259h\u0259miyy\u0259t verildiyini, art\u0131q \u00f6lk\u0259mizin yax\u0131n d\u00f6vrl\u0259rd\u0259 b\u0259rpaolunan enerji resurslar\u0131n\u0131n ixracat\u00e7\u0131s\u0131 qismind\u0259 \u00e7\u0131x\u0131\u015f ed\u0259c\u0259yini vur\u011fulad\u0131.<\/p>\n<p>G\u00f6r\u00fc\u015fd\u0259 iqlim d\u0259yi\u015fikliyinin art\u0131q C\u0259nubi Qafqaz regionuna da \u00f6z t\u0259sirl\u0259rini g\u00f6st\u0259rdiyi, bu x\u00fcsusda X\u0259z\u0259r d\u0259nizind\u0259 suyun s\u0259viyy\u0259sinin a\u015fa\u011f\u0131 d\u00fc\u015fm\u0259si, Az\u0259rbaycanda, h\u0259m\u00e7inin \u00e7aylarda suyun h\u0259cminin azalmas\u0131 v\u0259 dig\u0259r f\u0259sadlar\u0131n hiss olundu\u011fu qeyd edildi. S\u00f6hb\u0259t zaman\u0131 X\u0259z\u0259r d\u0259nizinin suyunun \u015firinl\u0259\u015fdirilm\u0259si layih\u0259l\u0259rind\u0259 d\u0259 AY\u0130B il\u0259 Az\u0259rbaycan aras\u0131nda \u0259m\u0259kda\u015fl\u0131q m\u0259s\u0259l\u0259l\u0259rin\u0259 toxunuldu.<\/p>\n<p><strong>17:58<\/strong><\/p>\n<p>Fevral\u0131n 16-da M\u00fcnhend\u0259 Az\u0259rbaycan Respublikas\u0131n\u0131n Prezidenti\u00a0<strong>\u0130lham \u018fliyev<\/strong>\u00a0il\u0259 qar\u015f\u0131 t\u0259r\u0259fin m\u00fcraci\u0259tin\u0259 \u0259sas\u0259n Avropa Yenid\u0259nqurma v\u0259 \u0130nki\u015faf Bank\u0131n\u0131n prezidenti Odil Reno-Bassonun g\u00f6r\u00fc\u015f\u00fc olub.<\/p>\n<p>Bu bar\u0259d\u0259\u00a0<a href=\"https:\/\/president.az\/az\/articles\/view\/64148\" target=\"_blank\" rel=\"noopener\"><strong>President.az<\/strong><\/a>\u00a0x\u0259b\u0259r verir.<\/p>\n<p><img src=\"https:\/\/cdn.oxu.az\/uploads\/W1siZiIsIjIwMjQvMDIvMTYvMTcvNTcvMzEvOTA5YzU1MmYtN2MyMC00YjJhLWE0NmItYzgxYTI0ZjYxMzRmLzE3MDgwOTE2NjRfMGViOWU2OWU4NTg1YzZjMTQ4YTJkYjYyZjU2OWY3ZGUuanBnIl0sWyJwIiwiZW5jb2RlIiwianBnIiwiLXF1YWxpdHkgODAiXSxbInAiLCJ0aHVtYiIsIjU5MHg1OTBcdTAwM2UiXV0?sha=a9ae2831f490fd9e\" alt=\"\" \/><img src=\"https:\/\/cdn.oxu.az\/uploads\/W1siZiIsIjIwMjQvMDIvMTYvMTcvNTcvMzEvYzNmMzhhNzUtNGFjNS00M2RjLTg0MmQtOGE2ZjhhZTRkYzdlLzE3MDgwOTE2NjdfNDJlZjMxMzI2MmVlMjViNThlYjgzZjI4NTJiZTg0YTAuanBnIl0sWyJwIiwiZW5jb2RlIiwianBnIiwiLXF1YWxpdHkgODAiXSxbInAiLCJ0aHVtYiIsIjU5MHg1OTBcdTAwM2UiXV0?sha=5e214730c415dd8f\" alt=\"\" \/><\/p>\n","protected":false},"excerpt":{"rendered":"<p>Fevral\u0131n 16-da M\u00fcnxend\u0259 Az\u0259rbaycan Respublikas\u0131n\u0131n Prezidenti\u00a0\u0130lham \u018fliyev\u00a0il\u0259 qar\u015f\u0131 t\u0259r\u0259fin m\u00fcraci\u0259tin\u0259 \u0259sas\u0259n Avropa Yenid\u0259nqurma v\u0259 \u0130nki\u015faf Bank\u0131n\u0131n (AY\u0130B) prezidenti Odil Reno-Bassonun g\u00f6r\u00fc\u015f\u00fc olub. AZ\u018fRTAC\u00a0x\u0259b\u0259r verir ki, Odil Reno-Basso d\u00f6vl\u0259timizin ba\u015f\u00e7\u0131s\u0131na prezident se\u00e7kil\u0259rind\u0259 q\u0259l\u0259b\u0259si m\u00fcnasib\u0259til\u0259 t\u0259brikl\u0259rini \u00e7atd\u0131rd\u0131. Prezident \u0130lham \u018fliyev t\u0259brikl\u0259r\u0259 g\u00f6r\u0259 minn\u0259tdarl\u0131\u011f\u0131n\u0131 bildirdi. Avropa Yenid\u0259nqurma v\u0259 \u0130nki\u015faf Bank\u0131n\u0131n prezidenti Az\u0259rbaycan X\u0259z\u0259r D\u0259niz G\u0259mi\u00e7iliyinin h\u0259m X\u0259z\u0259r d\u0259nizind\u0259, h\u0259m d\u0259 Qara d\u0259nizd\u0259 g\u0259mi donanmas\u0131n\u0131n art\u0131r\u0131lmas\u0131 layih\u0259l\u0259rind\u0259 i\u015ftirak\u0131ndan m\u0259mnunlu\u011funu ifad\u0259 etdi. H\u0259m\u00e7inin AY\u0130B-in Orta D\u0259hliz layih\u0259sin\u0259 b\u00f6y\u00fck \u0259h\u0259miyy\u0259t g\u00f6st\u0259rdiyini v\u0259 bu \u00e7\u0259r\u00e7iv\u0259d\u0259 Az\u0259rbaycanla \u0259m\u0259kda\u015fl\u0131\u011f\u0131 y\u00fcks\u0259k qiym\u0259tl\u0259ndirdiyini qeyd ed\u0259r\u0259k, bu kimi layih\u0259l\u0259rd\u0259 i\u015ftirak etm\u0259y\u0259 haz\u0131r&hellip;<\/p>\n","protected":false},"author":2,"featured_media":691851,"comment_status":"closed","ping_status":"closed","sticky":false,"template":"","format":"standard","meta":{"om_disable_all_campaigns":false,"_monsterinsights_skip_tracking":false,"_monsterinsights_sitenote_active":false,"_monsterinsights_sitenote_note":"","_monsterinsights_sitenote_category":0},"categories":[4],"tags":[],"aioseo_notices":[],"gutentor_comment":0,"rttpg_featured_image_url":{"full":["https:\/\/arantv.az\/wp-content\/uploads\/2024\/02\/FotoJet-1-16.jpg",620,413,false],"landscape":["https:\/\/arantv.az\/wp-content\/uploads\/2024\/02\/FotoJet-1-16.jpg",620,413,false],"portraits":["https:\/\/arantv.az\/wp-content\/uploads\/2024\/02\/FotoJet-1-16.jpg",620,413,false],"thumbnail":["https:\/\/arantv.az\/wp-content\/uploads\/2024\/02\/FotoJet-1-16-500x280.jpg",500,280,true],"medium":["https:\/\/arantv.az\/wp-content\/uploads\/2024\/02\/FotoJet-1-16-548x365.jpg",548,365,true],"large":["https:\/\/arantv.az\/wp-content\/uploads\/2024\/02\/FotoJet-1-16.jpg",620,413,false],"1536x1536":["https:\/\/arantv.az\/wp-content\/uploads\/2024\/02\/FotoJet-1-16.jpg",620,413,false],"2048x2048":["https:\/\/arantv.az\/wp-content\/uploads\/2024\/02\/FotoJet-1-16.jpg",620,413,false],"post-thumbnail":["https:\/\/arantv.az\/wp-content\/uploads\/2024\/02\/FotoJet-1-16-240x172.jpg",240,172,true],"advps-thumb-one":["https:\/\/arantv.az\/wp-content\/uploads\/2024\/02\/FotoJet-1-16.jpg",620,413,false]},"rttpg_author":{"display_name":"V\u00fcsal Rafiqo\u011flu","author_link":"https:\/\/arantv.az\/?author=2"},"rttpg_comment":0,"rttpg_category":"<a href=\"https:\/\/arantv.az\/?cat=4\" rel=\"category\">Siyas\u0259t<\/a>","rttpg_excerpt":"Fevral\u0131n 16-da M\u00fcnxend\u0259 Az\u0259rbaycan Respublikas\u0131n\u0131n Prezidenti\u00a0\u0130lham \u018fliyev\u00a0il\u0259 qar\u015f\u0131 t\u0259r\u0259fin m\u00fcraci\u0259tin\u0259 \u0259sas\u0259n Avropa Yenid\u0259nqurma v\u0259 \u0130nki\u015faf Bank\u0131n\u0131n (AY\u0130B) prezidenti Odil Reno-Bassonun g\u00f6r\u00fc\u015f\u00fc olub. AZ\u018fRTAC\u00a0x\u0259b\u0259r verir ki, Odil Reno-Basso d\u00f6vl\u0259timizin ba\u015f\u00e7\u0131s\u0131na prezident se\u00e7kil\u0259rind\u0259 q\u0259l\u0259b\u0259si m\u00fcnasib\u0259til\u0259 t\u0259brikl\u0259rini \u00e7atd\u0131rd\u0131. Prezident \u0130lham \u018fliyev t\u0259brikl\u0259r\u0259 g\u00f6r\u0259 minn\u0259tdarl\u0131\u011f\u0131n\u0131 bildirdi. Avropa Yenid\u0259nqurma v\u0259 \u0130nki\u015faf Bank\u0131n\u0131n prezidenti Az\u0259rbaycan X\u0259z\u0259r D\u0259niz G\u0259mi\u00e7iliyinin h\u0259m X\u0259z\u0259r d\u0259nizind\u0259,&hellip;","_links":{"self":[{"href":"https:\/\/arantv.az\/index.php?rest_route=\/wp\/v2\/posts\/691923"}],"collection":[{"href":"https:\/\/arantv.az\/index.php?rest_route=\/wp\/v2\/posts"}],"about":[{"href":"https:\/\/arantv.az\/index.php?rest_route=\/wp\/v2\/types\/post"}],"author":[{"embeddable":true,"href":"https:\/\/arantv.az\/index.php?rest_route=\/wp\/v2\/users\/2"}],"replies":[{"embeddable":true,"href":"https:\/\/arantv.az\/index.php?rest_route=%2Fwp%2Fv2%2Fcomments&post=691923"}],"version-history":[{"count":0,"href":"https:\/\/arantv.az\/index.php?rest_route=\/wp\/v2\/posts\/691923\/revisions"}],"wp:featuredmedia":[{"embeddable":true,"href":"https:\/\/arantv.az\/index.php?rest_route=\/wp\/v2\/media\/691851"}],"wp:attachment":[{"href":"https:\/\/arantv.az\/index.php?rest_route=%2Fwp%2Fv2%2Fmedia&parent=691923"}],"wp:term":[{"taxonomy":"category","embeddable":true,"href":"https:\/\/arantv.az\/index.php?rest_route=%2Fwp%2Fv2%2Fcategories&post=691923"},{"taxonomy":"post_tag","embeddable":true,"href":"https:\/\/arantv.az\/index.php?rest_route=%2Fwp%2Fv2%2Ftags&post=691923"}],"curies":[{"name":"wp","href":"https:\/\/api.w.org\/{rel}","templated":true}]}}