{"id":691925,"date":"2024-02-16T21:41:29","date_gmt":"2024-02-16T17:41:29","guid":{"rendered":"https:\/\/arantv.az\/?p=691925"},"modified":"2024-02-16T21:41:29","modified_gmt":"2024-02-16T17:41:29","slug":"naxcivan-nazirl%c9%99r-kabinetinin-bir-sira-q%c9%99rarlari-l%c9%99gv-edildi","status":"publish","type":"post","link":"https:\/\/arantv.az\/?p=691925","title":{"rendered":"Nax\u00e7\u0131van Nazirl\u0259r Kabinetinin bir s\u0131ra q\u0259rarlar\u0131 L\u018f\u011eV ED\u0130LD\u0130"},"content":{"rendered":"<p>Nax\u00e7\u0131van Muxtar Respublikas\u0131 Nazirl\u0259r Kabineti t\u0259r\u0259find\u0259n fevral ay\u0131n\u0131n ilk 15 g\u00fcn\u00fc \u0259rzind\u0259 bir s\u0131ra q\u0259rarlar q\u0259bul edilib, s\u0259r\u0259ncamlar imzalan\u0131b.<\/p>\n<p>\u201cReport\u201dun m\u0259lumat\u0131na g\u00f6r\u0259, Nazirl\u0259r Kabineti t\u0259r\u0259find\u0259n fevral\u0131n 2-d\u0259 Nax\u00e7\u0131van Muxtar Respublikas\u0131n\u0131n 2025-ci il b\u00fcdc\u0259 layih\u0259sinin, muxtar respublikan\u0131n iqtisadi v\u0259 sosial proqnoz g\u00f6st\u0259ricil\u0259rinin haz\u0131rlanmas\u0131 haqq\u0131nda s\u0259r\u0259ncam imzalan\u0131b.<\/p>\n<p>S\u0259r\u0259ncamda qeyd edilib ki, \u201cB\u00fcdc\u0259 sistemi haqq\u0131nda\u201d qanuna v\u0259 dig\u0259r normativ h\u00fcquqi aktlara uy\u011fun olaraq Nax\u00e7\u0131van Muxtar Respublikas\u0131n\u0131n Maliyy\u0259 Nazirliyi 2025-ci il v\u0259 sonrak\u0131 \u00fc\u00e7 il \u00fc\u00e7\u00fcn b\u00fcdc\u0259nin layih\u0259sini, Nax\u00e7\u0131van Muxtar Respublikas\u0131n\u0131n \u0130qtisadiyyat Nazirliyi is\u0259 n\u00f6vb\u0259ti b\u00fcdc\u0259 ili v\u0259 sonrak\u0131 \u00fc\u00e7 il \u00fczr\u0259 iqtisadi v\u0259 sosial inki\u015faf konsepsiyas\u0131n\u0131 v\u0259 proqnoz g\u00f6st\u0259ricil\u0259rini 2024-c\u00fc il iyun ay\u0131n\u0131n 20-d\u0259k Nax\u00e7\u0131van Muxtar Respublikas\u0131 Nazirl\u0259r Kabinetin\u0259 t\u0259qdim etsinl\u0259r.<\/p>\n<p>Nazirl\u0259r Kabinetinin 2 fevral 2024-c\u00fc il tarixli Q\u0259rar\u0131 il\u0259 \u201cNax\u00e7\u0131van Muxtar Respublikas\u0131nda inzibati orqanlar\u0131n T\u0259snifat\u0131\u201dn\u0131n t\u0259sdiq edilm\u0259si haqq\u0131nda\u201d, \u201cNax\u00e7\u0131van Muxtar Respublikas\u0131nda d\u00f6vl\u0259t b\u00fcdc\u0259sind\u0259n maliyy\u0259l\u0259\u015f\u0259n idar\u0259, m\u00fc\u0259ssis\u0259 v\u0259 t\u0259\u015fkilatlarda n\u0259qliyyat vasit\u0259l\u0259rind\u0259n istifad\u0259 qaydalar\u0131n\u0131n t\u0259kmill\u0259\u015fdirilm\u0259si haqq\u0131nda\u201d, \u201cNax\u00e7\u0131van Muxtar Respublikas\u0131nda qida m\u0259hsullar\u0131 sah\u0259sind\u0259 f\u0259aliyy\u0259t g\u00f6st\u0259r\u0259n subyektl\u0259rin qida t\u0259hl\u00fck\u0259sizliyi qeydiyyat\u0131na al\u0131nmas\u0131 v\u0259 d\u00f6vl\u0259t reyesterinin apar\u0131lmas\u0131 Qaydalar\u0131\u201dn\u0131n t\u0259sdiq edilm\u0259si haqq\u0131nda\u201d q\u0259rarlar\u0131nda d\u0259yi\u015fiklik edilib, \u201cD\u00f6vl\u0259t Tax\u0131l Fondunun saxlanmas\u0131 v\u0259 istifad\u0259si Qaydalar\u0131\u201dn\u0131n t\u0259sdiq edilm\u0259si haqq\u0131nda\u201d, \u201cTax\u0131l m\u0259hsullar\u0131n\u0131n keyfiyy\u0259tin\u0259 v\u0259 t\u0259hl\u00fck\u0259sizliyin\u0259 d\u00f6vl\u0259t n\u0259zar\u0259tinin h\u0259yata ke\u00e7irilm\u0259si qaydalar\u0131 haqq\u0131nda \u018fsasnam\u0259\u201dnin t\u0259sdiq edilm\u0259si bar\u0259d\u0259 q\u0259rarlar\u0131 l\u0259\u011fv edilib.<\/p>\n<p>H\u0259m\u00e7inin Nazirl\u0259r Kabinetinin 2020-ci il 29 iyun tarixli Q\u0259rar\u0131 il\u0259 t\u0259sdiq edilmi\u015f \u201cNax\u00e7\u0131van Muxtar Respublikas\u0131nda D\u00f6vl\u0259t v\u0259 ictimai ekoloji ekspertizan\u0131n h\u0259yata ke\u00e7irilm\u0259si Qaydas\u0131\u201dnda d\u0259yi\u015fiklik edilmi\u015fdir. D\u0259yi\u015fikliy\u0259 g\u00f6r\u0259 D\u00f6vl\u0259t ekoloji ekspertizas\u0131n\u0131n ke\u00e7irilm\u0259si \u00fc\u00e7\u00fcn z\u0259ruri olan s\u0259n\u0259dl\u0259rin v\u0259 ya m\u0259lumatlar\u0131n Elektron H\u00f6kum\u0259t \u0130nformasiya Sistemi vasit\u0259sil\u0259 m\u00fcvafiq d\u00f6vl\u0259t orqan\u0131ndan \u0259ld\u0259 edilm\u0259si m\u00fcmk\u00fcn olduqda, h\u0259min s\u0259n\u0259dl\u0259r v\u0259 ya m\u0259lumatlar sifari\u015f\u00e7id\u0259n t\u0259l\u0259b edilmir. Bel\u0259 s\u0259n\u0259dl\u0259rin v\u0259 ya m\u0259lumatlar\u0131n Elektron H\u00f6kum\u0259t \u0130nformasiya Sistemi vasit\u0259sil\u0259 \u0259ld\u0259 edilm\u0259si m\u00fcmk\u00fcn olmad\u0131\u011f\u0131 hallarda onlar\u0131n t\u0259qdim edilm\u0259si sifari\u015f\u00e7inin raz\u0131l\u0131\u011f\u0131 il\u0259 sor\u011fu \u0259sas\u0131nda m\u00fcvafiq d\u00f6vl\u0259t orqan\u0131ndan t\u0259l\u0259b olunur v\u0259 ya sifari\u015f\u00e7i t\u0259r\u0259find\u0259n t\u0259min edilir.<\/p>\n<p>Bundan ba\u015fqa, &#8220;Nax\u00e7\u0131van Muxtar Respublikas\u0131n\u0131n Median\u0131n \u0130nki\u015faf\u0131 Agentliyi\u201d publik h\u00fcquqi \u015f\u0259xsin l\u0259\u011fv edilm\u0259si bar\u0259d\u0259\u201d Ali M\u0259clis S\u0259drinin m\u00fcvafiq S\u0259r\u0259ncam\u0131n\u0131n icras\u0131n\u0131 t\u0259min etm\u0259k m\u0259qs\u0259dil\u0259 Nazirl\u0259r Kabinetinin fevral\u0131n 6-dak\u0131 Q\u0259rar\u0131 il\u0259 \u201cNax\u00e7\u0131van Muxtar Respublikas\u0131n\u0131n Media Reyestri \u015f\u0259had\u0259tnam\u0259sinin formas\u0131\u201dn\u0131n t\u0259sdiq edilm\u0259si haqq\u0131nda\u201d v\u0259 \u201cJurnalist v\u0259siq\u0259sinin formas\u0131\u201dn\u0131n t\u0259sdiq edilm\u0259si haqq\u0131nda\u201d q\u0259rarlar\u0131 l\u0259\u011fv edilib.<\/p>\n<p>Nazirl\u0259r Kabinetinin eyni tarixli dig\u0259r bir Q\u0259rar\u0131 il\u0259 \u201cNax\u00e7\u0131van Muxtar Respublikas\u0131 G\u0259ncl\u0259r v\u0259 \u0130dman Nazirliyinin yerli orqanlar\u0131n\u0131n \u015ftat say\u0131\u201dnda d\u0259yi\u015fiklik edilib.<\/p>\n<p>Nazirl\u0259r Kabinetinin fevral\u0131n 15-d\u0259 \u201cNax\u00e7\u0131van Muxtar Respublikas\u0131nda u\u015faq h\u00fcquqlar\u0131n\u0131n h\u0259yata ke\u00e7irilm\u0259sin\u0259 dair elektron m\u0259lumat bank\u0131n\u0131n t\u0259\u015fkili v\u0259 apar\u0131lmas\u0131 Qaydas\u0131\u201dn\u0131n t\u0259sdiq edilm\u0259si haqq\u0131nda\u201d Q\u0259rar\u0131nda edilmi\u015f d\u0259yi\u015fikliy\u0259 \u0259sas\u0259n \u201cNax\u00e7\u0131van Muxtar Respublikas\u0131n\u0131n D\u00f6vl\u0259t Sosial M\u00fcdafi\u0259 Fondu\u201d s\u00f6zl\u0259ri \u00e7\u0131xar\u0131l\u0131b, \u201c\u0130cbari Tibbi S\u0131\u011forta \u00fczr\u0259 D\u00f6vl\u0259t Agentliyi s\u00f6zl\u0259ri \u201cNax\u00e7\u0131van Muxtar Respublikas\u0131n\u0131n Tibb M\u00fc\u0259ssis\u0259l\u0259rinin \u0130dar\u0259etm\u0259 Birliyi&#8221; s\u00f6zl\u0259ri il\u0259 \u0259v\u0259z edilib.<\/p>\n<p>Nazirl\u0259r Kabinetinin eyni tarixli dig\u0259r bir Q\u0259rar\u0131 il\u0259 \u201cValideyinl\u0259rini itirmi\u015f v\u0259 valideyn himay\u0259sind\u0259n m\u0259hrum olmu\u015f u\u015faqlar\u0131n sosial m\u00fcdafi\u0259sinin yax\u015f\u0131la\u015fd\u0131r\u0131lmas\u0131 t\u0259dbirl\u0259ri haqq\u0131nda\u201d Q\u0259rar\u0131nda d\u0259yi\u015fiklik edilib.<\/p>\n","protected":false},"excerpt":{"rendered":"<p>Nax\u00e7\u0131van Muxtar Respublikas\u0131 Nazirl\u0259r Kabineti t\u0259r\u0259find\u0259n fevral ay\u0131n\u0131n ilk 15 g\u00fcn\u00fc \u0259rzind\u0259 bir s\u0131ra q\u0259rarlar q\u0259bul edilib, s\u0259r\u0259ncamlar imzalan\u0131b. \u201cReport\u201dun m\u0259lumat\u0131na g\u00f6r\u0259, Nazirl\u0259r Kabineti t\u0259r\u0259find\u0259n fevral\u0131n 2-d\u0259 Nax\u00e7\u0131van Muxtar Respublikas\u0131n\u0131n 2025-ci il b\u00fcdc\u0259 layih\u0259sinin, muxtar respublikan\u0131n iqtisadi v\u0259 sosial proqnoz g\u00f6st\u0259ricil\u0259rinin haz\u0131rlanmas\u0131 haqq\u0131nda s\u0259r\u0259ncam imzalan\u0131b. S\u0259r\u0259ncamda qeyd edilib ki, \u201cB\u00fcdc\u0259 sistemi haqq\u0131nda\u201d qanuna v\u0259 dig\u0259r normativ h\u00fcquqi aktlara uy\u011fun olaraq Nax\u00e7\u0131van Muxtar Respublikas\u0131n\u0131n Maliyy\u0259 Nazirliyi 2025-ci il v\u0259 sonrak\u0131 \u00fc\u00e7 il \u00fc\u00e7\u00fcn b\u00fcdc\u0259nin layih\u0259sini, Nax\u00e7\u0131van Muxtar Respublikas\u0131n\u0131n \u0130qtisadiyyat Nazirliyi is\u0259 n\u00f6vb\u0259ti b\u00fcdc\u0259 ili v\u0259 sonrak\u0131 \u00fc\u00e7 il \u00fczr\u0259 iqtisadi v\u0259&hellip;<\/p>\n","protected":false},"author":2,"featured_media":691926,"comment_status":"closed","ping_status":"closed","sticky":false,"template":"","format":"standard","meta":{"om_disable_all_campaigns":false,"_monsterinsights_skip_tracking":false,"_monsterinsights_sitenote_active":false,"_monsterinsights_sitenote_note":"","_monsterinsights_sitenote_category":0},"categories":[19],"tags":[],"aioseo_notices":[],"gutentor_comment":0,"rttpg_featured_image_url":{"full":["https:\/\/arantv.az\/wp-content\/uploads\/2024\/02\/Nazirler-kabineti.jpg",749,500,false],"landscape":["https:\/\/arantv.az\/wp-content\/uploads\/2024\/02\/Nazirler-kabineti.jpg",749,500,false],"portraits":["https:\/\/arantv.az\/wp-content\/uploads\/2024\/02\/Nazirler-kabineti.jpg",749,500,false],"thumbnail":["https:\/\/arantv.az\/wp-content\/uploads\/2024\/02\/Nazirler-kabineti-500x280.jpg",500,280,true],"medium":["https:\/\/arantv.az\/wp-content\/uploads\/2024\/02\/Nazirler-kabineti-547x365.jpg",547,365,true],"large":["https:\/\/arantv.az\/wp-content\/uploads\/2024\/02\/Nazirler-kabineti.jpg",640,427,false],"1536x1536":["https:\/\/arantv.az\/wp-content\/uploads\/2024\/02\/Nazirler-kabineti.jpg",749,500,false],"2048x2048":["https:\/\/arantv.az\/wp-content\/uploads\/2024\/02\/Nazirler-kabineti.jpg",749,500,false],"post-thumbnail":["https:\/\/arantv.az\/wp-content\/uploads\/2024\/02\/Nazirler-kabineti-240x172.jpg",240,172,true],"advps-thumb-one":["https:\/\/arantv.az\/wp-content\/uploads\/2024\/02\/Nazirler-kabineti.jpg",749,500,false]},"rttpg_author":{"display_name":"V\u00fcsal Rafiqo\u011flu","author_link":"https:\/\/arantv.az\/?author=2"},"rttpg_comment":0,"rttpg_category":"<a href=\"https:\/\/arantv.az\/?cat=19\" rel=\"category\">G\u00fcnd\u0259m<\/a>","rttpg_excerpt":"Nax\u00e7\u0131van Muxtar Respublikas\u0131 Nazirl\u0259r Kabineti t\u0259r\u0259find\u0259n fevral ay\u0131n\u0131n ilk 15 g\u00fcn\u00fc \u0259rzind\u0259 bir s\u0131ra q\u0259rarlar q\u0259bul edilib, s\u0259r\u0259ncamlar imzalan\u0131b. \u201cReport\u201dun m\u0259lumat\u0131na g\u00f6r\u0259, Nazirl\u0259r Kabineti t\u0259r\u0259find\u0259n fevral\u0131n 2-d\u0259 Nax\u00e7\u0131van Muxtar Respublikas\u0131n\u0131n 2025-ci il b\u00fcdc\u0259 layih\u0259sinin, muxtar respublikan\u0131n iqtisadi v\u0259 sosial proqnoz g\u00f6st\u0259ricil\u0259rinin haz\u0131rlanmas\u0131 haqq\u0131nda s\u0259r\u0259ncam imzalan\u0131b. S\u0259r\u0259ncamda qeyd edilib ki, \u201cB\u00fcdc\u0259 sistemi haqq\u0131nda\u201d qanuna v\u0259 dig\u0259r&hellip;","_links":{"self":[{"href":"https:\/\/arantv.az\/index.php?rest_route=\/wp\/v2\/posts\/691925"}],"collection":[{"href":"https:\/\/arantv.az\/index.php?rest_route=\/wp\/v2\/posts"}],"about":[{"href":"https:\/\/arantv.az\/index.php?rest_route=\/wp\/v2\/types\/post"}],"author":[{"embeddable":true,"href":"https:\/\/arantv.az\/index.php?rest_route=\/wp\/v2\/users\/2"}],"replies":[{"embeddable":true,"href":"https:\/\/arantv.az\/index.php?rest_route=%2Fwp%2Fv2%2Fcomments&post=691925"}],"version-history":[{"count":0,"href":"https:\/\/arantv.az\/index.php?rest_route=\/wp\/v2\/posts\/691925\/revisions"}],"wp:featuredmedia":[{"embeddable":true,"href":"https:\/\/arantv.az\/index.php?rest_route=\/wp\/v2\/media\/691926"}],"wp:attachment":[{"href":"https:\/\/arantv.az\/index.php?rest_route=%2Fwp%2Fv2%2Fmedia&parent=691925"}],"wp:term":[{"taxonomy":"category","embeddable":true,"href":"https:\/\/arantv.az\/index.php?rest_route=%2Fwp%2Fv2%2Fcategories&post=691925"},{"taxonomy":"post_tag","embeddable":true,"href":"https:\/\/arantv.az\/index.php?rest_route=%2Fwp%2Fv2%2Ftags&post=691925"}],"curies":[{"name":"wp","href":"https:\/\/api.w.org\/{rel}","templated":true}]}}