{"id":691934,"date":"2024-02-16T21:43:21","date_gmt":"2024-02-16T17:43:21","guid":{"rendered":"https:\/\/arantv.az\/?p=691934"},"modified":"2024-02-16T21:43:21","modified_gmt":"2024-02-16T17:43:21","slug":"munhend%c9%99-ilham-%c9%99liyevin-at%c9%99t-in-f%c9%99aliyy%c9%99td%c9%99-olan-s%c9%99dri-ian-borqla-gorusu-olub-yenil%c9%99nib-foto","status":"publish","type":"post","link":"https:\/\/arantv.az\/?p=691934","title":{"rendered":"M\u00fcnhend\u0259 \u0130lham \u018fliyevin AT\u018fT-in f\u0259aliyy\u0259td\u0259 olan s\u0259dri \u0130an Borqla g\u00f6r\u00fc\u015f\u00fc olub &#8211; YEN\u0130L\u018fN\u0130B + FOTO"},"content":{"rendered":"<p>Fevral\u0131n 16-da M\u00fcnxend\u0259 Az\u0259rbaycan Respublikas\u0131n\u0131n Prezidenti\u00a0<strong>\u0130lham \u018fliyev<\/strong>\u00a0il\u0259 qar\u015f\u0131 t\u0259r\u0259fin m\u00fcraci\u0259tin\u0259 \u0259sas\u0259n AT\u018fT-in f\u0259aliyy\u0259td\u0259 olan s\u0259dri, Malta Respublikas\u0131n\u0131n xarici, Avropa i\u015fl\u0259ri v\u0259 ticar\u0259t naziri \u0130an Borqun g\u00f6r\u00fc\u015f\u00fc olub.<\/p>\n<p><a href=\"https:\/\/azertag.az\/xeber\/munxende_azerbaycan_prezidenti_ilham_eliyev_ile_atet_in_fealiyyetde_olan_sedri_ian_borqun_gorusu_kechirilib__yenilenib-2925877\" target=\"_blank\" rel=\"noopener\">AZ\u018fRTAC<\/a>\u00a0x\u0259b\u0259r verir ki, \u0130an Borq d\u00f6vl\u0259timizin ba\u015f\u00e7\u0131s\u0131n\u0131 prezident se\u00e7kil\u0259rind\u0259 q\u0259l\u0259b\u0259 m\u00fcnasib\u0259til\u0259 t\u0259brik etdi.<\/p>\n<p>T\u0259brikl\u0259r\u0259 g\u00f6r\u0259 t\u0259\u015f\u0259kk\u00fcr\u00fcn\u00fc bildir\u0259n d\u00f6vl\u0259timizin ba\u015f\u00e7\u0131s\u0131 \u00f6z n\u00f6vb\u0259sind\u0259 Maltan\u0131n AT\u018fT-in f\u0259aliyy\u0259td\u0259 olan s\u0259drliyi m\u00fcnasib\u0259til\u0259 t\u0259brikl\u0259rini \u00e7atd\u0131rd\u0131.<\/p>\n<p>Az\u0259rbaycan Prezidenti AT\u018fT \u00e7\u0259r\u00e7iv\u0259sind\u0259 ke\u00e7mi\u015fin qal\u0131qlar\u0131 olan bir s\u0131ra mexanizml\u0259rin &#8211; bu x\u00fcsusda AT\u018fT-in Minsk qrupu, Y\u00fcks\u0259k S\u0259viyy\u0259li Planla\u015fd\u0131rma Komit\u0259si v\u0259 AT\u018fT-in f\u0259aliyy\u0259td\u0259 olan s\u0259drinin \u015f\u0259xsi n\u00fcmay\u0259nd\u0259si kimi tamamil\u0259 f\u0259aliyy\u0259tsiz olan bu strukturlar\u0131n art\u0131q r\u0259smi qaydada l\u0259\u011fv edilm\u0259sinin vacib oldu\u011funu bildir\u0259r\u0259k, AT\u018fT \u00e7\u0259r\u00e7iv\u0259sind\u0259 b\u00fcdc\u0259nin d\u0259 daha m\u0259qs\u0259dy\u00f6nl\u00fc v\u0259 vacib layih\u0259l\u0259r\u0259 istiqam\u0259tl\u0259ndirilm\u0259sinin \u00f6n\u0259mini qeyd etdi.<\/p>\n<p>D\u00f6vl\u0259timizin ba\u015f\u00e7\u0131s\u0131 bildirdi ki, Qaraba\u011f m\u00fcnaqi\u015f\u0259si art\u0131q h\u0259ll olunub, Az\u0259rbaycan \u00f6z suverenliyini v\u0259 \u0259razi b\u00fct\u00f6vl\u00fcy\u00fcn\u00fc t\u0259min edib.<\/p>\n<p>Prezident \u0130lham \u018fliyev Erm\u0259nistan il\u0259 Az\u0259rbaycan aras\u0131nda normalla\u015fma prosesinin ikit\u0259r\u0259fli xarakter da\u015f\u0131d\u0131\u011f\u0131n\u0131 diqq\u0259t\u0259 \u00e7atd\u0131rd\u0131.<\/p>\n<p>G\u00f6r\u00fc\u015fd\u0259 Maltan\u0131n xarici, Avropa i\u015fl\u0259ri v\u0259 ticar\u0259t naziri COP29-un Az\u0259rbaycanda ke\u00e7irilm\u0259si m\u00fcnasib\u0259til\u0259 t\u0259brikl\u0259rini \u00e7atd\u0131rd\u0131, Maltan\u0131n da ki\u00e7ik ada \u00f6lk\u0259l\u0259rinin iqlim d\u0259yi\u015fikliyi n\u0259tic\u0259sind\u0259 \u00fczl\u0259\u015fdiyi probleml\u0259r\u0259 h\u0259ssasl\u0131qla yana\u015fd\u0131\u011f\u0131n\u0131 v\u0259 bu x\u00fcsusda Az\u0259rbaycan il\u0259 birg\u0259 \u0259m\u0259kda\u015fl\u0131\u011fa haz\u0131r oldu\u011funu bildirdi.<\/p>\n<p>D\u00f6vl\u0259timizin ba\u015f\u00e7\u0131s\u0131 qeyd etdi ki, Az\u0259rbaycan COP \u00e7\u0259r\u00e7iv\u0259sind\u0259 inkl\u00fcziv konsepsiyan\u0131n t\u0259r\u0259fdar\u0131d\u0131r v\u0259 ki\u00e7ik ada d\u00f6vl\u0259tl\u0259rinin iqlim d\u0259yi\u015fikliyi n\u0259tic\u0259sind\u0259 \u00fczl\u0259\u015fdiyi probleml\u0259r\u0259 \u00e7ox h\u0259ssasl\u0131qla yana\u015f\u0131r.<\/p>\n<p>G\u00f6r\u00fc\u015fd\u0259 Az\u0259rbaycan\u0131n s\u0259drliyi d\u00f6vr\u00fcnd\u0259 bu m\u0259s\u0259l\u0259y\u0259 x\u00fcsusi diqq\u0259t yetiril\u0259c\u0259yi v\u0259 bu x\u00fcsusda da Malta il\u0259, h\u0259m\u00e7inin AT\u018fT platformas\u0131ndan istifad\u0259 edil\u0259r\u0259k birg\u0259 \u0259m\u0259kda\u015fl\u0131\u011fa haz\u0131rl\u0131q ifad\u0259 olundu.<\/p>\n<p><strong>17:29<\/strong><\/p>\n<p>Fevral\u0131n 16-da M\u00fcnhend\u0259 Az\u0259rbaycan Respublikas\u0131n\u0131n Prezidenti\u00a0<strong>\u0130lham \u018fliyev<\/strong>\u00a0il\u0259 qar\u015f\u0131 t\u0259r\u0259fin m\u00fcraci\u0259tin\u0259 \u0259sas\u0259n AT\u018fT-in f\u0259aliyy\u0259td\u0259 olan s\u0259dri, Malta Respublikas\u0131n\u0131n xarici, Avropa i\u015fl\u0259ri v\u0259 ticar\u0259t naziri \u0130an Borqun g\u00f6r\u00fc\u015f\u00fc olub.<\/p>\n<p>Bu bar\u0259d\u0259\u00a0<a href=\"https:\/\/president.az\/az\/articles\/view\/64147\" target=\"_blank\" rel=\"noopener\"><strong>President.az<\/strong><\/a>\u00a0x\u0259b\u0259r verir.<\/p>\n<p><img src=\"https:\/\/cdn.oxu.az\/uploads\/W1siZiIsIjIwMjQvMDIvMTYvMTcvMzMvNDQvYThkYjc4ZjMtYzk0Ny00M2RmLWI0MjYtZDUzNDBiYjZhMmYyLzE3MDgwOTAyMzNfNmY4MzNiZDYyMmI0MjFkZTUzMGQ5YWZiNTM4YmExNjEuanBnIl0sWyJwIiwiZW5jb2RlIiwianBnIiwiLXF1YWxpdHkgODAiXSxbInAiLCJ0aHVtYiIsIjU5MHg1OTBcdTAwM2UiXV0?sha=2149471e74ad11d2\" alt=\"\" \/><img src=\"https:\/\/cdn.oxu.az\/uploads\/W1siZiIsIjIwMjQvMDIvMTYvMTcvMzMvNDQvMDgzYTM4OWQtNDc0Zi00MjVhLTkwODItOWQ1ZmM0ZDBjNGFjLzE3MDgwOTAyMzVfODRhNjNiMzkzZmM0YzllNWM2N2E3ZDZiMTllNmQ4MDkuanBnIl0sWyJwIiwiZW5jb2RlIiwianBnIiwiLXF1YWxpdHkgODAiXSxbInAiLCJ0aHVtYiIsIjU5MHg1OTBcdTAwM2UiXV0?sha=8e84e8b4857d9918\" alt=\"\" \/><\/p>\n","protected":false},"excerpt":{"rendered":"<p>Fevral\u0131n 16-da M\u00fcnxend\u0259 Az\u0259rbaycan Respublikas\u0131n\u0131n Prezidenti\u00a0\u0130lham \u018fliyev\u00a0il\u0259 qar\u015f\u0131 t\u0259r\u0259fin m\u00fcraci\u0259tin\u0259 \u0259sas\u0259n AT\u018fT-in f\u0259aliyy\u0259td\u0259 olan s\u0259dri, Malta Respublikas\u0131n\u0131n xarici, Avropa i\u015fl\u0259ri v\u0259 ticar\u0259t naziri \u0130an Borqun g\u00f6r\u00fc\u015f\u00fc olub. AZ\u018fRTAC\u00a0x\u0259b\u0259r verir ki, \u0130an Borq d\u00f6vl\u0259timizin ba\u015f\u00e7\u0131s\u0131n\u0131 prezident se\u00e7kil\u0259rind\u0259 q\u0259l\u0259b\u0259 m\u00fcnasib\u0259til\u0259 t\u0259brik etdi. T\u0259brikl\u0259r\u0259 g\u00f6r\u0259 t\u0259\u015f\u0259kk\u00fcr\u00fcn\u00fc bildir\u0259n d\u00f6vl\u0259timizin ba\u015f\u00e7\u0131s\u0131 \u00f6z n\u00f6vb\u0259sind\u0259 Maltan\u0131n AT\u018fT-in f\u0259aliyy\u0259td\u0259 olan s\u0259drliyi m\u00fcnasib\u0259til\u0259 t\u0259brikl\u0259rini \u00e7atd\u0131rd\u0131. Az\u0259rbaycan Prezidenti AT\u018fT \u00e7\u0259r\u00e7iv\u0259sind\u0259 ke\u00e7mi\u015fin qal\u0131qlar\u0131 olan bir s\u0131ra mexanizml\u0259rin &#8211; bu x\u00fcsusda AT\u018fT-in Minsk qrupu, Y\u00fcks\u0259k S\u0259viyy\u0259li Planla\u015fd\u0131rma Komit\u0259si v\u0259 AT\u018fT-in f\u0259aliyy\u0259td\u0259 olan s\u0259drinin \u015f\u0259xsi n\u00fcmay\u0259nd\u0259si kimi tamamil\u0259 f\u0259aliyy\u0259tsiz olan bu strukturlar\u0131n art\u0131q&hellip;<\/p>\n","protected":false},"author":2,"featured_media":691837,"comment_status":"closed","ping_status":"closed","sticky":false,"template":"","format":"standard","meta":{"om_disable_all_campaigns":false,"_monsterinsights_skip_tracking":false,"_monsterinsights_sitenote_active":false,"_monsterinsights_sitenote_note":"","_monsterinsights_sitenote_category":0},"categories":[4],"tags":[],"aioseo_notices":[],"gutentor_comment":0,"rttpg_featured_image_url":{"full":["https:\/\/arantv.az\/wp-content\/uploads\/2024\/02\/FotoJet-1-15.jpg",620,413,false],"landscape":["https:\/\/arantv.az\/wp-content\/uploads\/2024\/02\/FotoJet-1-15.jpg",620,413,false],"portraits":["https:\/\/arantv.az\/wp-content\/uploads\/2024\/02\/FotoJet-1-15.jpg",620,413,false],"thumbnail":["https:\/\/arantv.az\/wp-content\/uploads\/2024\/02\/FotoJet-1-15-500x280.jpg",500,280,true],"medium":["https:\/\/arantv.az\/wp-content\/uploads\/2024\/02\/FotoJet-1-15-548x365.jpg",548,365,true],"large":["https:\/\/arantv.az\/wp-content\/uploads\/2024\/02\/FotoJet-1-15.jpg",620,413,false],"1536x1536":["https:\/\/arantv.az\/wp-content\/uploads\/2024\/02\/FotoJet-1-15.jpg",620,413,false],"2048x2048":["https:\/\/arantv.az\/wp-content\/uploads\/2024\/02\/FotoJet-1-15.jpg",620,413,false],"post-thumbnail":["https:\/\/arantv.az\/wp-content\/uploads\/2024\/02\/FotoJet-1-15-240x172.jpg",240,172,true],"advps-thumb-one":["https:\/\/arantv.az\/wp-content\/uploads\/2024\/02\/FotoJet-1-15.jpg",620,413,false]},"rttpg_author":{"display_name":"V\u00fcsal Rafiqo\u011flu","author_link":"https:\/\/arantv.az\/?author=2"},"rttpg_comment":0,"rttpg_category":"<a href=\"https:\/\/arantv.az\/?cat=4\" rel=\"category\">Siyas\u0259t<\/a>","rttpg_excerpt":"Fevral\u0131n 16-da M\u00fcnxend\u0259 Az\u0259rbaycan Respublikas\u0131n\u0131n Prezidenti\u00a0\u0130lham \u018fliyev\u00a0il\u0259 qar\u015f\u0131 t\u0259r\u0259fin m\u00fcraci\u0259tin\u0259 \u0259sas\u0259n AT\u018fT-in f\u0259aliyy\u0259td\u0259 olan s\u0259dri, Malta Respublikas\u0131n\u0131n xarici, Avropa i\u015fl\u0259ri v\u0259 ticar\u0259t naziri \u0130an Borqun g\u00f6r\u00fc\u015f\u00fc olub. AZ\u018fRTAC\u00a0x\u0259b\u0259r verir ki, \u0130an Borq d\u00f6vl\u0259timizin ba\u015f\u00e7\u0131s\u0131n\u0131 prezident se\u00e7kil\u0259rind\u0259 q\u0259l\u0259b\u0259 m\u00fcnasib\u0259til\u0259 t\u0259brik etdi. T\u0259brikl\u0259r\u0259 g\u00f6r\u0259 t\u0259\u015f\u0259kk\u00fcr\u00fcn\u00fc bildir\u0259n d\u00f6vl\u0259timizin ba\u015f\u00e7\u0131s\u0131 \u00f6z n\u00f6vb\u0259sind\u0259 Maltan\u0131n AT\u018fT-in f\u0259aliyy\u0259td\u0259 olan s\u0259drliyi m\u00fcnasib\u0259til\u0259 t\u0259brikl\u0259rini&hellip;","_links":{"self":[{"href":"https:\/\/arantv.az\/index.php?rest_route=\/wp\/v2\/posts\/691934"}],"collection":[{"href":"https:\/\/arantv.az\/index.php?rest_route=\/wp\/v2\/posts"}],"about":[{"href":"https:\/\/arantv.az\/index.php?rest_route=\/wp\/v2\/types\/post"}],"author":[{"embeddable":true,"href":"https:\/\/arantv.az\/index.php?rest_route=\/wp\/v2\/users\/2"}],"replies":[{"embeddable":true,"href":"https:\/\/arantv.az\/index.php?rest_route=%2Fwp%2Fv2%2Fcomments&post=691934"}],"version-history":[{"count":0,"href":"https:\/\/arantv.az\/index.php?rest_route=\/wp\/v2\/posts\/691934\/revisions"}],"wp:featuredmedia":[{"embeddable":true,"href":"https:\/\/arantv.az\/index.php?rest_route=\/wp\/v2\/media\/691837"}],"wp:attachment":[{"href":"https:\/\/arantv.az\/index.php?rest_route=%2Fwp%2Fv2%2Fmedia&parent=691934"}],"wp:term":[{"taxonomy":"category","embeddable":true,"href":"https:\/\/arantv.az\/index.php?rest_route=%2Fwp%2Fv2%2Fcategories&post=691934"},{"taxonomy":"post_tag","embeddable":true,"href":"https:\/\/arantv.az\/index.php?rest_route=%2Fwp%2Fv2%2Ftags&post=691934"}],"curies":[{"name":"wp","href":"https:\/\/api.w.org\/{rel}","templated":true}]}}