{"id":691936,"date":"2024-02-16T21:44:01","date_gmt":"2024-02-16T17:44:01","guid":{"rendered":"https:\/\/arantv.az\/?p=691936"},"modified":"2024-02-16T21:44:01","modified_gmt":"2024-02-16T17:44:01","slug":"prezident-ilham-%c9%99liyev-munhend%c9%99-leonardo-sirk%c9%99tinin-bas-h%c9%99mdirektoru-il%c9%99-gorusub-yenil%c9%99nib-foto","status":"publish","type":"post","link":"https:\/\/arantv.az\/?p=691936","title":{"rendered":"Prezident \u0130lham \u018fliyev M\u00fcnhend\u0259 \u201cLeonardo\u201d \u015firk\u0259tinin ba\u015f h\u0259mdirektoru il\u0259 g\u00f6r\u00fc\u015f\u00fcb &#8211; YEN\u0130L\u018fN\u0130B + FOTO"},"content":{"rendered":"<p>Fevral\u0131n 16-da 60-c\u0131 M\u00fcnxen T\u0259hl\u00fck\u0259sizlik Konfrans\u0131nda i\u015ftirak etm\u0259k \u00fc\u00e7\u00fcn Almaniyan\u0131n M\u00fcnxen \u015f\u0259h\u0259rind\u0259 s\u0259f\u0259rd\u0259 olan Az\u0259rbaycan Respublikas\u0131n\u0131n Prezidenti\u00a0<strong>\u0130lham \u018fliyev<\/strong>\u00a0il\u0259 qar\u015f\u0131 t\u0259r\u0259fin m\u00fcraci\u0259tin\u0259 \u0259sas\u0259n \u0130taliyan\u0131n &#8220;Leonardo&#8221; \u015firk\u0259tinin ba\u015f h\u0259mdirektoru Lorenzo Marianinin g\u00f6r\u00fc\u015f\u00fc olub.<\/p>\n<p><a href=\"https:\/\/azertag.az\/xeber\/azerbaycan_prezidenti_ilham_eliyev_munxende_leonardo_sirketinin_bas_hemdirektoru_ile_gorusub__yenilenib-2925865?fbclid=IwAR0UUtXOF2uN4y_5yhYBF5spoDl0aXqxzIjckZEGcp1vjECH9dHwyhdaXzs\" target=\"_blank\" rel=\"noopener\">AZ\u018fRTAC<\/a>\u00a0x\u0259b\u0259r verir ki, g\u00f6r\u00fc\u015f\u0259 g\u00f6r\u0259 t\u0259\u015f\u0259kk\u00fcr\u00fcn\u00fc bildir\u0259n Lorenzo Mariani d\u00f6vl\u0259timizin ba\u015f\u00e7\u0131s\u0131n\u0131 prezident se\u00e7kil\u0259rind\u0259 q\u0259l\u0259b\u0259 m\u00fcnasib\u0259til\u0259 \u201cLeonardo\u201d \u015firk\u0259ti ail\u0259si ad\u0131ndan s\u0259mimi q\u0259lbd\u0259n t\u0259brik etdi. Vur\u011fulad\u0131 ki, \u0130taliya il\u0259 Az\u0259rbaycan aras\u0131nda strateji t\u0259r\u0259fda\u015fl\u0131qdan ir\u0259li g\u0259l\u0259r\u0259k, \u015firk\u0259tin \u00f6lk\u0259miz il\u0259 \u0259m\u0259kda\u015fl\u0131\u011f\u0131 u\u011furla inki\u015faf edir.<\/p>\n<p>D\u00f6vl\u0259timizin ba\u015f\u00e7\u0131s\u0131 t\u0259brikl\u0259r\u0259 g\u00f6r\u0259 minn\u0259tdarl\u0131\u011f\u0131n\u0131 bildirdi.<\/p>\n<p>Prezident \u0130lham \u018fliyev Az\u0259rbaycan il\u0259 \u201cLeonardo\u201d \u015firk\u0259ti aras\u0131nda \u0259m\u0259kda\u015fl\u0131qdan m\u0259mnunlu\u011funu bildirdi. D\u00f6vl\u0259timizin ba\u015f\u00e7\u0131s\u0131 qeyd etdi ki, prezident se\u00e7kil\u0259rind\u0259 q\u0259l\u0259b\u0259 qazanmas\u0131 m\u00fcnasib\u0259til\u0259 \u0130taliya Prezidenti t\u0259r\u0259find\u0259n g\u00f6nd\u0259rilmi\u015f t\u0259brik m\u0259ktubunda \u0130taliya-Az\u0259rbaycan \u0259laq\u0259l\u0259rinin m\u00fck\u0259mm\u0259l s\u0259viyy\u0259d\u0259 oldu\u011fu xarakteriz\u0259 edilmi\u015fdir. Prezident \u0130lham \u018fliyev d\u0259 \u00f6z n\u00f6vb\u0259sind\u0259 Az\u0259rbaycan-\u0130taliya \u0259laq\u0259l\u0259rinin h\u0259qiq\u0259t\u0259n m\u00fck\u0259mm\u0259l xarakter da\u015f\u0131d\u0131\u011f\u0131n\u0131 v\u0259 strateji t\u0259r\u0259fda\u015fl\u0131q z\u0259minind\u0259 inki\u015faf etdiyini bildirdi.<\/p>\n<p>S\u00f6hb\u0259t zaman\u0131 Az\u0259rbaycan il\u0259 \u201cLeonardo\u201d \u015firk\u0259ti aras\u0131nda m\u00fcxt\u0259lif sah\u0259l\u0259rd\u0259, o c\u00fcml\u0259d\u0259n kibert\u0259hl\u00fck\u0259sizlik v\u0259 kosmik sah\u0259l\u0259rd\u0259, eyni zamanda, SOCAR il\u0259 \u201cLeonardo\u201d \u015firk\u0259ti aras\u0131nda \u0259m\u0259kda\u015fl\u0131q m\u0259s\u0259l\u0259l\u0259rin\u0259 dair fikir m\u00fcbadil\u0259si apar\u0131ld\u0131, bu \u0259m\u0259kda\u015fl\u0131qdan m\u0259mnunluq ifad\u0259 olundu.<\/p>\n<p><strong>17:23<\/strong><\/p>\n<p>Fevral\u0131n 16-da 60-c\u0131 M\u00fcnhen T\u0259hl\u00fck\u0259sizlik Konfrans\u0131nda i\u015ftirak etm\u0259k \u00fc\u00e7\u00fcn M\u00fcnhen \u015f\u0259h\u0259rind\u0259 s\u0259f\u0259rd\u0259 olan Az\u0259rbaycan Respublikas\u0131n\u0131n Prezidenti\u00a0<strong>\u0130lham \u018fliyev<\/strong>\u00a0il\u0259 qar\u015f\u0131 t\u0259r\u0259fin m\u00fcraci\u0259tin\u0259 \u0259sas\u0259n \u0130taliyan\u0131n \u201cLeonardo\u201d \u015firk\u0259tinin ba\u015f h\u0259mdirektoru Lorenzo Marianinin g\u00f6r\u00fc\u015f\u00fc olub.<\/p>\n<p>Bu bar\u0259d\u0259\u00a0<a href=\"https:\/\/president.az\/az\/articles\/view\/64146\" target=\"_blank\" rel=\"noopener\"><strong>President.az<\/strong><\/a>\u00a0x\u0259b\u0259r verir.<\/p>\n<p><img src=\"https:\/\/cdn.oxu.az\/uploads\/W1siZiIsIjIwMjQvMDIvMTYvMTcvMjIvNDkvYjNmY2VjZTEtMzM3NC00ZjljLWFkYzItZWJiYjJmNTM5ZDM5LzE3MDgwODk1MzlfOTE1NmFkY2M1MDM5MzA2MTBiMzQyOTFmZjdiYThhZjQuanBnIl0sWyJwIiwiZW5jb2RlIiwianBnIiwiLXF1YWxpdHkgODAiXSxbInAiLCJ0aHVtYiIsIjU5MHg1OTBcdTAwM2UiXV0?sha=e44a4c808a70988e\" alt=\"\" \/><\/p>\n","protected":false},"excerpt":{"rendered":"<p>Fevral\u0131n 16-da 60-c\u0131 M\u00fcnxen T\u0259hl\u00fck\u0259sizlik Konfrans\u0131nda i\u015ftirak etm\u0259k \u00fc\u00e7\u00fcn Almaniyan\u0131n M\u00fcnxen \u015f\u0259h\u0259rind\u0259 s\u0259f\u0259rd\u0259 olan Az\u0259rbaycan Respublikas\u0131n\u0131n Prezidenti\u00a0\u0130lham \u018fliyev\u00a0il\u0259 qar\u015f\u0131 t\u0259r\u0259fin m\u00fcraci\u0259tin\u0259 \u0259sas\u0259n \u0130taliyan\u0131n &#8220;Leonardo&#8221; \u015firk\u0259tinin ba\u015f h\u0259mdirektoru Lorenzo Marianinin g\u00f6r\u00fc\u015f\u00fc olub. AZ\u018fRTAC\u00a0x\u0259b\u0259r verir ki, g\u00f6r\u00fc\u015f\u0259 g\u00f6r\u0259 t\u0259\u015f\u0259kk\u00fcr\u00fcn\u00fc bildir\u0259n Lorenzo Mariani d\u00f6vl\u0259timizin ba\u015f\u00e7\u0131s\u0131n\u0131 prezident se\u00e7kil\u0259rind\u0259 q\u0259l\u0259b\u0259 m\u00fcnasib\u0259til\u0259 \u201cLeonardo\u201d \u015firk\u0259ti ail\u0259si ad\u0131ndan s\u0259mimi q\u0259lbd\u0259n t\u0259brik etdi. Vur\u011fulad\u0131 ki, \u0130taliya il\u0259 Az\u0259rbaycan aras\u0131nda strateji t\u0259r\u0259fda\u015fl\u0131qdan ir\u0259li g\u0259l\u0259r\u0259k, \u015firk\u0259tin \u00f6lk\u0259miz il\u0259 \u0259m\u0259kda\u015fl\u0131\u011f\u0131 u\u011furla inki\u015faf edir. D\u00f6vl\u0259timizin ba\u015f\u00e7\u0131s\u0131 t\u0259brikl\u0259r\u0259 g\u00f6r\u0259 minn\u0259tdarl\u0131\u011f\u0131n\u0131 bildirdi. Prezident \u0130lham \u018fliyev Az\u0259rbaycan il\u0259 \u201cLeonardo\u201d \u015firk\u0259ti aras\u0131nda \u0259m\u0259kda\u015fl\u0131qdan m\u0259mnunlu\u011funu bildirdi. D\u00f6vl\u0259timizin ba\u015f\u00e7\u0131s\u0131&hellip;<\/p>\n","protected":false},"author":2,"featured_media":691831,"comment_status":"closed","ping_status":"closed","sticky":false,"template":"","format":"standard","meta":{"om_disable_all_campaigns":false,"_monsterinsights_skip_tracking":false,"_monsterinsights_sitenote_active":false,"_monsterinsights_sitenote_note":"","_monsterinsights_sitenote_category":0},"categories":[4],"tags":[],"aioseo_notices":[],"gutentor_comment":0,"rttpg_featured_image_url":{"full":["https:\/\/arantv.az\/wp-content\/uploads\/2024\/02\/FotoJet-2-12.jpg",620,413,false],"landscape":["https:\/\/arantv.az\/wp-content\/uploads\/2024\/02\/FotoJet-2-12.jpg",620,413,false],"portraits":["https:\/\/arantv.az\/wp-content\/uploads\/2024\/02\/FotoJet-2-12.jpg",620,413,false],"thumbnail":["https:\/\/arantv.az\/wp-content\/uploads\/2024\/02\/FotoJet-2-12-500x280.jpg",500,280,true],"medium":["https:\/\/arantv.az\/wp-content\/uploads\/2024\/02\/FotoJet-2-12-548x365.jpg",548,365,true],"large":["https:\/\/arantv.az\/wp-content\/uploads\/2024\/02\/FotoJet-2-12.jpg",620,413,false],"1536x1536":["https:\/\/arantv.az\/wp-content\/uploads\/2024\/02\/FotoJet-2-12.jpg",620,413,false],"2048x2048":["https:\/\/arantv.az\/wp-content\/uploads\/2024\/02\/FotoJet-2-12.jpg",620,413,false],"post-thumbnail":["https:\/\/arantv.az\/wp-content\/uploads\/2024\/02\/FotoJet-2-12-240x172.jpg",240,172,true],"advps-thumb-one":["https:\/\/arantv.az\/wp-content\/uploads\/2024\/02\/FotoJet-2-12.jpg",620,413,false]},"rttpg_author":{"display_name":"V\u00fcsal Rafiqo\u011flu","author_link":"https:\/\/arantv.az\/?author=2"},"rttpg_comment":0,"rttpg_category":"<a href=\"https:\/\/arantv.az\/?cat=4\" rel=\"category\">Siyas\u0259t<\/a>","rttpg_excerpt":"Fevral\u0131n 16-da 60-c\u0131 M\u00fcnxen T\u0259hl\u00fck\u0259sizlik Konfrans\u0131nda i\u015ftirak etm\u0259k \u00fc\u00e7\u00fcn Almaniyan\u0131n M\u00fcnxen \u015f\u0259h\u0259rind\u0259 s\u0259f\u0259rd\u0259 olan Az\u0259rbaycan Respublikas\u0131n\u0131n Prezidenti\u00a0\u0130lham \u018fliyev\u00a0il\u0259 qar\u015f\u0131 t\u0259r\u0259fin m\u00fcraci\u0259tin\u0259 \u0259sas\u0259n \u0130taliyan\u0131n &#8220;Leonardo&#8221; \u015firk\u0259tinin ba\u015f h\u0259mdirektoru Lorenzo Marianinin g\u00f6r\u00fc\u015f\u00fc olub. AZ\u018fRTAC\u00a0x\u0259b\u0259r verir ki, g\u00f6r\u00fc\u015f\u0259 g\u00f6r\u0259 t\u0259\u015f\u0259kk\u00fcr\u00fcn\u00fc bildir\u0259n Lorenzo Mariani d\u00f6vl\u0259timizin ba\u015f\u00e7\u0131s\u0131n\u0131 prezident se\u00e7kil\u0259rind\u0259 q\u0259l\u0259b\u0259 m\u00fcnasib\u0259til\u0259 \u201cLeonardo\u201d \u015firk\u0259ti ail\u0259si ad\u0131ndan s\u0259mimi q\u0259lbd\u0259n t\u0259brik etdi. Vur\u011fulad\u0131&hellip;","_links":{"self":[{"href":"https:\/\/arantv.az\/index.php?rest_route=\/wp\/v2\/posts\/691936"}],"collection":[{"href":"https:\/\/arantv.az\/index.php?rest_route=\/wp\/v2\/posts"}],"about":[{"href":"https:\/\/arantv.az\/index.php?rest_route=\/wp\/v2\/types\/post"}],"author":[{"embeddable":true,"href":"https:\/\/arantv.az\/index.php?rest_route=\/wp\/v2\/users\/2"}],"replies":[{"embeddable":true,"href":"https:\/\/arantv.az\/index.php?rest_route=%2Fwp%2Fv2%2Fcomments&post=691936"}],"version-history":[{"count":0,"href":"https:\/\/arantv.az\/index.php?rest_route=\/wp\/v2\/posts\/691936\/revisions"}],"wp:featuredmedia":[{"embeddable":true,"href":"https:\/\/arantv.az\/index.php?rest_route=\/wp\/v2\/media\/691831"}],"wp:attachment":[{"href":"https:\/\/arantv.az\/index.php?rest_route=%2Fwp%2Fv2%2Fmedia&parent=691936"}],"wp:term":[{"taxonomy":"category","embeddable":true,"href":"https:\/\/arantv.az\/index.php?rest_route=%2Fwp%2Fv2%2Fcategories&post=691936"},{"taxonomy":"post_tag","embeddable":true,"href":"https:\/\/arantv.az\/index.php?rest_route=%2Fwp%2Fv2%2Ftags&post=691936"}],"curies":[{"name":"wp","href":"https:\/\/api.w.org\/{rel}","templated":true}]}}