{"id":691946,"date":"2024-02-16T22:11:11","date_gmt":"2024-02-16T18:11:11","guid":{"rendered":"https:\/\/arantv.az\/?p=691946"},"modified":"2024-02-16T22:11:11","modified_gmt":"2024-02-16T18:11:11","slug":"munhend%c9%99-ilham-%c9%99liyev-almaniyanin-s%c9%99rqi-biznes-assosiasiyasinin-icraci-direktoru-il%c9%99-gorusub-yenil%c9%99nib-foto","status":"publish","type":"post","link":"https:\/\/arantv.az\/?p=691946","title":{"rendered":"M\u00fcnhend\u0259 \u0130lham \u018fliyev Almaniyan\u0131n \u015e\u0259rqi Biznes Assosiasiyas\u0131n\u0131n icra\u00e7\u0131 direktoru il\u0259 g\u00f6r\u00fc\u015f\u00fcb &#8211; YEN\u0130L\u018fN\u0130B +FOTO"},"content":{"rendered":"<p>Fevral\u0131n 16-da M\u00fcnxend\u0259 Az\u0259rbaycan Respublikas\u0131n\u0131n Prezidenti\u00a0<strong>\u0130lham \u018fliyev<\/strong>\u00a0il\u0259 qar\u015f\u0131 t\u0259r\u0259fin m\u00fcraci\u0259tin\u0259 \u0259sas\u0259n Almaniyan\u0131n \u015e\u0259rqi Biznes Assosiasiyas\u0131n\u0131n icra\u00e7\u0131 direktoru Mixael Harms\u0131n g\u00f6r\u00fc\u015f\u00fc olub.<\/p>\n<p><a href=\"https:\/\/azertag.az\/xeber\/munxende_azerbaycan_prezidenti_ilham_eliyev_ile_almaniyanin_serqi_biznes_assosiasiyasinin_icrachi_direktorunun_gorusu_olub__yenilenib-2926145\" target=\"_blank\" rel=\"noopener\">AZ\u018fRTAC<\/a>\u00a0x\u0259b\u0259r verir ki, g\u00f6r\u00fc\u015fd\u0259 alman i\u015f adamlar\u0131n\u0131n Az\u0259rbaycanla iqtisadi \u0259laq\u0259l\u0259rini geni\u015fl\u0259ndirm\u0259kd\u0259 maraql\u0131 olduqlar\u0131 bildirildi. X\u00fcsusil\u0259 n\u0259qliyyat, logistika, s\u0259naye, b\u0259rpaolunan enerji v\u0259 dig\u0259r sah\u0259l\u0259rd\u0259 mara\u011f\u0131 olan \u015firk\u0259tl\u0259rin n\u00fcmay\u0259nd\u0259l\u0259rinin fevral ay\u0131nda Az\u0259rbaycana s\u0259f\u0259rinin h\u0259yata ke\u00e7irilm\u0259si bar\u0259d\u0259 Prezident \u0130lham \u018fliyev\u0259 m\u0259lumat verildi. Qeyd edildi ki, bu s\u0259f\u0259r Az\u0259rbaycan Prezidentinin \u00f6t\u0259n il Almaniyaya s\u0259f\u0259ri \u00e7\u0259r\u00e7iv\u0259sind\u0259 i\u015fg\u00fczar dair\u0259l\u0259rl\u0259 ke\u00e7irdiyi g\u00f6r\u00fc\u015f\u00fcn n\u0259tic\u0259sidir v\u0259 bu, indiy\u0259d\u0259k h\u0259m t\u0259msil\u00e7ilik, h\u0259m d\u0259 say bax\u0131m\u0131ndan i\u015f adamlar\u0131n\u0131n \u0259n b\u00f6y\u00fck n\u00fcmay\u0259nd\u0259 hey\u0259ti olacaq.<\/p>\n<p>G\u00f6r\u00fc\u015fd\u0259 \u00f6lk\u0259mizd\u0259 COP29-un ke\u00e7irilm\u0259sinin \u00f6z n\u00f6vb\u0259sind\u0259 daha geni\u015f miqyasda iqtisadi layih\u0259l\u0259rin realla\u015fd\u0131r\u0131lmas\u0131 potensial\u0131n\u0131n g\u00fccl\u0259ndirilm\u0259si i\u015fin\u0259 xidm\u0259t etdiyi qeyd olundu.<\/p>\n<p><strong>20:52<\/strong><\/p>\n<p>Fevral\u0131n 16-da M\u00fcnhend\u0259 Az\u0259rbaycan Respublikas\u0131n\u0131n Prezidenti\u00a0<strong>\u0130lham \u018fliyev<\/strong>\u00a0il\u0259 qar\u015f\u0131 t\u0259r\u0259fin m\u00fcraci\u0259tin\u0259 \u0259sas\u0259n Almaniyan\u0131n \u015e\u0259rqi Biznes Assosiasiyas\u0131n\u0131n icra\u00e7\u0131 direktoru Mixael Harms\u0131n g\u00f6r\u00fc\u015f\u00fc olub.<\/p>\n<p>Bu bar\u0259d\u0259\u00a0<a href=\"https:\/\/azertag.az\/xeber\/munxende_azerbaycan_prezidenti_ilham_eliyev_ile_almaniyanin_serqi_biznes_assosiasiyasinin_icrachi_direktorunun_gorusu_olub__yenilenecek-2926145?fbclid=IwAR2vIxFK_Aj842YC_1xd1DfakvZvbU3yK9a9YeSoZDT4WEjuyoS-D2wlulo\" target=\"_blank\" rel=\"noopener\">AZ\u018fRTAC<\/a>\u00a0m\u0259lumat yay\u0131b.<\/p>\n<p>&nbsp;<\/p>\n<div class=\"gallery\">\n<div class=\"gallery-i\"><img src=\"https:\/\/cdn.oxu.az\/uploads\/W1siZiIsIjIwMjQvMDIvMTYvMjAvNDkvNDIvNDc0NWYzMTItMDI3Yy00ZTlkLTk1ZDEtYzYyYjUxMzhkMDdhLzE3MDgxMDE3ODg1MDI5Mjk0MzRfMTIwMHg2MzAuanBnIl0sWyJwIiwiZW5jb2RlIiwianBnIiwiLXF1YWxpdHkgODAiXSxbInAiLCJ0aHVtYiIsIjU5MHg1OTBcdTAwM2UiXV0?sha=9955e11e5e306dc6\" alt=\"\" \/><\/p>\n<div class=\"gallery-i-caption\"><\/div>\n<\/div>\n<\/div>\n<p>&nbsp;<\/p>\n","protected":false},"excerpt":{"rendered":"<p>Fevral\u0131n 16-da M\u00fcnxend\u0259 Az\u0259rbaycan Respublikas\u0131n\u0131n Prezidenti\u00a0\u0130lham \u018fliyev\u00a0il\u0259 qar\u015f\u0131 t\u0259r\u0259fin m\u00fcraci\u0259tin\u0259 \u0259sas\u0259n Almaniyan\u0131n \u015e\u0259rqi Biznes Assosiasiyas\u0131n\u0131n icra\u00e7\u0131 direktoru Mixael Harms\u0131n g\u00f6r\u00fc\u015f\u00fc olub. AZ\u018fRTAC\u00a0x\u0259b\u0259r verir ki, g\u00f6r\u00fc\u015fd\u0259 alman i\u015f adamlar\u0131n\u0131n Az\u0259rbaycanla iqtisadi \u0259laq\u0259l\u0259rini geni\u015fl\u0259ndirm\u0259kd\u0259 maraql\u0131 olduqlar\u0131 bildirildi. X\u00fcsusil\u0259 n\u0259qliyyat, logistika, s\u0259naye, b\u0259rpaolunan enerji v\u0259 dig\u0259r sah\u0259l\u0259rd\u0259 mara\u011f\u0131 olan \u015firk\u0259tl\u0259rin n\u00fcmay\u0259nd\u0259l\u0259rinin fevral ay\u0131nda Az\u0259rbaycana s\u0259f\u0259rinin h\u0259yata ke\u00e7irilm\u0259si bar\u0259d\u0259 Prezident \u0130lham \u018fliyev\u0259 m\u0259lumat verildi. Qeyd edildi ki, bu s\u0259f\u0259r Az\u0259rbaycan Prezidentinin \u00f6t\u0259n il Almaniyaya s\u0259f\u0259ri \u00e7\u0259r\u00e7iv\u0259sind\u0259 i\u015fg\u00fczar dair\u0259l\u0259rl\u0259 ke\u00e7irdiyi g\u00f6r\u00fc\u015f\u00fcn n\u0259tic\u0259sidir v\u0259 bu, indiy\u0259d\u0259k h\u0259m t\u0259msil\u00e7ilik, h\u0259m d\u0259 say bax\u0131m\u0131ndan i\u015f adamlar\u0131n\u0131n \u0259n b\u00f6y\u00fck&hellip;<\/p>\n","protected":false},"author":2,"featured_media":691929,"comment_status":"closed","ping_status":"closed","sticky":false,"template":"","format":"standard","meta":{"om_disable_all_campaigns":false,"_monsterinsights_skip_tracking":false,"_monsterinsights_sitenote_active":false,"_monsterinsights_sitenote_note":"","_monsterinsights_sitenote_category":0},"categories":[4],"tags":[],"aioseo_notices":[],"gutentor_comment":0,"rttpg_featured_image_url":{"full":["https:\/\/arantv.az\/wp-content\/uploads\/2024\/02\/17081017883546964067_1200x630.jpg",620,413,false],"landscape":["https:\/\/arantv.az\/wp-content\/uploads\/2024\/02\/17081017883546964067_1200x630.jpg",620,413,false],"portraits":["https:\/\/arantv.az\/wp-content\/uploads\/2024\/02\/17081017883546964067_1200x630.jpg",620,413,false],"thumbnail":["https:\/\/arantv.az\/wp-content\/uploads\/2024\/02\/17081017883546964067_1200x630-500x280.jpg",500,280,true],"medium":["https:\/\/arantv.az\/wp-content\/uploads\/2024\/02\/17081017883546964067_1200x630-548x365.jpg",548,365,true],"large":["https:\/\/arantv.az\/wp-content\/uploads\/2024\/02\/17081017883546964067_1200x630.jpg",620,413,false],"1536x1536":["https:\/\/arantv.az\/wp-content\/uploads\/2024\/02\/17081017883546964067_1200x630.jpg",620,413,false],"2048x2048":["https:\/\/arantv.az\/wp-content\/uploads\/2024\/02\/17081017883546964067_1200x630.jpg",620,413,false],"post-thumbnail":["https:\/\/arantv.az\/wp-content\/uploads\/2024\/02\/17081017883546964067_1200x630-240x172.jpg",240,172,true],"advps-thumb-one":["https:\/\/arantv.az\/wp-content\/uploads\/2024\/02\/17081017883546964067_1200x630.jpg",620,413,false]},"rttpg_author":{"display_name":"V\u00fcsal Rafiqo\u011flu","author_link":"https:\/\/arantv.az\/?author=2"},"rttpg_comment":0,"rttpg_category":"<a href=\"https:\/\/arantv.az\/?cat=4\" rel=\"category\">Siyas\u0259t<\/a>","rttpg_excerpt":"Fevral\u0131n 16-da M\u00fcnxend\u0259 Az\u0259rbaycan Respublikas\u0131n\u0131n Prezidenti\u00a0\u0130lham \u018fliyev\u00a0il\u0259 qar\u015f\u0131 t\u0259r\u0259fin m\u00fcraci\u0259tin\u0259 \u0259sas\u0259n Almaniyan\u0131n \u015e\u0259rqi Biznes Assosiasiyas\u0131n\u0131n icra\u00e7\u0131 direktoru Mixael Harms\u0131n g\u00f6r\u00fc\u015f\u00fc olub. AZ\u018fRTAC\u00a0x\u0259b\u0259r verir ki, g\u00f6r\u00fc\u015fd\u0259 alman i\u015f adamlar\u0131n\u0131n Az\u0259rbaycanla iqtisadi \u0259laq\u0259l\u0259rini geni\u015fl\u0259ndirm\u0259kd\u0259 maraql\u0131 olduqlar\u0131 bildirildi. X\u00fcsusil\u0259 n\u0259qliyyat, logistika, s\u0259naye, b\u0259rpaolunan enerji v\u0259 dig\u0259r sah\u0259l\u0259rd\u0259 mara\u011f\u0131 olan \u015firk\u0259tl\u0259rin n\u00fcmay\u0259nd\u0259l\u0259rinin fevral ay\u0131nda Az\u0259rbaycana s\u0259f\u0259rinin h\u0259yata ke\u00e7irilm\u0259si bar\u0259d\u0259&hellip;","_links":{"self":[{"href":"https:\/\/arantv.az\/index.php?rest_route=\/wp\/v2\/posts\/691946"}],"collection":[{"href":"https:\/\/arantv.az\/index.php?rest_route=\/wp\/v2\/posts"}],"about":[{"href":"https:\/\/arantv.az\/index.php?rest_route=\/wp\/v2\/types\/post"}],"author":[{"embeddable":true,"href":"https:\/\/arantv.az\/index.php?rest_route=\/wp\/v2\/users\/2"}],"replies":[{"embeddable":true,"href":"https:\/\/arantv.az\/index.php?rest_route=%2Fwp%2Fv2%2Fcomments&post=691946"}],"version-history":[{"count":0,"href":"https:\/\/arantv.az\/index.php?rest_route=\/wp\/v2\/posts\/691946\/revisions"}],"wp:featuredmedia":[{"embeddable":true,"href":"https:\/\/arantv.az\/index.php?rest_route=\/wp\/v2\/media\/691929"}],"wp:attachment":[{"href":"https:\/\/arantv.az\/index.php?rest_route=%2Fwp%2Fv2%2Fmedia&parent=691946"}],"wp:term":[{"taxonomy":"category","embeddable":true,"href":"https:\/\/arantv.az\/index.php?rest_route=%2Fwp%2Fv2%2Fcategories&post=691946"},{"taxonomy":"post_tag","embeddable":true,"href":"https:\/\/arantv.az\/index.php?rest_route=%2Fwp%2Fv2%2Ftags&post=691946"}],"curies":[{"name":"wp","href":"https:\/\/api.w.org\/{rel}","templated":true}]}}