{"id":691948,"date":"2024-02-16T22:12:00","date_gmt":"2024-02-16T18:12:00","guid":{"rendered":"https:\/\/arantv.az\/?p=691948"},"modified":"2024-02-16T22:12:00","modified_gmt":"2024-02-16T18:12:00","slug":"az%c9%99rbaycan-prezidenti-ilham-%c9%99liyev-il%c9%99-turkiy%c9%99nin-xarici-isl%c9%99r-nazirinin-munhend%c9%99-gorusu-olub-foto","status":"publish","type":"post","link":"https:\/\/arantv.az\/?p=691948","title":{"rendered":"Az\u0259rbaycan Prezidenti \u0130lham \u018fliyev il\u0259 T\u00fcrkiy\u0259nin xarici i\u015fl\u0259r nazirinin M\u00fcnhend\u0259 g\u00f6r\u00fc\u015f\u00fc olub &#8211; FOTO"},"content":{"rendered":"<p>Fevral\u0131n 16-da M\u00fcnhend\u0259 Az\u0259rbaycan Respublikas\u0131n\u0131n Prezidenti\u00a0<strong>\u0130lham \u018fliyev<\/strong>\u00a0il\u0259 qar\u015f\u0131 t\u0259r\u0259fin m\u00fcraci\u0259tin\u0259 \u0259sas\u0259n T\u00fcrkiy\u0259 Respublikas\u0131n\u0131n xarici i\u015fl\u0259r naziri Hakan Fidan\u0131n g\u00f6r\u00fc\u015f\u00fc olub.<\/p>\n<p><a href=\"https:\/\/azertag.az\/xeber\/azerbaycan_prezidenti_ilham_eliyev_ile_turkiyenin_xarici_isler_nazirinin_munxende_gorusu_olub-2926169\" target=\"_blank\" rel=\"noopener\">AZ\u018fRTAC<\/a>\u00a0x\u0259b\u0259r verir ki, Hakan Fidan d\u00f6vl\u0259timizin ba\u015f\u00e7\u0131s\u0131n\u0131 prezident se\u00e7kisind\u0259 q\u0259l\u0259b\u0259 m\u00fcnasib\u0259til\u0259 t\u0259brik etdi.<\/p>\n<p>Prezident \u0130lham \u018fliyev t\u0259brik\u0259 g\u00f6r\u0259 minn\u0259tdarl\u0131\u011f\u0131n\u0131 bildirdi.<\/p>\n<p>S\u00f6hb\u0259t zaman\u0131 T\u00fcrkiy\u0259 il\u0259 Az\u0259rbaycan aras\u0131nda dostluq v\u0259 qarda\u015fl\u0131q m\u00fcnasib\u0259tl\u0259rinin b\u00fct\u00fcn sah\u0259l\u0259rd\u0259 inki\u015faf etdiyi bir daha vur\u011fuland\u0131, \u0259m\u0259kda\u015fl\u0131\u011f\u0131n bundan sonra da geni\u015fl\u0259n\u0259c\u0259yin\u0259 \u0259minlik bildirildi.<\/p>\n<p>G\u00f6r\u00fc\u015fd\u0259 Az\u0259rbaycan-Erm\u0259nistan m\u00fcnasib\u0259tl\u0259ri, s\u00fclh sazi\u015fi il\u0259 ba\u011fl\u0131 dan\u0131\u015f\u0131qlar v\u0259 regional t\u0259hl\u00fck\u0259sizlik m\u0259s\u0259l\u0259l\u0259ri m\u00fczakir\u0259 olundu.<\/p>\n<p>&nbsp;<\/p>\n<div class=\"gallery\">\n<div class=\"gallery-i\"><img src=\"https:\/\/cdn.oxu.az\/uploads\/W1siZiIsIjIwMjQvMDIvMTYvMjEvNDgvNTIvYjZhNThjZmQtNGM3Mi00MmE4LWJjNDctNzMxOTQ0NjJjYzdjLzE3MDgxMDUxMTE0NzkwMDI4MjU2XzEyMDB4NjMwLmpwZyJdLFsicCIsImVuY29kZSIsImpwZyIsIi1xdWFsaXR5IDgwIl0sWyJwIiwidGh1bWIiLCI1OTB4NTkwXHUwMDNlIl1d?sha=733bb7b649e345ea\" alt=\"\" \/><\/p>\n<div class=\"gallery-i-caption\"><\/div>\n<\/div>\n<div class=\"gallery-i\"><img src=\"https:\/\/cdn.oxu.az\/uploads\/W1siZiIsIjIwMjQvMDIvMTYvMjEvNDgvNTIvZjNlMTc1MzEtMDM2ZC00MmUxLTlkN2EtZDEzNmVmNTdhMzBmLzE3MDgxMDUxMTEzNjAyNjMyOTM0XzEyMDB4NjMwLmpwZyJdLFsicCIsImVuY29kZSIsImpwZyIsIi1xdWFsaXR5IDgwIl0sWyJwIiwidGh1bWIiLCI1OTB4NTkwXHUwMDNlIl1d?sha=95ec025763f8e441\" alt=\"\" \/><\/div>\n<\/div>\n","protected":false},"excerpt":{"rendered":"<p>Fevral\u0131n 16-da M\u00fcnhend\u0259 Az\u0259rbaycan Respublikas\u0131n\u0131n Prezidenti\u00a0\u0130lham \u018fliyev\u00a0il\u0259 qar\u015f\u0131 t\u0259r\u0259fin m\u00fcraci\u0259tin\u0259 \u0259sas\u0259n T\u00fcrkiy\u0259 Respublikas\u0131n\u0131n xarici i\u015fl\u0259r naziri Hakan Fidan\u0131n g\u00f6r\u00fc\u015f\u00fc olub. AZ\u018fRTAC\u00a0x\u0259b\u0259r verir ki, Hakan Fidan d\u00f6vl\u0259timizin ba\u015f\u00e7\u0131s\u0131n\u0131 prezident se\u00e7kisind\u0259 q\u0259l\u0259b\u0259 m\u00fcnasib\u0259til\u0259 t\u0259brik etdi. Prezident \u0130lham \u018fliyev t\u0259brik\u0259 g\u00f6r\u0259 minn\u0259tdarl\u0131\u011f\u0131n\u0131 bildirdi. S\u00f6hb\u0259t zaman\u0131 T\u00fcrkiy\u0259 il\u0259 Az\u0259rbaycan aras\u0131nda dostluq v\u0259 qarda\u015fl\u0131q m\u00fcnasib\u0259tl\u0259rinin b\u00fct\u00fcn sah\u0259l\u0259rd\u0259 inki\u015faf etdiyi bir daha vur\u011fuland\u0131, \u0259m\u0259kda\u015fl\u0131\u011f\u0131n bundan sonra da geni\u015fl\u0259n\u0259c\u0259yin\u0259 \u0259minlik bildirildi. G\u00f6r\u00fc\u015fd\u0259 Az\u0259rbaycan-Erm\u0259nistan m\u00fcnasib\u0259tl\u0259ri, s\u00fclh sazi\u015fi il\u0259 ba\u011fl\u0131 dan\u0131\u015f\u0131qlar v\u0259 regional t\u0259hl\u00fck\u0259sizlik m\u0259s\u0259l\u0259l\u0259ri m\u00fczakir\u0259 olundu. &nbsp;<\/p>\n","protected":false},"author":2,"featured_media":691949,"comment_status":"closed","ping_status":"closed","sticky":false,"template":"","format":"standard","meta":{"om_disable_all_campaigns":false,"_monsterinsights_skip_tracking":false,"_monsterinsights_sitenote_active":false,"_monsterinsights_sitenote_note":"","_monsterinsights_sitenote_category":0},"categories":[4],"tags":[],"aioseo_notices":[],"gutentor_comment":0,"rttpg_featured_image_url":{"full":["https:\/\/arantv.az\/wp-content\/uploads\/2024\/02\/17081051111854946028_1200x630.jpg",620,413,false],"landscape":["https:\/\/arantv.az\/wp-content\/uploads\/2024\/02\/17081051111854946028_1200x630.jpg",620,413,false],"portraits":["https:\/\/arantv.az\/wp-content\/uploads\/2024\/02\/17081051111854946028_1200x630.jpg",620,413,false],"thumbnail":["https:\/\/arantv.az\/wp-content\/uploads\/2024\/02\/17081051111854946028_1200x630-500x280.jpg",500,280,true],"medium":["https:\/\/arantv.az\/wp-content\/uploads\/2024\/02\/17081051111854946028_1200x630-548x365.jpg",548,365,true],"large":["https:\/\/arantv.az\/wp-content\/uploads\/2024\/02\/17081051111854946028_1200x630.jpg",620,413,false],"1536x1536":["https:\/\/arantv.az\/wp-content\/uploads\/2024\/02\/17081051111854946028_1200x630.jpg",620,413,false],"2048x2048":["https:\/\/arantv.az\/wp-content\/uploads\/2024\/02\/17081051111854946028_1200x630.jpg",620,413,false],"post-thumbnail":["https:\/\/arantv.az\/wp-content\/uploads\/2024\/02\/17081051111854946028_1200x630-240x172.jpg",240,172,true],"advps-thumb-one":["https:\/\/arantv.az\/wp-content\/uploads\/2024\/02\/17081051111854946028_1200x630.jpg",620,413,false]},"rttpg_author":{"display_name":"V\u00fcsal Rafiqo\u011flu","author_link":"https:\/\/arantv.az\/?author=2"},"rttpg_comment":0,"rttpg_category":"<a href=\"https:\/\/arantv.az\/?cat=4\" rel=\"category\">Siyas\u0259t<\/a>","rttpg_excerpt":"Fevral\u0131n 16-da M\u00fcnhend\u0259 Az\u0259rbaycan Respublikas\u0131n\u0131n Prezidenti\u00a0\u0130lham \u018fliyev\u00a0il\u0259 qar\u015f\u0131 t\u0259r\u0259fin m\u00fcraci\u0259tin\u0259 \u0259sas\u0259n T\u00fcrkiy\u0259 Respublikas\u0131n\u0131n xarici i\u015fl\u0259r naziri Hakan Fidan\u0131n g\u00f6r\u00fc\u015f\u00fc olub. AZ\u018fRTAC\u00a0x\u0259b\u0259r verir ki, Hakan Fidan d\u00f6vl\u0259timizin ba\u015f\u00e7\u0131s\u0131n\u0131 prezident se\u00e7kisind\u0259 q\u0259l\u0259b\u0259 m\u00fcnasib\u0259til\u0259 t\u0259brik etdi. Prezident \u0130lham \u018fliyev t\u0259brik\u0259 g\u00f6r\u0259 minn\u0259tdarl\u0131\u011f\u0131n\u0131 bildirdi. S\u00f6hb\u0259t zaman\u0131 T\u00fcrkiy\u0259 il\u0259 Az\u0259rbaycan aras\u0131nda dostluq v\u0259 qarda\u015fl\u0131q m\u00fcnasib\u0259tl\u0259rinin b\u00fct\u00fcn sah\u0259l\u0259rd\u0259 inki\u015faf etdiyi bir&hellip;","_links":{"self":[{"href":"https:\/\/arantv.az\/index.php?rest_route=\/wp\/v2\/posts\/691948"}],"collection":[{"href":"https:\/\/arantv.az\/index.php?rest_route=\/wp\/v2\/posts"}],"about":[{"href":"https:\/\/arantv.az\/index.php?rest_route=\/wp\/v2\/types\/post"}],"author":[{"embeddable":true,"href":"https:\/\/arantv.az\/index.php?rest_route=\/wp\/v2\/users\/2"}],"replies":[{"embeddable":true,"href":"https:\/\/arantv.az\/index.php?rest_route=%2Fwp%2Fv2%2Fcomments&post=691948"}],"version-history":[{"count":0,"href":"https:\/\/arantv.az\/index.php?rest_route=\/wp\/v2\/posts\/691948\/revisions"}],"wp:featuredmedia":[{"embeddable":true,"href":"https:\/\/arantv.az\/index.php?rest_route=\/wp\/v2\/media\/691949"}],"wp:attachment":[{"href":"https:\/\/arantv.az\/index.php?rest_route=%2Fwp%2Fv2%2Fmedia&parent=691948"}],"wp:term":[{"taxonomy":"category","embeddable":true,"href":"https:\/\/arantv.az\/index.php?rest_route=%2Fwp%2Fv2%2Fcategories&post=691948"},{"taxonomy":"post_tag","embeddable":true,"href":"https:\/\/arantv.az\/index.php?rest_route=%2Fwp%2Fv2%2Ftags&post=691948"}],"curies":[{"name":"wp","href":"https:\/\/api.w.org\/{rel}","templated":true}]}}