{"id":691953,"date":"2024-02-17T11:42:43","date_gmt":"2024-02-17T07:42:43","guid":{"rendered":"https:\/\/arantv.az\/?p=691953"},"modified":"2024-02-17T11:42:43","modified_gmt":"2024-02-17T07:42:43","slug":"az%c9%99rbaycan-xin-erm%c9%99nistani-konstitusiyasinda-d%c9%99yisiklik-etm%c9%99y%c9%99-cagirib-foto","status":"publish","type":"post","link":"https:\/\/arantv.az\/?p=691953","title":{"rendered":"Az\u0259rbaycan X\u0130N Erm\u0259nistan\u0131 konstitusiyas\u0131nda d\u0259yi\u015fiklik etm\u0259y\u0259 \u00e7a\u011f\u0131r\u0131b &#8211; FOTO"},"content":{"rendered":"<p>Az\u0259rbaycan\u0131n xarici i\u015fl\u0259r naziri Ceyhun Bayramov M\u00fcnhen T\u0259hl\u00fck\u0259sizlik Konfrans\u0131 \u00e7\u0259r\u00e7iv\u0259sind\u0259 qar\u015f\u0131 t\u0259r\u0259fin m\u00fcraci\u0259ti \u0259sas\u0131nda AB\u015e d\u00f6vl\u0259t katibinin Avropa v\u0259 Avrasiya m\u0259s\u0259l\u0259l\u0259ri \u00fczr\u0259 k\u00f6m\u0259k\u00e7isi Ceyms O\u2019Brayen il\u0259 g\u00f6r\u00fc\u015f\u00fcb.<\/p>\n<p>Bu bar\u0259d\u0259 Az\u0259rbaycan Xarici \u0130\u015fl\u0259r Nazirliyi m\u0259lumat yay\u0131b.<\/p>\n<p>Qeyd olunur ki, g\u00f6r\u00fc\u015f zaman\u0131 iki \u00f6lk\u0259 aras\u0131nda ikit\u0259r\u0259fli v\u0259 \u00e7oxt\u0259r\u0259fli g\u00fcnd\u0259likd\u0259 duran m\u0259s\u0259l\u0259l\u0259r, habel\u0259 Az\u0259rbaycan v\u0259 Erm\u0259nistan aras\u0131nda ikit\u0259r\u0259fli \u0259sasda normalla\u015fma prosesinin perspektivl\u0259ri m\u00fczakir\u0259 olunub.<\/p>\n<p>Ceyhun Bayramov be\u015f ay sabitlik h\u00f6km s\u00fcr\u0259nd\u0259n sonra he\u00e7 bir t\u0259hrikedici amil olmadan snayper at\u0259\u015fi n\u0259tic\u0259sind\u0259 Az\u0259rbaycan h\u0259rbi qulluq\u00e7usunun yaralanmas\u0131 il\u0259 n\u0259tic\u0259l\u0259n\u0259n Erm\u0259nistan t\u0259xribat\u0131n\u0131n s\u00fclh prosesin\u0259 z\u0259rb\u0259 vurmaq m\u0259qs\u0259di da\u015f\u0131d\u0131\u011f\u0131n\u0131 diqq\u0259t\u0259 \u00e7atd\u0131r\u0131b.<\/p>\n<p>Bununla yana\u015f\u0131, Avropa \u0130ttifaq\u0131n\u0131n Erm\u0259nistandak\u0131 missiyas\u0131n\u0131n regional sabitlik, habel\u0259 Az\u0259rbaycanla Erm\u0259nistan aras\u0131nda etimad quruculu\u011funa t\u00f6hf\u0259 verm\u0259k kimi b\u0259yan edilmi\u015f m\u0259qs\u0259dl\u0259rin\u0259 zidd olaraq, Az\u0259rbaycan \u0259leyhin\u0259 t\u0259bli\u011fat vasit\u0259si kimi geni\u015f \u015f\u0259kild\u0259 sui-istifad\u0259 olunmas\u0131n\u0131n, onlar\u0131n apard\u0131\u011f\u0131 \u201cbinokl diplomatiyas\u0131\u201dn\u0131n q\u0259buledilm\u0259zliyi diqq\u0259t\u0259 \u00e7atd\u0131r\u0131l\u0131b.<\/p>\n<p>S\u00fclh sazi\u015fi layih\u0259sin\u0259 g\u0259ldikd\u0259 Erm\u0259nistan\u0131n Konstitusiyas\u0131nda, qanunvericilik aktlar\u0131nda, beyn\u0259lxalq t\u0259\u015fkilat v\u0259 m\u0259hk\u0259m\u0259l\u0259rd\u0259 \u00f6lk\u0259mizin \u0259razi b\u00fct\u00f6vl\u00fcy\u00fc v\u0259 suverenliyin\u0259 qar\u015f\u0131 davam ed\u0259n iddialar bir daha xat\u0131rlan\u0131b v\u0259 bu iddialardan \u0259l \u00e7\u0259km\u0259yin vacibliyi vur\u011fulan\u0131b.<\/p>\n<p>G\u00f6r\u00fc\u015fd\u0259, habel\u0259 qar\u015f\u0131l\u0131ql\u0131 maraq do\u011furan dig\u0259r ikit\u0259r\u0259fli v\u0259 regional m\u0259s\u0259l\u0259l\u0259r \u0259traf\u0131nda fikir m\u00fcbadil\u0259si apar\u0131l\u0131b.<\/p>\n<div>\n<div class=\"twitter-tweet twitter-tweet-rendered\"><iframe id=\"twitter-widget-0\" class=\"\" title=\"X Post\" src=\"https:\/\/platform.twitter.com\/embed\/Tweet.html?creatorScreenName=oxuaz&amp;dnt=false&amp;embedId=twitter-widget-0&amp;features=eyJ0ZndfdGltZWxpbmVfbGlzdCI6eyJidWNrZXQiOltdLCJ2ZXJzaW9uIjpudWxsfSwidGZ3X2ZvbGxvd2VyX2NvdW50X3N1bnNldCI6eyJidWNrZXQiOnRydWUsInZlcnNpb24iOm51bGx9LCJ0ZndfdHdlZXRfZWRpdF9iYWNrZW5kIjp7ImJ1Y2tldCI6Im9uIiwidmVyc2lvbiI6bnVsbH0sInRmd19yZWZzcmNfc2Vzc2lvbiI6eyJidWNrZXQiOiJvbiIsInZlcnNpb24iOm51bGx9LCJ0ZndfZm9zbnJfc29mdF9pbnRlcnZlbnRpb25zX2VuYWJsZWQiOnsiYnVja2V0Ijoib24iLCJ2ZXJzaW9uIjpudWxsfSwidGZ3X21peGVkX21lZGlhXzE1ODk3Ijp7ImJ1Y2tldCI6InRyZWF0bWVudCIsInZlcnNpb24iOm51bGx9LCJ0ZndfZXhwZXJpbWVudHNfY29va2llX2V4cGlyYXRpb24iOnsiYnVja2V0IjoxMjA5NjAwLCJ2ZXJzaW9uIjpudWxsfSwidGZ3X3Nob3dfYmlyZHdhdGNoX3Bpdm90c19lbmFibGVkIjp7ImJ1Y2tldCI6Im9uIiwidmVyc2lvbiI6bnVsbH0sInRmd19kdXBsaWNhdGVfc2NyaWJlc190b19zZXR0aW5ncyI6eyJidWNrZXQiOiJvbiIsInZlcnNpb24iOm51bGx9LCJ0ZndfdXNlX3Byb2ZpbGVfaW1hZ2Vfc2hhcGVfZW5hYmxlZCI6eyJidWNrZXQiOiJvbiIsInZlcnNpb24iOm51bGx9LCJ0ZndfdmlkZW9faGxzX2R5bmFtaWNfbWFuaWZlc3RzXzE1MDgyIjp7ImJ1Y2tldCI6InRydWVfYml0cmF0ZSIsInZlcnNpb24iOm51bGx9LCJ0ZndfbGVnYWN5X3RpbWVsaW5lX3N1bnNldCI6eyJidWNrZXQiOnRydWUsInZlcnNpb24iOm51bGx9LCJ0ZndfdHdlZXRfZWRpdF9mcm9udGVuZCI6eyJidWNrZXQiOiJvbiIsInZlcnNpb24iOm51bGx9fQ%3D%3D&amp;frame=false&amp;hideCard=false&amp;hideThread=false&amp;id=1758754149104058668&amp;lang=en&amp;origin=https%3A%2F%2Foxu.az%2Fpolitics%2F839349&amp;sessionId=168091999a99c7f1dc824be9f2aade7ead19cfa6&amp;siteScreenName=oxuaz&amp;theme=light&amp;widgetsVersion=2615f7e52b7e0%3A1702314776716&amp;width=550px\" frameborder=\"0\" scrolling=\"no\" allowfullscreen=\"allowfullscreen\" data-tweet-id=\"1758754149104058668\" data-mce-fragment=\"1\"><\/iframe><\/div>\n<\/div>\n<p>&nbsp;<\/p>\n","protected":false},"excerpt":{"rendered":"<p>Az\u0259rbaycan\u0131n xarici i\u015fl\u0259r naziri Ceyhun Bayramov M\u00fcnhen T\u0259hl\u00fck\u0259sizlik Konfrans\u0131 \u00e7\u0259r\u00e7iv\u0259sind\u0259 qar\u015f\u0131 t\u0259r\u0259fin m\u00fcraci\u0259ti \u0259sas\u0131nda AB\u015e d\u00f6vl\u0259t katibinin Avropa v\u0259 Avrasiya m\u0259s\u0259l\u0259l\u0259ri \u00fczr\u0259 k\u00f6m\u0259k\u00e7isi Ceyms O\u2019Brayen il\u0259 g\u00f6r\u00fc\u015f\u00fcb. Bu bar\u0259d\u0259 Az\u0259rbaycan Xarici \u0130\u015fl\u0259r Nazirliyi m\u0259lumat yay\u0131b. Qeyd olunur ki, g\u00f6r\u00fc\u015f zaman\u0131 iki \u00f6lk\u0259 aras\u0131nda ikit\u0259r\u0259fli v\u0259 \u00e7oxt\u0259r\u0259fli g\u00fcnd\u0259likd\u0259 duran m\u0259s\u0259l\u0259l\u0259r, habel\u0259 Az\u0259rbaycan v\u0259 Erm\u0259nistan aras\u0131nda ikit\u0259r\u0259fli \u0259sasda normalla\u015fma prosesinin perspektivl\u0259ri m\u00fczakir\u0259 olunub. Ceyhun Bayramov be\u015f ay sabitlik h\u00f6km s\u00fcr\u0259nd\u0259n sonra he\u00e7 bir t\u0259hrikedici amil olmadan snayper at\u0259\u015fi n\u0259tic\u0259sind\u0259 Az\u0259rbaycan h\u0259rbi qulluq\u00e7usunun yaralanmas\u0131 il\u0259 n\u0259tic\u0259l\u0259n\u0259n Erm\u0259nistan t\u0259xribat\u0131n\u0131n s\u00fclh prosesin\u0259 z\u0259rb\u0259 vurmaq m\u0259qs\u0259di&hellip;<\/p>\n","protected":false},"author":2,"featured_media":691954,"comment_status":"closed","ping_status":"closed","sticky":false,"template":"","format":"standard","meta":{"om_disable_all_campaigns":false,"_monsterinsights_skip_tracking":false,"_monsterinsights_sitenote_active":false,"_monsterinsights_sitenote_note":"","_monsterinsights_sitenote_category":0},"categories":[4],"tags":[],"aioseo_notices":[],"gutentor_comment":0,"rttpg_featured_image_url":{"full":["https:\/\/arantv.az\/wp-content\/uploads\/2024\/02\/916993bd-d98e-3ff8-bc60-dccea91d2283_850.jpg",620,413,false],"landscape":["https:\/\/arantv.az\/wp-content\/uploads\/2024\/02\/916993bd-d98e-3ff8-bc60-dccea91d2283_850.jpg",620,413,false],"portraits":["https:\/\/arantv.az\/wp-content\/uploads\/2024\/02\/916993bd-d98e-3ff8-bc60-dccea91d2283_850.jpg",620,413,false],"thumbnail":["https:\/\/arantv.az\/wp-content\/uploads\/2024\/02\/916993bd-d98e-3ff8-bc60-dccea91d2283_850-500x280.jpg",500,280,true],"medium":["https:\/\/arantv.az\/wp-content\/uploads\/2024\/02\/916993bd-d98e-3ff8-bc60-dccea91d2283_850-548x365.jpg",548,365,true],"large":["https:\/\/arantv.az\/wp-content\/uploads\/2024\/02\/916993bd-d98e-3ff8-bc60-dccea91d2283_850.jpg",620,413,false],"1536x1536":["https:\/\/arantv.az\/wp-content\/uploads\/2024\/02\/916993bd-d98e-3ff8-bc60-dccea91d2283_850.jpg",620,413,false],"2048x2048":["https:\/\/arantv.az\/wp-content\/uploads\/2024\/02\/916993bd-d98e-3ff8-bc60-dccea91d2283_850.jpg",620,413,false],"post-thumbnail":["https:\/\/arantv.az\/wp-content\/uploads\/2024\/02\/916993bd-d98e-3ff8-bc60-dccea91d2283_850-240x172.jpg",240,172,true],"advps-thumb-one":["https:\/\/arantv.az\/wp-content\/uploads\/2024\/02\/916993bd-d98e-3ff8-bc60-dccea91d2283_850.jpg",620,413,false]},"rttpg_author":{"display_name":"V\u00fcsal Rafiqo\u011flu","author_link":"https:\/\/arantv.az\/?author=2"},"rttpg_comment":0,"rttpg_category":"<a href=\"https:\/\/arantv.az\/?cat=4\" rel=\"category\">Siyas\u0259t<\/a>","rttpg_excerpt":"Az\u0259rbaycan\u0131n xarici i\u015fl\u0259r naziri Ceyhun Bayramov M\u00fcnhen T\u0259hl\u00fck\u0259sizlik Konfrans\u0131 \u00e7\u0259r\u00e7iv\u0259sind\u0259 qar\u015f\u0131 t\u0259r\u0259fin m\u00fcraci\u0259ti \u0259sas\u0131nda AB\u015e d\u00f6vl\u0259t katibinin Avropa v\u0259 Avrasiya m\u0259s\u0259l\u0259l\u0259ri \u00fczr\u0259 k\u00f6m\u0259k\u00e7isi Ceyms O\u2019Brayen il\u0259 g\u00f6r\u00fc\u015f\u00fcb. Bu bar\u0259d\u0259 Az\u0259rbaycan Xarici \u0130\u015fl\u0259r Nazirliyi m\u0259lumat yay\u0131b. Qeyd olunur ki, g\u00f6r\u00fc\u015f zaman\u0131 iki \u00f6lk\u0259 aras\u0131nda ikit\u0259r\u0259fli v\u0259 \u00e7oxt\u0259r\u0259fli g\u00fcnd\u0259likd\u0259 duran m\u0259s\u0259l\u0259l\u0259r, habel\u0259 Az\u0259rbaycan v\u0259 Erm\u0259nistan aras\u0131nda ikit\u0259r\u0259fli&hellip;","_links":{"self":[{"href":"https:\/\/arantv.az\/index.php?rest_route=\/wp\/v2\/posts\/691953"}],"collection":[{"href":"https:\/\/arantv.az\/index.php?rest_route=\/wp\/v2\/posts"}],"about":[{"href":"https:\/\/arantv.az\/index.php?rest_route=\/wp\/v2\/types\/post"}],"author":[{"embeddable":true,"href":"https:\/\/arantv.az\/index.php?rest_route=\/wp\/v2\/users\/2"}],"replies":[{"embeddable":true,"href":"https:\/\/arantv.az\/index.php?rest_route=%2Fwp%2Fv2%2Fcomments&post=691953"}],"version-history":[{"count":0,"href":"https:\/\/arantv.az\/index.php?rest_route=\/wp\/v2\/posts\/691953\/revisions"}],"wp:featuredmedia":[{"embeddable":true,"href":"https:\/\/arantv.az\/index.php?rest_route=\/wp\/v2\/media\/691954"}],"wp:attachment":[{"href":"https:\/\/arantv.az\/index.php?rest_route=%2Fwp%2Fv2%2Fmedia&parent=691953"}],"wp:term":[{"taxonomy":"category","embeddable":true,"href":"https:\/\/arantv.az\/index.php?rest_route=%2Fwp%2Fv2%2Fcategories&post=691953"},{"taxonomy":"post_tag","embeddable":true,"href":"https:\/\/arantv.az\/index.php?rest_route=%2Fwp%2Fv2%2Ftags&post=691953"}],"curies":[{"name":"wp","href":"https:\/\/api.w.org\/{rel}","templated":true}]}}