{"id":691956,"date":"2024-02-17T11:43:51","date_gmt":"2024-02-17T07:43:51","guid":{"rendered":"https:\/\/arantv.az\/?p=691956"},"modified":"2024-02-17T11:43:51","modified_gmt":"2024-02-17T07:43:51","slug":"boyuk-britaniyanin-enerji-t%c9%99hluk%c9%99sizliyi-naziri-az%c9%99rbaycana-s%c9%99f%c9%99r-ed%c9%99c%c9%99k","status":"publish","type":"post","link":"https:\/\/arantv.az\/?p=691956","title":{"rendered":"B\u00f6y\u00fck Britaniyan\u0131n enerji t\u0259hl\u00fck\u0259sizliyi naziri Az\u0259rbaycana s\u0259f\u0259r ed\u0259c\u0259k"},"content":{"rendered":"<p>B\u00f6y\u00fck Britaniyan\u0131n enerji t\u0259hl\u00fck\u0259sizliyi v\u0259 emissiyalar\u0131n s\u0131f\u0131r s\u0259viyy\u0259sin\u0259 nail olunmas\u0131 strategiyas\u0131 m\u0259s\u0259l\u0259l\u0259ri \u00fczr\u0259 naziri Qrem St\u00fcart g\u0259l\u0259n h\u0259ft\u0259 Az\u0259rbaycana s\u0259f\u0259r ed\u0259c\u0259k.<\/p>\n<p>\u201cReport\u201d x\u0259b\u0259r verir ki, s\u0259f\u0259r \u00e7\u0259r\u00e7iv\u0259sind\u0259 o, Bak\u0131da bir s\u0131ra ikit\u0259r\u0259fli g\u00f6r\u00fc\u015fl\u0259r ke\u00e7ir\u0259c\u0259k.<\/p>\n<p>Q.St\u00fcart fevral\u0131n 22-d\u0259 ADA Universitetind\u0259 m\u00fchazir\u0259 dey\u0259c\u0259k, bu ilin noyabr\u0131nda Az\u0259rbaycanda ke\u00e7iril\u0259c\u0259k BMT-nin \u0130qlim D\u0259yi\u015fikliyi \u00fczr\u0259 \u00c7\u0259r\u00e7iv\u0259 Konvensiyas\u0131n\u0131n T\u0259r\u0259fl\u0259ri Konfrans\u0131n\u0131n 29-cu sessiyas\u0131 (COP29) il\u0259 \u0259laq\u0259dar B\u00f6y\u00fck Britaniyan\u0131n COP26-ya dair t\u0259cr\u00fcb\u0259sind\u0259n dan\u0131\u015facaq.<\/p>\n<p>Xat\u0131rladaq ki, COP26 2021-ci ild\u0259 \u015eotlandiyan\u0131n Qlazqo \u015f\u0259h\u0259rind\u0259 ke\u00e7irilib.<\/p>\n<p>Az\u0259rbaycanda COP29-un ke\u00e7irilm\u0259si il\u0259 ba\u011fl\u0131 q\u0259rar \u00f6t\u0259n il dekabr\u0131n 11-d\u0259 B\u018f\u018f-nin Dubay \u015f\u0259h\u0259rind\u0259 ke\u00e7irilmi\u015f COP28-in plenar iclas\u0131nda q\u0259bul edilib. \u0130ki h\u0259ft\u0259 \u0259rzind\u0259 paytaxt Bak\u0131 70-80 min\u0259 yax\u0131n xarici qonaq q\u0259bul ed\u0259c\u0259k.<\/p>\n","protected":false},"excerpt":{"rendered":"<p>B\u00f6y\u00fck Britaniyan\u0131n enerji t\u0259hl\u00fck\u0259sizliyi v\u0259 emissiyalar\u0131n s\u0131f\u0131r s\u0259viyy\u0259sin\u0259 nail olunmas\u0131 strategiyas\u0131 m\u0259s\u0259l\u0259l\u0259ri \u00fczr\u0259 naziri Qrem St\u00fcart g\u0259l\u0259n h\u0259ft\u0259 Az\u0259rbaycana s\u0259f\u0259r ed\u0259c\u0259k. \u201cReport\u201d x\u0259b\u0259r verir ki, s\u0259f\u0259r \u00e7\u0259r\u00e7iv\u0259sind\u0259 o, Bak\u0131da bir s\u0131ra ikit\u0259r\u0259fli g\u00f6r\u00fc\u015fl\u0259r ke\u00e7ir\u0259c\u0259k. Q.St\u00fcart fevral\u0131n 22-d\u0259 ADA Universitetind\u0259 m\u00fchazir\u0259 dey\u0259c\u0259k, bu ilin noyabr\u0131nda Az\u0259rbaycanda ke\u00e7iril\u0259c\u0259k BMT-nin \u0130qlim D\u0259yi\u015fikliyi \u00fczr\u0259 \u00c7\u0259r\u00e7iv\u0259 Konvensiyas\u0131n\u0131n T\u0259r\u0259fl\u0259ri Konfrans\u0131n\u0131n 29-cu sessiyas\u0131 (COP29) il\u0259 \u0259laq\u0259dar B\u00f6y\u00fck Britaniyan\u0131n COP26-ya dair t\u0259cr\u00fcb\u0259sind\u0259n dan\u0131\u015facaq. Xat\u0131rladaq ki, COP26 2021-ci ild\u0259 \u015eotlandiyan\u0131n Qlazqo \u015f\u0259h\u0259rind\u0259 ke\u00e7irilib. Az\u0259rbaycanda COP29-un ke\u00e7irilm\u0259si il\u0259 ba\u011fl\u0131 q\u0259rar \u00f6t\u0259n il dekabr\u0131n 11-d\u0259 B\u018f\u018f-nin Dubay \u015f\u0259h\u0259rind\u0259 ke\u00e7irilmi\u015f COP28-in plenar&hellip;<\/p>\n","protected":false},"author":2,"featured_media":691957,"comment_status":"closed","ping_status":"closed","sticky":false,"template":"","format":"standard","meta":{"om_disable_all_campaigns":false,"_monsterinsights_skip_tracking":false,"_monsterinsights_sitenote_active":false,"_monsterinsights_sitenote_note":"","_monsterinsights_sitenote_category":0},"categories":[4],"tags":[],"aioseo_notices":[],"gutentor_comment":0,"rttpg_featured_image_url":{"full":["https:\/\/arantv.az\/wp-content\/uploads\/2024\/02\/0780b579-3093-3694-8410-37c403dbf847_850.jpg",620,413,false],"landscape":["https:\/\/arantv.az\/wp-content\/uploads\/2024\/02\/0780b579-3093-3694-8410-37c403dbf847_850.jpg",620,413,false],"portraits":["https:\/\/arantv.az\/wp-content\/uploads\/2024\/02\/0780b579-3093-3694-8410-37c403dbf847_850.jpg",620,413,false],"thumbnail":["https:\/\/arantv.az\/wp-content\/uploads\/2024\/02\/0780b579-3093-3694-8410-37c403dbf847_850-500x280.jpg",500,280,true],"medium":["https:\/\/arantv.az\/wp-content\/uploads\/2024\/02\/0780b579-3093-3694-8410-37c403dbf847_850-548x365.jpg",548,365,true],"large":["https:\/\/arantv.az\/wp-content\/uploads\/2024\/02\/0780b579-3093-3694-8410-37c403dbf847_850.jpg",620,413,false],"1536x1536":["https:\/\/arantv.az\/wp-content\/uploads\/2024\/02\/0780b579-3093-3694-8410-37c403dbf847_850.jpg",620,413,false],"2048x2048":["https:\/\/arantv.az\/wp-content\/uploads\/2024\/02\/0780b579-3093-3694-8410-37c403dbf847_850.jpg",620,413,false],"post-thumbnail":["https:\/\/arantv.az\/wp-content\/uploads\/2024\/02\/0780b579-3093-3694-8410-37c403dbf847_850-240x172.jpg",240,172,true],"advps-thumb-one":["https:\/\/arantv.az\/wp-content\/uploads\/2024\/02\/0780b579-3093-3694-8410-37c403dbf847_850.jpg",620,413,false]},"rttpg_author":{"display_name":"V\u00fcsal Rafiqo\u011flu","author_link":"https:\/\/arantv.az\/?author=2"},"rttpg_comment":0,"rttpg_category":"<a href=\"https:\/\/arantv.az\/?cat=4\" rel=\"category\">Siyas\u0259t<\/a>","rttpg_excerpt":"B\u00f6y\u00fck Britaniyan\u0131n enerji t\u0259hl\u00fck\u0259sizliyi v\u0259 emissiyalar\u0131n s\u0131f\u0131r s\u0259viyy\u0259sin\u0259 nail olunmas\u0131 strategiyas\u0131 m\u0259s\u0259l\u0259l\u0259ri \u00fczr\u0259 naziri Qrem St\u00fcart g\u0259l\u0259n h\u0259ft\u0259 Az\u0259rbaycana s\u0259f\u0259r ed\u0259c\u0259k. \u201cReport\u201d x\u0259b\u0259r verir ki, s\u0259f\u0259r \u00e7\u0259r\u00e7iv\u0259sind\u0259 o, Bak\u0131da bir s\u0131ra ikit\u0259r\u0259fli g\u00f6r\u00fc\u015fl\u0259r ke\u00e7ir\u0259c\u0259k. Q.St\u00fcart fevral\u0131n 22-d\u0259 ADA Universitetind\u0259 m\u00fchazir\u0259 dey\u0259c\u0259k, bu ilin noyabr\u0131nda Az\u0259rbaycanda ke\u00e7iril\u0259c\u0259k BMT-nin \u0130qlim D\u0259yi\u015fikliyi \u00fczr\u0259 \u00c7\u0259r\u00e7iv\u0259 Konvensiyas\u0131n\u0131n T\u0259r\u0259fl\u0259ri Konfrans\u0131n\u0131n 29-cu&hellip;","_links":{"self":[{"href":"https:\/\/arantv.az\/index.php?rest_route=\/wp\/v2\/posts\/691956"}],"collection":[{"href":"https:\/\/arantv.az\/index.php?rest_route=\/wp\/v2\/posts"}],"about":[{"href":"https:\/\/arantv.az\/index.php?rest_route=\/wp\/v2\/types\/post"}],"author":[{"embeddable":true,"href":"https:\/\/arantv.az\/index.php?rest_route=\/wp\/v2\/users\/2"}],"replies":[{"embeddable":true,"href":"https:\/\/arantv.az\/index.php?rest_route=%2Fwp%2Fv2%2Fcomments&post=691956"}],"version-history":[{"count":0,"href":"https:\/\/arantv.az\/index.php?rest_route=\/wp\/v2\/posts\/691956\/revisions"}],"wp:featuredmedia":[{"embeddable":true,"href":"https:\/\/arantv.az\/index.php?rest_route=\/wp\/v2\/media\/691957"}],"wp:attachment":[{"href":"https:\/\/arantv.az\/index.php?rest_route=%2Fwp%2Fv2%2Fmedia&parent=691956"}],"wp:term":[{"taxonomy":"category","embeddable":true,"href":"https:\/\/arantv.az\/index.php?rest_route=%2Fwp%2Fv2%2Fcategories&post=691956"},{"taxonomy":"post_tag","embeddable":true,"href":"https:\/\/arantv.az\/index.php?rest_route=%2Fwp%2Fv2%2Ftags&post=691956"}],"curies":[{"name":"wp","href":"https:\/\/api.w.org\/{rel}","templated":true}]}}