{"id":692106,"date":"2024-02-17T13:36:04","date_gmt":"2024-02-17T09:36:04","guid":{"rendered":"https:\/\/arantv.az\/?p=692106"},"modified":"2024-02-17T13:36:04","modified_gmt":"2024-02-17T09:36:04","slug":"gurcustan-v%c9%99-ozb%c9%99kistanin-bas-nazirl%c9%99ri-%c9%99li-%c9%99s%c9%99dovu-t%c9%99brik-edibl%c9%99r-yenil%c9%99nir","status":"publish","type":"post","link":"https:\/\/arantv.az\/?p=692106","title":{"rendered":"G\u00fcrc\u00fcstan v\u0259 \u00d6zb\u0259kistan\u0131n ba\u015f nazirl\u0259ri \u018fli \u018fs\u0259dovu t\u0259brik edibl\u0259r &#8211; YEN\u0130L\u018fN\u0130R"},"content":{"rendered":"<p>\u00d6zb\u0259kistan Respublikas\u0131n\u0131n Ba\u015f naziri Abdulla Aripov Az\u0259rbaycan Respublikas\u0131n\u0131n Ba\u015f naziri \u018fli \u018fs\u0259dova t\u0259brik m\u0259ktubu \u00fcnvanlay\u0131b.<\/p>\n<p><b>ARANTV.AZ <\/b>x\u0259b\u0259r verir ki, bu bar\u0259d\u0259 Nazirl\u0259r Kabineti m\u0259lumat yay\u0131b.<\/p>\n<p>Bildirilib ki, A.Aripov h\u0259mkar\u0131n\u0131 Az\u0259rbaycan Respublikas\u0131n\u0131n ba\u015f naziri v\u0259zif\u0259sin\u0259 t\u0259yin olunmas\u0131 m\u00fcnasib\u0259til\u0259 t\u0259brik edib, ona g\u0259l\u0259c\u0259k f\u0259aliyy\u0259tind\u0259 u\u011furlar arzulay\u0131b.<\/p>\n<p>M\u0259ktubda Az\u0259rbaycan-\u00d6zb\u0259kistan dostluq, qarda\u015fl\u0131q v\u0259 strateji t\u0259r\u0259fda\u015fl\u0131q m\u00fcnasib\u0259tl\u0259rinin daha da inki\u015faf etdirilm\u0259si m\u0259qs\u0259dil\u0259 d\u00f6vl\u0259t ba\u015f\u00e7\u0131lar\u0131 t\u0259r\u0259find\u0259n iki \u00f6lk\u0259nin h\u00f6kum\u0259tl\u0259rinin qar\u015f\u0131s\u0131nda qoyulmu\u015f m\u00fch\u00fcm v\u0259zif\u0259l\u0259rin h\u0259yata ke\u00e7irilm\u0259sind\u0259 s\u0131x \u0259m\u0259kda\u015fl\u0131\u011fa \u00fcmid ifad\u0259 olunur.<\/p>\n<p>A.Aripov, h\u0259m\u00e7inin, n\u0259qliyyat-logistika, energetika, s\u0259naye, k\u0259nd t\u0259s\u0259rr\u00fcfat\u0131, m\u0259d\u0259ni-humanitar v\u0259 dig\u0259r sah\u0259l\u0259rd\u0259 \u0259ld\u0259 olunmu\u015f raz\u0131la\u015fmalar\u0131n ard\u0131c\u0131l sur\u0259td\u0259 h\u0259yata ke\u00e7iril\u0259c\u0259yin\u0259 \u0259minliyini ifad\u0259 edib.<\/p>\n<p><strong>12:12<\/strong><\/p>\n<p>G\u00fcrc\u00fcstan\u0131n Ba\u015f naziri \u0130rakli Kobaxidze Ba\u015f nazir \u018fli \u018fs\u0259dova t\u0259brik m\u0259ktubu \u00fcnvanlay\u0131b.<\/p>\n<p><strong>ARANTV.AZ <\/strong>\u00a0x\u0259b\u0259r verir ki, bu bar\u0259d\u0259 Nazirl\u0259r Kabineti m\u0259lumat yay\u0131b.<\/p>\n<p>Bildirilib ki, m\u0259ktubda \u0130.Kobaxidze \u018f.\u018fs\u0259dovu Az\u0259rbaycan\u0131n ba\u015f naziri t\u0259yin olunmas\u0131 m\u00fcnasib\u0259til\u0259 t\u0259brik edib, f\u0259aliyy\u0259tind\u0259 u\u011furlar arzulay\u0131b.<\/p>\n<p>Az\u0259rbaycan-G\u00fcrc\u00fcstan \u0259m\u0259kda\u015fl\u0131\u011f\u0131 v\u0259 qar\u015f\u0131l\u0131ql\u0131 d\u0259st\u0259yi iki \u00f6lk\u0259nin strateji t\u0259r\u0259fda\u015fl\u0131\u011f\u0131n\u0131n v\u0259 s\u0131x mehriban qon\u015fuluq \u0259laq\u0259l\u0259rinin bariz ifad\u0259si kimi qiym\u0259tl\u0259ndirilib, m\u00fcnasib\u0259tl\u0259rin g\u0259l\u0259c\u0259kd\u0259 daha da intensiv v\u0259 \u0259hat\u0259li olaca\u011f\u0131na \u0259minlik ifad\u0259 olunub.<\/p>\n<p>G\u00fcrc\u00fcstan\u0131n ba\u015f naziri iki \u00f6lk\u0259 aras\u0131nda qar\u015f\u0131l\u0131ql\u0131 faydal\u0131 \u0259m\u0259kda\u015fl\u0131\u011f\u0131n daha da m\u00f6hk\u0259ml\u0259ndirilm\u0259si istiqam\u0259tind\u0259 birg\u0259 s\u0259y g\u00f6st\u0259rm\u0259y\u0259 haz\u0131r oldu\u011funu bildirib.<\/p>\n","protected":false},"excerpt":{"rendered":"<p>\u00d6zb\u0259kistan Respublikas\u0131n\u0131n Ba\u015f naziri Abdulla Aripov Az\u0259rbaycan Respublikas\u0131n\u0131n Ba\u015f naziri \u018fli \u018fs\u0259dova t\u0259brik m\u0259ktubu \u00fcnvanlay\u0131b. ARANTV.AZ x\u0259b\u0259r verir ki, bu bar\u0259d\u0259 Nazirl\u0259r Kabineti m\u0259lumat yay\u0131b. Bildirilib ki, A.Aripov h\u0259mkar\u0131n\u0131 Az\u0259rbaycan Respublikas\u0131n\u0131n ba\u015f naziri v\u0259zif\u0259sin\u0259 t\u0259yin olunmas\u0131 m\u00fcnasib\u0259til\u0259 t\u0259brik edib, ona g\u0259l\u0259c\u0259k f\u0259aliyy\u0259tind\u0259 u\u011furlar arzulay\u0131b. M\u0259ktubda Az\u0259rbaycan-\u00d6zb\u0259kistan dostluq, qarda\u015fl\u0131q v\u0259 strateji t\u0259r\u0259fda\u015fl\u0131q m\u00fcnasib\u0259tl\u0259rinin daha da inki\u015faf etdirilm\u0259si m\u0259qs\u0259dil\u0259 d\u00f6vl\u0259t ba\u015f\u00e7\u0131lar\u0131 t\u0259r\u0259find\u0259n iki \u00f6lk\u0259nin h\u00f6kum\u0259tl\u0259rinin qar\u015f\u0131s\u0131nda qoyulmu\u015f m\u00fch\u00fcm v\u0259zif\u0259l\u0259rin h\u0259yata ke\u00e7irilm\u0259sind\u0259 s\u0131x \u0259m\u0259kda\u015fl\u0131\u011fa \u00fcmid ifad\u0259 olunur. A.Aripov, h\u0259m\u00e7inin, n\u0259qliyyat-logistika, energetika, s\u0259naye, k\u0259nd t\u0259s\u0259rr\u00fcfat\u0131, m\u0259d\u0259ni-humanitar v\u0259 dig\u0259r sah\u0259l\u0259rd\u0259 \u0259ld\u0259 olunmu\u015f raz\u0131la\u015fmalar\u0131n ard\u0131c\u0131l sur\u0259td\u0259&hellip;<\/p>\n","protected":false},"author":2,"featured_media":692069,"comment_status":"closed","ping_status":"closed","sticky":false,"template":"","format":"standard","meta":{"om_disable_all_campaigns":false,"_monsterinsights_skip_tracking":false,"_monsterinsights_sitenote_active":false,"_monsterinsights_sitenote_note":"","_monsterinsights_sitenote_category":0},"categories":[4],"tags":[],"aioseo_notices":[],"gutentor_comment":0,"rttpg_featured_image_url":{"full":["https:\/\/arantv.az\/wp-content\/uploads\/2024\/02\/b8171844-c099-3816-b7db-ca02120c6a5f_850-1-1.jpg",620,413,false],"landscape":["https:\/\/arantv.az\/wp-content\/uploads\/2024\/02\/b8171844-c099-3816-b7db-ca02120c6a5f_850-1-1.jpg",620,413,false],"portraits":["https:\/\/arantv.az\/wp-content\/uploads\/2024\/02\/b8171844-c099-3816-b7db-ca02120c6a5f_850-1-1.jpg",620,413,false],"thumbnail":["https:\/\/arantv.az\/wp-content\/uploads\/2024\/02\/b8171844-c099-3816-b7db-ca02120c6a5f_850-1-1-500x280.jpg",500,280,true],"medium":["https:\/\/arantv.az\/wp-content\/uploads\/2024\/02\/b8171844-c099-3816-b7db-ca02120c6a5f_850-1-1-548x365.jpg",548,365,true],"large":["https:\/\/arantv.az\/wp-content\/uploads\/2024\/02\/b8171844-c099-3816-b7db-ca02120c6a5f_850-1-1.jpg",620,413,false],"1536x1536":["https:\/\/arantv.az\/wp-content\/uploads\/2024\/02\/b8171844-c099-3816-b7db-ca02120c6a5f_850-1-1.jpg",620,413,false],"2048x2048":["https:\/\/arantv.az\/wp-content\/uploads\/2024\/02\/b8171844-c099-3816-b7db-ca02120c6a5f_850-1-1.jpg",620,413,false],"post-thumbnail":["https:\/\/arantv.az\/wp-content\/uploads\/2024\/02\/b8171844-c099-3816-b7db-ca02120c6a5f_850-1-1-240x172.jpg",240,172,true],"advps-thumb-one":["https:\/\/arantv.az\/wp-content\/uploads\/2024\/02\/b8171844-c099-3816-b7db-ca02120c6a5f_850-1-1.jpg",620,413,false]},"rttpg_author":{"display_name":"V\u00fcsal Rafiqo\u011flu","author_link":"https:\/\/arantv.az\/?author=2"},"rttpg_comment":0,"rttpg_category":"<a href=\"https:\/\/arantv.az\/?cat=4\" rel=\"category\">Siyas\u0259t<\/a>","rttpg_excerpt":"\u00d6zb\u0259kistan Respublikas\u0131n\u0131n Ba\u015f naziri Abdulla Aripov Az\u0259rbaycan Respublikas\u0131n\u0131n Ba\u015f naziri \u018fli \u018fs\u0259dova t\u0259brik m\u0259ktubu \u00fcnvanlay\u0131b. ARANTV.AZ x\u0259b\u0259r verir ki, bu bar\u0259d\u0259 Nazirl\u0259r Kabineti m\u0259lumat yay\u0131b. Bildirilib ki, A.Aripov h\u0259mkar\u0131n\u0131 Az\u0259rbaycan Respublikas\u0131n\u0131n ba\u015f naziri v\u0259zif\u0259sin\u0259 t\u0259yin olunmas\u0131 m\u00fcnasib\u0259til\u0259 t\u0259brik edib, ona g\u0259l\u0259c\u0259k f\u0259aliyy\u0259tind\u0259 u\u011furlar arzulay\u0131b. M\u0259ktubda Az\u0259rbaycan-\u00d6zb\u0259kistan dostluq, qarda\u015fl\u0131q v\u0259 strateji t\u0259r\u0259fda\u015fl\u0131q m\u00fcnasib\u0259tl\u0259rinin daha da inki\u015faf&hellip;","_links":{"self":[{"href":"https:\/\/arantv.az\/index.php?rest_route=\/wp\/v2\/posts\/692106"}],"collection":[{"href":"https:\/\/arantv.az\/index.php?rest_route=\/wp\/v2\/posts"}],"about":[{"href":"https:\/\/arantv.az\/index.php?rest_route=\/wp\/v2\/types\/post"}],"author":[{"embeddable":true,"href":"https:\/\/arantv.az\/index.php?rest_route=\/wp\/v2\/users\/2"}],"replies":[{"embeddable":true,"href":"https:\/\/arantv.az\/index.php?rest_route=%2Fwp%2Fv2%2Fcomments&post=692106"}],"version-history":[{"count":0,"href":"https:\/\/arantv.az\/index.php?rest_route=\/wp\/v2\/posts\/692106\/revisions"}],"wp:featuredmedia":[{"embeddable":true,"href":"https:\/\/arantv.az\/index.php?rest_route=\/wp\/v2\/media\/692069"}],"wp:attachment":[{"href":"https:\/\/arantv.az\/index.php?rest_route=%2Fwp%2Fv2%2Fmedia&parent=692106"}],"wp:term":[{"taxonomy":"category","embeddable":true,"href":"https:\/\/arantv.az\/index.php?rest_route=%2Fwp%2Fv2%2Fcategories&post=692106"},{"taxonomy":"post_tag","embeddable":true,"href":"https:\/\/arantv.az\/index.php?rest_route=%2Fwp%2Fv2%2Ftags&post=692106"}],"curies":[{"name":"wp","href":"https:\/\/api.w.org\/{rel}","templated":true}]}}