{"id":692109,"date":"2024-02-17T13:36:53","date_gmt":"2024-02-17T09:36:53","guid":{"rendered":"https:\/\/arantv.az\/?p=692109"},"modified":"2024-02-17T13:36:53","modified_gmt":"2024-02-17T09:36:53","slug":"%c9%99liyevl%c9%99-baydenin-xususi-koordinatorunun-muzakir%c9%99l%c9%99ri-d%c9%99rinlikd%c9%99-n%c9%99-var-t%c9%99hlil-foto","status":"publish","type":"post","link":"https:\/\/arantv.az\/?p=692109","title":{"rendered":"\u018fliyevl\u0259 Baydenin x\u00fcsusi koordinatorunun m\u00fczakir\u0259l\u0259ri: D\u0259rinlikd\u0259 n\u0259 var? &#8211; T\u018fHL\u0130L + FOTO"},"content":{"rendered":"<p>M\u00fcnhen T\u0259hl\u00fck\u0259sizlik Konfrans\u0131 \u00e7\u0259r\u00e7iv\u0259sind\u0259 Az\u0259rbaycan Prezidenti\u00a0<strong>\u0130lham \u018fliyevin<\/strong>\u00a0AB\u015e Prezidenti Co Baydenin qlobal infrastruktur v\u0259 enerji t\u0259hl\u00fck\u0259sizliyi \u00fczr\u0259 x\u00fcsusi koordinatoru Amos Hox\u015fteynl\u0259 g\u00f6r\u00fc\u015f\u00fc diqq\u0259t\u0259layiqdir.<\/p>\n<p>\u00c7\u00fcnki AB\u015e NATO-nun \u00f6nd\u0259ri kimi Az\u0259rbaycanla m\u00fcnasib\u0259tl\u0259rin inki\u015faf\u0131na \u00f6n\u0259m verir.<\/p>\n<p>H\u0259r\u00e7\u0259nd, Va\u015finqtonun Az\u0259rbaycan-Erm\u0259nistan m\u00fcnasib\u0259tl\u0259rinin nizamlanmas\u0131ndak\u0131 rolu geosiyasi r\u0259qab\u0259t \u015f\u0259raitind\u0259 Bak\u0131 \u00fc\u00e7\u00fcn bir q\u0259d\u0259r neqativ \u00e7alarlara malikdir.<\/p>\n<p>Bu amil Az\u0259rbaycanla AB\u015e aras\u0131nda siyasi g\u0259rginlik yaratsa da, ikit\u0259r\u0259fli \u0259laq\u0259l\u0259rin dinamikas\u0131nda NATO-nun regional t\u0259hl\u00fck\u0259sizlikl\u0259 \u0259laq\u0259dar Bak\u0131 il\u0259 \u0259m\u0259kda\u015fl\u0131q prinsipl\u0259ri \u00f6n\u0259 verilir.<\/p>\n<p>\u00c7\u00fcnki regional t\u0259hl\u00fck\u0259sizlik Az\u0259rbaycan\u0131n sahibi oldu\u011fu enerji resurslar\u0131n\u0131n Avropa bazarlar\u0131ndak\u0131 diversifikasiyas\u0131 \u00fc\u00e7\u00fcn m\u00fcnbit orbitdir.<\/p>\n<p>Bu bax\u0131mdan, AB\u015e regional t\u0259hl\u00fck\u0259sizliyin aspektl\u0259rini enerji sah\u0259sind\u0259ki m\u00f6hk\u0259m sabitlikl\u0259 tutu\u015fdurmaq arzusundad\u0131r. Burada AB\u015e-nin C\u0259nubi Qafqazdak\u0131 regional q\u00fcvv\u0259l\u0259r nisb\u0259tind\u0259 lider olan Az\u0259rbaycanla \u0259m\u0259kda\u015fl\u0131\u011f\u0131 d\u0259rinl\u0259\u015fdirm\u0259k \u00fc\u00e7\u00fcn m\u0259rh\u0259l\u0259li dan\u0131\u015f\u0131qlara \u00fcst\u00fcnl\u00fck verm\u0259si ba\u015fad\u00fc\u015f\u00fcl\u0259ndir.<\/p>\n<p><img src=\"https:\/\/cdn.oxu.az\/uploads\/W1siZiIsIjIwMjQvMDIvMTcvMTEvMjUvNDcvNzIwMjc4ZDQtZDI4Mi00YjRhLWI3ZTktYzI3NGE2ZDVlMGMzLzE3MDgwOTY0Mjk5NDMwNDM5OV8xMjAweDYzMC5qcGciXSxbInAiLCJlbmNvZGUiLCJqcGciLCItcXVhbGl0eSA4MCJdLFsicCIsInRodW1iIiwiNTkweDU5MFx1MDAzZSJdXQ?sha=7ae6742b2d2ed99b\" alt=\"\" \/><\/p>\n<p>Bu x\u0259tt AB\u015e-nin Az\u0259rbaycan-Erm\u0259nistan m\u00fcnasib\u0259tl\u0259rinin normalla\u015fmas\u0131 prosesind\u0259ki \u201cqiym\u0259ti\u201dni d\u0259yi\u015f\u0259 bilm\u0259k potensiallar\u0131n\u0131 art\u0131r\u0131r.<\/p>\n<p>\u00c7\u00fcnki enerji resurslar\u0131n\u0131n \u015fax\u0259l\u0259nm\u0259si Az\u0259rbaycan\u0131n Z\u0259ng\u0259zur d\u0259hlizi layih\u0259sin\u0259 \u00f6n\u0259m verm\u0259si il\u0259 yeni d\u0259y\u0259r qazan\u0131r. Misal \u00fc\u00e7\u00fcn, ya\u015f\u0131l enerjinin xarici bazarlara \u00e7\u0131x\u0131\u015f\u0131n\u0131n t\u0259min edilm\u0259si Az\u0259rbaycan\u0131n regionda geosiyasi reall\u0131qlar\u0131 d\u0259yi\u015fdir\u0259 bilm\u0259k v\u0259 Z\u0259ng\u0259zur d\u0259hlizi proyektinin fonunda \u0259h\u0259miyy\u0259t k\u0259sb edir.<\/p>\n<p>Bu o dem\u0259kdir ki, Az\u0259rbaycanla AB\u015e aras\u0131ndak\u0131 energetika sah\u0259sind\u0259ki \u0259m\u0259kda\u015fl\u0131\u011f\u0131n d\u0259rinlikl\u0259ri Va\u015finqtonun \u0130r\u0259vana qar\u015f\u0131 Bak\u0131ya d\u0259st\u0259kl\u0259ri il\u0259 n\u0259tic\u0259l\u0259n\u0259 bil\u0259r.<\/p>\n<p>Co Baydenin x\u00fcsusi koordinatorunun \u0130lham \u018fliyevl\u0259 g\u00f6r\u00fc\u015f\u00fc A\u011f Evin qeyd olunan iki istiqam\u0259ti vahid paket daxilind\u0259 tutmas\u0131n\u0131n g\u00f6st\u0259ricisidir.<\/p>\n<p>\u00c7\u00fcnki \u018fliyevl\u0259 Hox\u015fteynin m\u00fczakir\u0259l\u0259rind\u0259 Orta D\u0259hlizin inki\u015faf etdirilm\u0259si amilinin vur\u011fulanmas\u0131 geni\u015f t\u0259hl\u00fck\u0259sizlik aspektl\u0259rin\u0259 bax\u0131\u015f buca\u011f\u0131 kimi ba\u015fa d\u00fc\u015f\u00fcl\u0259 bil\u0259r.<\/p>\n<p>D\u00fczd\u00fcr, Orta D\u0259hliz \u00c7in m\u0259rk\u0259zli beyn\u0259lxalq ticari mar\u015frut kimi \u0259h\u0259miyy\u0259t qazan\u0131r. Ancaq AB\u015e-nin d\u0259 Orta D\u0259hlizd\u0259 i\u015ftirak ed\u0259n \u00f6lk\u0259l\u0259rl\u0259 &#8211; Qazax\u0131stan, Az\u0259rbaycan, T\u00fcrkiy\u0259, G\u00fcrc\u00fcstan &#8211; \u0259laq\u0259l\u0259rind\u0259 yeni s\u0259hif\u0259 a\u00e7mas\u0131 sirr deyil.<\/p>\n<p>Ancaq Az\u0259rbaycan\u0131n ist\u0259diyi budur ki, AB\u015e-nin perspektiv praktiki x\u0259tti Va\u015finqtonun Rusiya v\u0259 \u00c7inl\u0259 artan g\u0259rginlikl\u0259rinin davam\u0131nda ciddi regional f\u0259sadlar yaratmas\u0131n.<\/p>\n<p>Buradan bel\u0259 n\u0259tic\u0259y\u0259 g\u0259lm\u0259k olar ki, AB\u015e il\u0259 Az\u0259rbaycan\u0131n n\u00f6vb\u0259ti m\u00fczakir\u0259l\u0259rinin qurulu\u015fu qar\u015f\u0131l\u0131ql\u0131 ehtiyaclar v\u0259 anla\u015fmalar bax\u0131m\u0131ndan daha g\u00fccl\u00fc olmal\u0131d\u0131r.<\/p>\n","protected":false},"excerpt":{"rendered":"<p>M\u00fcnhen T\u0259hl\u00fck\u0259sizlik Konfrans\u0131 \u00e7\u0259r\u00e7iv\u0259sind\u0259 Az\u0259rbaycan Prezidenti\u00a0\u0130lham \u018fliyevin\u00a0AB\u015e Prezidenti Co Baydenin qlobal infrastruktur v\u0259 enerji t\u0259hl\u00fck\u0259sizliyi \u00fczr\u0259 x\u00fcsusi koordinatoru Amos Hox\u015fteynl\u0259 g\u00f6r\u00fc\u015f\u00fc diqq\u0259t\u0259layiqdir. \u00c7\u00fcnki AB\u015e NATO-nun \u00f6nd\u0259ri kimi Az\u0259rbaycanla m\u00fcnasib\u0259tl\u0259rin inki\u015faf\u0131na \u00f6n\u0259m verir. H\u0259r\u00e7\u0259nd, Va\u015finqtonun Az\u0259rbaycan-Erm\u0259nistan m\u00fcnasib\u0259tl\u0259rinin nizamlanmas\u0131ndak\u0131 rolu geosiyasi r\u0259qab\u0259t \u015f\u0259raitind\u0259 Bak\u0131 \u00fc\u00e7\u00fcn bir q\u0259d\u0259r neqativ \u00e7alarlara malikdir. Bu amil Az\u0259rbaycanla AB\u015e aras\u0131nda siyasi g\u0259rginlik yaratsa da, ikit\u0259r\u0259fli \u0259laq\u0259l\u0259rin dinamikas\u0131nda NATO-nun regional t\u0259hl\u00fck\u0259sizlikl\u0259 \u0259laq\u0259dar Bak\u0131 il\u0259 \u0259m\u0259kda\u015fl\u0131q prinsipl\u0259ri \u00f6n\u0259 verilir. \u00c7\u00fcnki regional t\u0259hl\u00fck\u0259sizlik Az\u0259rbaycan\u0131n sahibi oldu\u011fu enerji resurslar\u0131n\u0131n Avropa bazarlar\u0131ndak\u0131 diversifikasiyas\u0131 \u00fc\u00e7\u00fcn m\u00fcnbit orbitdir. Bu bax\u0131mdan, AB\u015e regional t\u0259hl\u00fck\u0259sizliyin aspektl\u0259rini&hellip;<\/p>\n","protected":false},"author":2,"featured_media":692110,"comment_status":"closed","ping_status":"closed","sticky":false,"template":"","format":"standard","meta":{"om_disable_all_campaigns":false,"_monsterinsights_skip_tracking":false,"_monsterinsights_sitenote_active":false,"_monsterinsights_sitenote_note":"","_monsterinsights_sitenote_category":0},"categories":[4],"tags":[],"aioseo_notices":[],"gutentor_comment":0,"rttpg_featured_image_url":{"full":["https:\/\/arantv.az\/wp-content\/uploads\/2024\/02\/1708096429505236_1200x630.jpg",620,413,false],"landscape":["https:\/\/arantv.az\/wp-content\/uploads\/2024\/02\/1708096429505236_1200x630.jpg",620,413,false],"portraits":["https:\/\/arantv.az\/wp-content\/uploads\/2024\/02\/1708096429505236_1200x630.jpg",620,413,false],"thumbnail":["https:\/\/arantv.az\/wp-content\/uploads\/2024\/02\/1708096429505236_1200x630-500x280.jpg",500,280,true],"medium":["https:\/\/arantv.az\/wp-content\/uploads\/2024\/02\/1708096429505236_1200x630-548x365.jpg",548,365,true],"large":["https:\/\/arantv.az\/wp-content\/uploads\/2024\/02\/1708096429505236_1200x630.jpg",620,413,false],"1536x1536":["https:\/\/arantv.az\/wp-content\/uploads\/2024\/02\/1708096429505236_1200x630.jpg",620,413,false],"2048x2048":["https:\/\/arantv.az\/wp-content\/uploads\/2024\/02\/1708096429505236_1200x630.jpg",620,413,false],"post-thumbnail":["https:\/\/arantv.az\/wp-content\/uploads\/2024\/02\/1708096429505236_1200x630-240x172.jpg",240,172,true],"advps-thumb-one":["https:\/\/arantv.az\/wp-content\/uploads\/2024\/02\/1708096429505236_1200x630.jpg",620,413,false]},"rttpg_author":{"display_name":"V\u00fcsal Rafiqo\u011flu","author_link":"https:\/\/arantv.az\/?author=2"},"rttpg_comment":0,"rttpg_category":"<a href=\"https:\/\/arantv.az\/?cat=4\" rel=\"category\">Siyas\u0259t<\/a>","rttpg_excerpt":"M\u00fcnhen T\u0259hl\u00fck\u0259sizlik Konfrans\u0131 \u00e7\u0259r\u00e7iv\u0259sind\u0259 Az\u0259rbaycan Prezidenti\u00a0\u0130lham \u018fliyevin\u00a0AB\u015e Prezidenti Co Baydenin qlobal infrastruktur v\u0259 enerji t\u0259hl\u00fck\u0259sizliyi \u00fczr\u0259 x\u00fcsusi koordinatoru Amos Hox\u015fteynl\u0259 g\u00f6r\u00fc\u015f\u00fc diqq\u0259t\u0259layiqdir. \u00c7\u00fcnki AB\u015e NATO-nun \u00f6nd\u0259ri kimi Az\u0259rbaycanla m\u00fcnasib\u0259tl\u0259rin inki\u015faf\u0131na \u00f6n\u0259m verir. H\u0259r\u00e7\u0259nd, Va\u015finqtonun Az\u0259rbaycan-Erm\u0259nistan m\u00fcnasib\u0259tl\u0259rinin nizamlanmas\u0131ndak\u0131 rolu geosiyasi r\u0259qab\u0259t \u015f\u0259raitind\u0259 Bak\u0131 \u00fc\u00e7\u00fcn bir q\u0259d\u0259r neqativ \u00e7alarlara malikdir. Bu amil Az\u0259rbaycanla AB\u015e aras\u0131nda siyasi g\u0259rginlik&hellip;","_links":{"self":[{"href":"https:\/\/arantv.az\/index.php?rest_route=\/wp\/v2\/posts\/692109"}],"collection":[{"href":"https:\/\/arantv.az\/index.php?rest_route=\/wp\/v2\/posts"}],"about":[{"href":"https:\/\/arantv.az\/index.php?rest_route=\/wp\/v2\/types\/post"}],"author":[{"embeddable":true,"href":"https:\/\/arantv.az\/index.php?rest_route=\/wp\/v2\/users\/2"}],"replies":[{"embeddable":true,"href":"https:\/\/arantv.az\/index.php?rest_route=%2Fwp%2Fv2%2Fcomments&post=692109"}],"version-history":[{"count":0,"href":"https:\/\/arantv.az\/index.php?rest_route=\/wp\/v2\/posts\/692109\/revisions"}],"wp:featuredmedia":[{"embeddable":true,"href":"https:\/\/arantv.az\/index.php?rest_route=\/wp\/v2\/media\/692110"}],"wp:attachment":[{"href":"https:\/\/arantv.az\/index.php?rest_route=%2Fwp%2Fv2%2Fmedia&parent=692109"}],"wp:term":[{"taxonomy":"category","embeddable":true,"href":"https:\/\/arantv.az\/index.php?rest_route=%2Fwp%2Fv2%2Fcategories&post=692109"},{"taxonomy":"post_tag","embeddable":true,"href":"https:\/\/arantv.az\/index.php?rest_route=%2Fwp%2Fv2%2Ftags&post=692109"}],"curies":[{"name":"wp","href":"https:\/\/api.w.org\/{rel}","templated":true}]}}