{"id":692113,"date":"2024-02-17T13:37:38","date_gmt":"2024-02-17T09:37:38","guid":{"rendered":"https:\/\/arantv.az\/?p=692113"},"modified":"2024-02-17T13:37:38","modified_gmt":"2024-02-17T09:37:38","slug":"munhend%c9%99-abs-dovl%c9%99t-katibi-il%c9%99-erm%c9%99nistanin-bas-naziri-arasinda-gorus-kecirilir-video","status":"publish","type":"post","link":"https:\/\/arantv.az\/?p=692113","title":{"rendered":"M\u00fcnhend\u0259 AB\u015e d\u00f6vl\u0259t katibi il\u0259 Erm\u0259nistan\u0131n ba\u015f naziri aras\u0131nda g\u00f6r\u00fc\u015f ke\u00e7irilir &#8211; V\u0130DEO"},"content":{"rendered":"<p>M\u00fcnhen T\u0259hl\u00fck\u0259sizlik Konfrans\u0131 \u00e7\u0259r\u00e7iv\u0259sind\u0259 AB\u015e D\u00f6vl\u0259t katibi Antoni Blinkenl\u0259 Erm\u0259nistan\u0131n ba\u015f naziri Nikol Pa\u015finyan aras\u0131nda g\u00f6r\u00fc\u015f ke\u00e7irilir.<\/p>\n<p><b>ARANTV.AZ <\/b>bu bar\u0259d\u0259 Erm\u0259nistan K\u0130V-\u0259 istinad\u0259n x\u0259b\u0259r verir.<\/p>\n<p>Xat\u0131rladaq ki, fevral\u0131n 16-da N.Pa\u015finyan M\u00fcnhen\u0259 \u00fc\u00e7g\u00fcnl\u00fck i\u015fg\u00fczar s\u0259f\u0259r\u0259 gedib.<\/p>\n<div><iframe loading=\"lazy\" id=\"telegram-post-oxuaze-81555\" src=\"https:\/\/t.me\/oxuaze\/81555?embed=1\" width=\"100%\" height=\"\" frameborder=\"0\" scrolling=\"no\" data-mce-fragment=\"1\"><\/iframe><\/div>\n<p>&nbsp;<\/p>\n","protected":false},"excerpt":{"rendered":"<p>M\u00fcnhen T\u0259hl\u00fck\u0259sizlik Konfrans\u0131 \u00e7\u0259r\u00e7iv\u0259sind\u0259 AB\u015e D\u00f6vl\u0259t katibi Antoni Blinkenl\u0259 Erm\u0259nistan\u0131n ba\u015f naziri Nikol Pa\u015finyan aras\u0131nda g\u00f6r\u00fc\u015f ke\u00e7irilir. ARANTV.AZ bu bar\u0259d\u0259 Erm\u0259nistan K\u0130V-\u0259 istinad\u0259n x\u0259b\u0259r verir. Xat\u0131rladaq ki, fevral\u0131n 16-da N.Pa\u015finyan M\u00fcnhen\u0259 \u00fc\u00e7g\u00fcnl\u00fck i\u015fg\u00fczar s\u0259f\u0259r\u0259 gedib. &nbsp;<\/p>\n","protected":false},"author":2,"featured_media":692114,"comment_status":"closed","ping_status":"closed","sticky":false,"template":"","format":"standard","meta":{"om_disable_all_campaigns":false,"_monsterinsights_skip_tracking":false,"_monsterinsights_sitenote_active":false,"_monsterinsights_sitenote_note":"","_monsterinsights_sitenote_category":0},"categories":[4],"tags":[],"aioseo_notices":[],"gutentor_comment":0,"rttpg_featured_image_url":{"full":["https:\/\/arantv.az\/wp-content\/uploads\/2024\/02\/3cdc53e0-780c-3186-80d0-f235f55aefac_850.jpg",620,413,false],"landscape":["https:\/\/arantv.az\/wp-content\/uploads\/2024\/02\/3cdc53e0-780c-3186-80d0-f235f55aefac_850.jpg",620,413,false],"portraits":["https:\/\/arantv.az\/wp-content\/uploads\/2024\/02\/3cdc53e0-780c-3186-80d0-f235f55aefac_850.jpg",620,413,false],"thumbnail":["https:\/\/arantv.az\/wp-content\/uploads\/2024\/02\/3cdc53e0-780c-3186-80d0-f235f55aefac_850-500x280.jpg",500,280,true],"medium":["https:\/\/arantv.az\/wp-content\/uploads\/2024\/02\/3cdc53e0-780c-3186-80d0-f235f55aefac_850-548x365.jpg",548,365,true],"large":["https:\/\/arantv.az\/wp-content\/uploads\/2024\/02\/3cdc53e0-780c-3186-80d0-f235f55aefac_850.jpg",620,413,false],"1536x1536":["https:\/\/arantv.az\/wp-content\/uploads\/2024\/02\/3cdc53e0-780c-3186-80d0-f235f55aefac_850.jpg",620,413,false],"2048x2048":["https:\/\/arantv.az\/wp-content\/uploads\/2024\/02\/3cdc53e0-780c-3186-80d0-f235f55aefac_850.jpg",620,413,false],"post-thumbnail":["https:\/\/arantv.az\/wp-content\/uploads\/2024\/02\/3cdc53e0-780c-3186-80d0-f235f55aefac_850-240x172.jpg",240,172,true],"advps-thumb-one":["https:\/\/arantv.az\/wp-content\/uploads\/2024\/02\/3cdc53e0-780c-3186-80d0-f235f55aefac_850.jpg",620,413,false]},"rttpg_author":{"display_name":"V\u00fcsal Rafiqo\u011flu","author_link":"https:\/\/arantv.az\/?author=2"},"rttpg_comment":0,"rttpg_category":"<a href=\"https:\/\/arantv.az\/?cat=4\" rel=\"category\">Siyas\u0259t<\/a>","rttpg_excerpt":"M\u00fcnhen T\u0259hl\u00fck\u0259sizlik Konfrans\u0131 \u00e7\u0259r\u00e7iv\u0259sind\u0259 AB\u015e D\u00f6vl\u0259t katibi Antoni Blinkenl\u0259 Erm\u0259nistan\u0131n ba\u015f naziri Nikol Pa\u015finyan aras\u0131nda g\u00f6r\u00fc\u015f ke\u00e7irilir. ARANTV.AZ bu bar\u0259d\u0259 Erm\u0259nistan K\u0130V-\u0259 istinad\u0259n x\u0259b\u0259r verir. Xat\u0131rladaq ki, fevral\u0131n 16-da N.Pa\u015finyan M\u00fcnhen\u0259 \u00fc\u00e7g\u00fcnl\u00fck i\u015fg\u00fczar s\u0259f\u0259r\u0259 gedib. &nbsp;","_links":{"self":[{"href":"https:\/\/arantv.az\/index.php?rest_route=\/wp\/v2\/posts\/692113"}],"collection":[{"href":"https:\/\/arantv.az\/index.php?rest_route=\/wp\/v2\/posts"}],"about":[{"href":"https:\/\/arantv.az\/index.php?rest_route=\/wp\/v2\/types\/post"}],"author":[{"embeddable":true,"href":"https:\/\/arantv.az\/index.php?rest_route=\/wp\/v2\/users\/2"}],"replies":[{"embeddable":true,"href":"https:\/\/arantv.az\/index.php?rest_route=%2Fwp%2Fv2%2Fcomments&post=692113"}],"version-history":[{"count":0,"href":"https:\/\/arantv.az\/index.php?rest_route=\/wp\/v2\/posts\/692113\/revisions"}],"wp:featuredmedia":[{"embeddable":true,"href":"https:\/\/arantv.az\/index.php?rest_route=\/wp\/v2\/media\/692114"}],"wp:attachment":[{"href":"https:\/\/arantv.az\/index.php?rest_route=%2Fwp%2Fv2%2Fmedia&parent=692113"}],"wp:term":[{"taxonomy":"category","embeddable":true,"href":"https:\/\/arantv.az\/index.php?rest_route=%2Fwp%2Fv2%2Fcategories&post=692113"},{"taxonomy":"post_tag","embeddable":true,"href":"https:\/\/arantv.az\/index.php?rest_route=%2Fwp%2Fv2%2Ftags&post=692113"}],"curies":[{"name":"wp","href":"https:\/\/api.w.org\/{rel}","templated":true}]}}