{"id":692119,"date":"2024-02-17T13:39:38","date_gmt":"2024-02-17T09:39:38","guid":{"rendered":"https:\/\/arantv.az\/?p=692119"},"modified":"2024-02-17T13:39:38","modified_gmt":"2024-02-17T09:39:38","slug":"elcind%c9%99n-bosanma-x%c9%99b%c9%99rl%c9%99rind%c9%99n-sonra-ilk-paylasim","status":"publish","type":"post","link":"https:\/\/arantv.az\/?p=692119","title":{"rendered":"El\u00e7ind\u0259n bo\u015fanma x\u0259b\u0259rl\u0259rind\u0259n sonra \u0130LK PAYLA\u015eIM"},"content":{"rendered":"<p><strong>M\u00fc\u011f\u0259nni El\u00e7in C\u0259f\u0259rov bo\u015fanma x\u0259b\u0259rl\u0259rind\u0259n sonra ilk d\u0259f\u0259 payla\u015f\u0131m edib.<\/strong><\/p>\n<p>S\u0259n\u0259t\u00e7i bununla ba\u011fl\u0131 instaqramda yaz\u0131b.<\/p>\n<p>\u201cHaqq\u0131nda haradasa dan\u0131\u015f\u0131rlarsa, \u00fcz\u00fclm\u0259. Yax\u015f\u0131 insan oldu\u011funa inan\u0131rsansa, Allah s\u0259nin haqq\u0131n\u0131 m\u00fcdafi\u0259 ed\u0259n birini orada dill\u0259ndir\u0259c\u0259k. S\u0259n o adam\u0131 tan\u0131masan bel\u0259\u201d, &#8211; dey\u0259 El\u00e7in bildirib.<\/p>\n<p>Qeyd ed\u0259k ki, El\u00e7inin 14 fevralda Aydan C\u0259f\u0259rovadan bo\u015fanmas\u0131 bar\u0259d\u0259 m\u0259lumat yay\u0131l\u0131b.<\/p>\n<p>Onu da xat\u0131rladaq ki, 7 ildir evli olan c\u00fctl\u00fcy\u00fcn Can adl\u0131 o\u011flu var. (Sfera.az)<\/p>\n","protected":false},"excerpt":{"rendered":"<p>M\u00fc\u011f\u0259nni El\u00e7in C\u0259f\u0259rov bo\u015fanma x\u0259b\u0259rl\u0259rind\u0259n sonra ilk d\u0259f\u0259 payla\u015f\u0131m edib. S\u0259n\u0259t\u00e7i bununla ba\u011fl\u0131 instaqramda yaz\u0131b. \u201cHaqq\u0131nda haradasa dan\u0131\u015f\u0131rlarsa, \u00fcz\u00fclm\u0259. Yax\u015f\u0131 insan oldu\u011funa inan\u0131rsansa, Allah s\u0259nin haqq\u0131n\u0131 m\u00fcdafi\u0259 ed\u0259n birini orada dill\u0259ndir\u0259c\u0259k. S\u0259n o adam\u0131 tan\u0131masan bel\u0259\u201d, &#8211; dey\u0259 El\u00e7in bildirib. Qeyd ed\u0259k ki, El\u00e7inin 14 fevralda Aydan C\u0259f\u0259rovadan bo\u015fanmas\u0131 bar\u0259d\u0259 m\u0259lumat yay\u0131l\u0131b. Onu da xat\u0131rladaq ki, 7 ildir evli olan c\u00fctl\u00fcy\u00fcn Can adl\u0131 o\u011flu var. (Sfera.az)<\/p>\n","protected":false},"author":2,"featured_media":692120,"comment_status":"closed","ping_status":"closed","sticky":false,"template":"","format":"standard","meta":{"om_disable_all_campaigns":false,"_monsterinsights_skip_tracking":false,"_monsterinsights_sitenote_active":false,"_monsterinsights_sitenote_note":"","_monsterinsights_sitenote_category":0},"categories":[20],"tags":[],"aioseo_notices":[],"gutentor_comment":0,"rttpg_featured_image_url":{"full":["https:\/\/arantv.az\/wp-content\/uploads\/2024\/02\/5ee7a844abc25efc907597ff2bd86655.jpg",620,389,false],"landscape":["https:\/\/arantv.az\/wp-content\/uploads\/2024\/02\/5ee7a844abc25efc907597ff2bd86655.jpg",620,389,false],"portraits":["https:\/\/arantv.az\/wp-content\/uploads\/2024\/02\/5ee7a844abc25efc907597ff2bd86655.jpg",620,389,false],"thumbnail":["https:\/\/arantv.az\/wp-content\/uploads\/2024\/02\/5ee7a844abc25efc907597ff2bd86655-500x280.jpg",500,280,true],"medium":["https:\/\/arantv.az\/wp-content\/uploads\/2024\/02\/5ee7a844abc25efc907597ff2bd86655-582x365.jpg",582,365,true],"large":["https:\/\/arantv.az\/wp-content\/uploads\/2024\/02\/5ee7a844abc25efc907597ff2bd86655.jpg",620,389,false],"1536x1536":["https:\/\/arantv.az\/wp-content\/uploads\/2024\/02\/5ee7a844abc25efc907597ff2bd86655.jpg",620,389,false],"2048x2048":["https:\/\/arantv.az\/wp-content\/uploads\/2024\/02\/5ee7a844abc25efc907597ff2bd86655.jpg",620,389,false],"post-thumbnail":["https:\/\/arantv.az\/wp-content\/uploads\/2024\/02\/5ee7a844abc25efc907597ff2bd86655-240x172.jpg",240,172,true],"advps-thumb-one":["https:\/\/arantv.az\/wp-content\/uploads\/2024\/02\/5ee7a844abc25efc907597ff2bd86655.jpg",620,389,false]},"rttpg_author":{"display_name":"V\u00fcsal Rafiqo\u011flu","author_link":"https:\/\/arantv.az\/?author=2"},"rttpg_comment":0,"rttpg_category":"<a href=\"https:\/\/arantv.az\/?cat=20\" rel=\"category\">\u015eou biznes<\/a>","rttpg_excerpt":"M\u00fc\u011f\u0259nni El\u00e7in C\u0259f\u0259rov bo\u015fanma x\u0259b\u0259rl\u0259rind\u0259n sonra ilk d\u0259f\u0259 payla\u015f\u0131m edib. S\u0259n\u0259t\u00e7i bununla ba\u011fl\u0131 instaqramda yaz\u0131b. \u201cHaqq\u0131nda haradasa dan\u0131\u015f\u0131rlarsa, \u00fcz\u00fclm\u0259. Yax\u015f\u0131 insan oldu\u011funa inan\u0131rsansa, Allah s\u0259nin haqq\u0131n\u0131 m\u00fcdafi\u0259 ed\u0259n birini orada dill\u0259ndir\u0259c\u0259k. S\u0259n o adam\u0131 tan\u0131masan bel\u0259\u201d, &#8211; dey\u0259 El\u00e7in bildirib. Qeyd ed\u0259k ki, El\u00e7inin 14 fevralda Aydan C\u0259f\u0259rovadan bo\u015fanmas\u0131 bar\u0259d\u0259 m\u0259lumat yay\u0131l\u0131b. Onu da xat\u0131rladaq&hellip;","_links":{"self":[{"href":"https:\/\/arantv.az\/index.php?rest_route=\/wp\/v2\/posts\/692119"}],"collection":[{"href":"https:\/\/arantv.az\/index.php?rest_route=\/wp\/v2\/posts"}],"about":[{"href":"https:\/\/arantv.az\/index.php?rest_route=\/wp\/v2\/types\/post"}],"author":[{"embeddable":true,"href":"https:\/\/arantv.az\/index.php?rest_route=\/wp\/v2\/users\/2"}],"replies":[{"embeddable":true,"href":"https:\/\/arantv.az\/index.php?rest_route=%2Fwp%2Fv2%2Fcomments&post=692119"}],"version-history":[{"count":0,"href":"https:\/\/arantv.az\/index.php?rest_route=\/wp\/v2\/posts\/692119\/revisions"}],"wp:featuredmedia":[{"embeddable":true,"href":"https:\/\/arantv.az\/index.php?rest_route=\/wp\/v2\/media\/692120"}],"wp:attachment":[{"href":"https:\/\/arantv.az\/index.php?rest_route=%2Fwp%2Fv2%2Fmedia&parent=692119"}],"wp:term":[{"taxonomy":"category","embeddable":true,"href":"https:\/\/arantv.az\/index.php?rest_route=%2Fwp%2Fv2%2Fcategories&post=692119"},{"taxonomy":"post_tag","embeddable":true,"href":"https:\/\/arantv.az\/index.php?rest_route=%2Fwp%2Fv2%2Ftags&post=692119"}],"curies":[{"name":"wp","href":"https:\/\/api.w.org\/{rel}","templated":true}]}}