{"id":692123,"date":"2024-02-17T13:40:20","date_gmt":"2024-02-17T09:40:20","guid":{"rendered":"https:\/\/arantv.az\/?p=692123"},"modified":"2024-02-17T13:40:20","modified_gmt":"2024-02-17T09:40:20","slug":"navalninin-olumu-kim%c9%99-lazim-ola-bil%c9%99rdi-cavab-yox-yalniz-sual","status":"publish","type":"post","link":"https:\/\/arantv.az\/?p=692123","title":{"rendered":"Navaln\u0131n\u0131n \u00f6l\u00fcm\u00fc kim\u0259 laz\u0131m ola bil\u0259rdi? &#8211; CAVAB YOX, YALNIZ SUAL!"},"content":{"rendered":"<p><strong>Aleksey Navaln\u0131 \u00f6ld\u00fc!<\/strong><\/p>\n<p><strong><em>\u2026indi soyuqqanl\u0131 d\u00fc\u015f\u00fcnm\u0259k vaxt\u0131d\u0131r: Onun \u00f6l\u00fcm\u00fc kim\u0259 laz\u0131m ola bil\u0259rdi?<\/em><\/strong><\/p>\n<p>Rusiyada prezident se\u00e7kisin\u0259 t\u0259xmin\u0259n bir ay qal\u0131r. Bu \u0259r\u0259f\u0259d\u0259 Vladimir Putin \u00f6z\u00fcn\u00fc kifay\u0259t q\u0259d\u0259r inaml\u0131 hiss edir. M\u00fcxalif\u0259t d\u00fc\u015f\u0259rg\u0259sinin k\u00fc\u00e7\u0259l\u0259r\u0259, izdihaml\u0131 etiraz aksiyalar\u0131na \u00e7\u0131xmas\u0131na b\u0259han\u0259 verm\u0259k, d\u00f6vl\u0259t ba\u015f\u00e7\u0131s\u0131n\u0131n \u0259leyhin\u0259 olan q\u00fcvv\u0259l\u0259ri k\u00fctl\u0259vi h\u0259r\u0259kata t\u0259hrik etm\u0259k Putin\u0259 n\u0259 \u00fc\u00e7\u00fcn laz\u0131m olsun?<\/p>\n<p>Rusiya-Ukrayna m\u00fcharib\u0259sind\u0259 v\u0259ziyy\u0259t NATO ba\u015fda olmaqla Q\u0259rbin ist\u0259diyi kimi deyil, Ukrayna \u015fidd\u0259tli m\u00fcqavim\u0259td\u0259n sonra-kvartal-kvartal, k\u00fc\u00e7\u0259-k\u00fc\u00e7\u0259, h\u0259tta k\u0259nd-k\u0259nd-\u00f6z m\u00f6vqel\u0259rini itirir.<\/p>\n<p>Avdeyevkan\u0131 da t\u0259rk etdi\u2026 Q\u0259rb, AB\u015e narahatd\u0131r. Kiyevi silah-sursatla, vasit\u0259 v\u0259 v\u0259saitl\u0259 t\u0259min etm\u0259k getdikc\u0259 daha \u00e7\u0259tin olur\u2026<\/p>\n<p><strong>\u2026Bu arada Navaln\u0131n\u0131n m\u0259\u015fhur m\u00fcsahib\u0259sind\u0259n \u201c\u00d6ls\u0259m, dem\u0259li, he\u00e7 n\u0259d\u0259n qorxmay\u0131n, t\u0259slim olmay\u0131n, biz n\u0259h\u0259ng q\u00fcvv\u0259yik!\u201d mesaj\u0131n\u0131n (jurnalistin \u201cbu m\u00fcraci\u0259ti rus dilind\u0259 ayr\u0131ca s\u0259sl\u0259ndirin!\u201d \u00e7a\u011f\u0131r\u0131\u015f\u0131 da \u0259n az\u0131 q\u0259rib\u0259dir. Hans\u0131 g\u00fcn\u0259 hesablanm\u0131\u015fd\u0131 o t\u0259rc\u00fcm\u0259-xahi\u015f?) heyr\u0259tamiz sur\u0259td\u0259, ild\u0131r\u0131m s\u00fcr\u0259til\u0259 tirajlanmas\u0131 biz\u0259 n\u0259 deyir?<\/strong><\/p>\n<p>Rusiya Federasiyas\u0131n\u0131n h\u00fcquq m\u00fchafiz\u0259 orqanlar\u0131 h\u0259l\u0259 bir g\u00fcn \u0259vv\u0259l m\u0259hk\u0259m\u0259d\u0259 (z\u0259ifl\u0259diyi hiss olunsa da) yax\u015f\u0131 \u0259hval-ruhiyy\u0259d\u0259 \u00e7\u0131x\u0131\u015f ed\u0259r\u0259k hakiml\u0259 zarafat ed\u0259n, t\u0259b\u0259ss\u00fcm sa\u00e7an Aleksey Navaln\u0131 \u0259traf\u0131nda h\u0259r bir x\u0131rda detal\u0131 ciddi ara\u015fd\u0131rmal\u0131d\u0131r. \u00d6l\u00fcm fakt\u0131 \u0259r\u0259f\u0259sin\u0259 t\u0259sad\u00fcf ed\u0259n h\u0259r n\u00fcans\u0131\u2026 Q\u0259rb texnoloqlar\u0131n\u0131n hadis\u0259ni d\u0259rhal Putin\u0259 qar\u015f\u0131 \u00e7evir\u0259r\u0259k \u015f\u0259rh etm\u0259si d\u0259 kifay\u0259t q\u0259d\u0259r maraql\u0131d\u0131r.<\/p>\n<p>B\u0259li, Navaln\u0131 m\u00fcxalif\u0259t t\u0259msil\u00e7isidir. Amma o, art\u0131q Rusiyada el\u0259 bir g\u00fcc\u0259 sahib deyildi. Nec\u0259 dey\u0259rl\u0259r, Saaka\u015fvilil\u0259\u015fm\u0259kd\u0259 idi. \u00d6t\u0259n il onun 19 il azadl\u0131qdan m\u0259hrum edilm\u0259si il\u0259 ba\u011fl\u0131 h\u00f6km \u00e7\u0131xar\u0131lm\u0131\u015fd\u0131. Sokratasayaq sual: \u00f6lm\u0259kd\u0259, \u00f6ld\u00fcr\u00fclm\u0259kd\u0259 m\u0259qs\u0259d n\u0259 olub?<\/p>\n<p>He\u00e7 bir q\u0259na\u0259tim, iddiam, verdiktim yoxdur. Sad\u0259c\u0259 suallar\u0131m var. M\u0259n indiki halda-h\u0259l\u0259lik cavab verm\u0259yin yox, sual verm\u0259yin t\u0259r\u0259find\u0259y\u0259m!<\/p>\n<p><img loading=\"lazy\" src=\"https:\/\/cdn.musavat.com\/news\/video\/NewFolder\/ba260fa9e2b5b0d10228d481dcae8f07.jpg\" alt=\"ba260fa9e2b5b0d10228d481dcae8f07.jpg (53 KB)\" width=\"300\" height=\"189\" \/><\/p>\n<p><strong>Mir \u015eahin A\u011fayev,<\/strong><br \/>\n<strong>Real TV-nin r\u0259hb\u0259ri<\/strong><\/p>\n","protected":false},"excerpt":{"rendered":"<p>Aleksey Navaln\u0131 \u00f6ld\u00fc! \u2026indi soyuqqanl\u0131 d\u00fc\u015f\u00fcnm\u0259k vaxt\u0131d\u0131r: Onun \u00f6l\u00fcm\u00fc kim\u0259 laz\u0131m ola bil\u0259rdi? Rusiyada prezident se\u00e7kisin\u0259 t\u0259xmin\u0259n bir ay qal\u0131r. Bu \u0259r\u0259f\u0259d\u0259 Vladimir Putin \u00f6z\u00fcn\u00fc kifay\u0259t q\u0259d\u0259r inaml\u0131 hiss edir. M\u00fcxalif\u0259t d\u00fc\u015f\u0259rg\u0259sinin k\u00fc\u00e7\u0259l\u0259r\u0259, izdihaml\u0131 etiraz aksiyalar\u0131na \u00e7\u0131xmas\u0131na b\u0259han\u0259 verm\u0259k, d\u00f6vl\u0259t ba\u015f\u00e7\u0131s\u0131n\u0131n \u0259leyhin\u0259 olan q\u00fcvv\u0259l\u0259ri k\u00fctl\u0259vi h\u0259r\u0259kata t\u0259hrik etm\u0259k Putin\u0259 n\u0259 \u00fc\u00e7\u00fcn laz\u0131m olsun? Rusiya-Ukrayna m\u00fcharib\u0259sind\u0259 v\u0259ziyy\u0259t NATO ba\u015fda olmaqla Q\u0259rbin ist\u0259diyi kimi deyil, Ukrayna \u015fidd\u0259tli m\u00fcqavim\u0259td\u0259n sonra-kvartal-kvartal, k\u00fc\u00e7\u0259-k\u00fc\u00e7\u0259, h\u0259tta k\u0259nd-k\u0259nd-\u00f6z m\u00f6vqel\u0259rini itirir. Avdeyevkan\u0131 da t\u0259rk etdi\u2026 Q\u0259rb, AB\u015e narahatd\u0131r. Kiyevi silah-sursatla, vasit\u0259 v\u0259 v\u0259saitl\u0259 t\u0259min etm\u0259k getdikc\u0259 daha \u00e7\u0259tin olur\u2026&hellip;<\/p>\n","protected":false},"author":2,"featured_media":692124,"comment_status":"closed","ping_status":"closed","sticky":false,"template":"","format":"standard","meta":{"om_disable_all_campaigns":false,"_monsterinsights_skip_tracking":false,"_monsterinsights_sitenote_active":false,"_monsterinsights_sitenote_note":"","_monsterinsights_sitenote_category":0},"categories":[19],"tags":[],"aioseo_notices":[],"gutentor_comment":0,"rttpg_featured_image_url":{"full":["https:\/\/arantv.az\/wp-content\/uploads\/2024\/02\/a79835149b4be2d29de356ecc6fc6a59.jpg",700,450,false],"landscape":["https:\/\/arantv.az\/wp-content\/uploads\/2024\/02\/a79835149b4be2d29de356ecc6fc6a59.jpg",700,450,false],"portraits":["https:\/\/arantv.az\/wp-content\/uploads\/2024\/02\/a79835149b4be2d29de356ecc6fc6a59.jpg",700,450,false],"thumbnail":["https:\/\/arantv.az\/wp-content\/uploads\/2024\/02\/a79835149b4be2d29de356ecc6fc6a59-500x280.jpg",500,280,true],"medium":["https:\/\/arantv.az\/wp-content\/uploads\/2024\/02\/a79835149b4be2d29de356ecc6fc6a59-568x365.jpg",568,365,true],"large":["https:\/\/arantv.az\/wp-content\/uploads\/2024\/02\/a79835149b4be2d29de356ecc6fc6a59.jpg",640,411,false],"1536x1536":["https:\/\/arantv.az\/wp-content\/uploads\/2024\/02\/a79835149b4be2d29de356ecc6fc6a59.jpg",700,450,false],"2048x2048":["https:\/\/arantv.az\/wp-content\/uploads\/2024\/02\/a79835149b4be2d29de356ecc6fc6a59.jpg",700,450,false],"post-thumbnail":["https:\/\/arantv.az\/wp-content\/uploads\/2024\/02\/a79835149b4be2d29de356ecc6fc6a59-240x172.jpg",240,172,true],"advps-thumb-one":["https:\/\/arantv.az\/wp-content\/uploads\/2024\/02\/a79835149b4be2d29de356ecc6fc6a59.jpg",700,450,false]},"rttpg_author":{"display_name":"V\u00fcsal Rafiqo\u011flu","author_link":"https:\/\/arantv.az\/?author=2"},"rttpg_comment":0,"rttpg_category":"<a href=\"https:\/\/arantv.az\/?cat=19\" rel=\"category\">G\u00fcnd\u0259m<\/a>","rttpg_excerpt":"Aleksey Navaln\u0131 \u00f6ld\u00fc! \u2026indi soyuqqanl\u0131 d\u00fc\u015f\u00fcnm\u0259k vaxt\u0131d\u0131r: Onun \u00f6l\u00fcm\u00fc kim\u0259 laz\u0131m ola bil\u0259rdi? Rusiyada prezident se\u00e7kisin\u0259 t\u0259xmin\u0259n bir ay qal\u0131r. Bu \u0259r\u0259f\u0259d\u0259 Vladimir Putin \u00f6z\u00fcn\u00fc kifay\u0259t q\u0259d\u0259r inaml\u0131 hiss edir. M\u00fcxalif\u0259t d\u00fc\u015f\u0259rg\u0259sinin k\u00fc\u00e7\u0259l\u0259r\u0259, izdihaml\u0131 etiraz aksiyalar\u0131na \u00e7\u0131xmas\u0131na b\u0259han\u0259 verm\u0259k, d\u00f6vl\u0259t ba\u015f\u00e7\u0131s\u0131n\u0131n \u0259leyhin\u0259 olan q\u00fcvv\u0259l\u0259ri k\u00fctl\u0259vi h\u0259r\u0259kata t\u0259hrik etm\u0259k Putin\u0259 n\u0259 \u00fc\u00e7\u00fcn laz\u0131m olsun? Rusiya-Ukrayna m\u00fcharib\u0259sind\u0259&hellip;","_links":{"self":[{"href":"https:\/\/arantv.az\/index.php?rest_route=\/wp\/v2\/posts\/692123"}],"collection":[{"href":"https:\/\/arantv.az\/index.php?rest_route=\/wp\/v2\/posts"}],"about":[{"href":"https:\/\/arantv.az\/index.php?rest_route=\/wp\/v2\/types\/post"}],"author":[{"embeddable":true,"href":"https:\/\/arantv.az\/index.php?rest_route=\/wp\/v2\/users\/2"}],"replies":[{"embeddable":true,"href":"https:\/\/arantv.az\/index.php?rest_route=%2Fwp%2Fv2%2Fcomments&post=692123"}],"version-history":[{"count":0,"href":"https:\/\/arantv.az\/index.php?rest_route=\/wp\/v2\/posts\/692123\/revisions"}],"wp:featuredmedia":[{"embeddable":true,"href":"https:\/\/arantv.az\/index.php?rest_route=\/wp\/v2\/media\/692124"}],"wp:attachment":[{"href":"https:\/\/arantv.az\/index.php?rest_route=%2Fwp%2Fv2%2Fmedia&parent=692123"}],"wp:term":[{"taxonomy":"category","embeddable":true,"href":"https:\/\/arantv.az\/index.php?rest_route=%2Fwp%2Fv2%2Fcategories&post=692123"},{"taxonomy":"post_tag","embeddable":true,"href":"https:\/\/arantv.az\/index.php?rest_route=%2Fwp%2Fv2%2Ftags&post=692123"}],"curies":[{"name":"wp","href":"https:\/\/api.w.org\/{rel}","templated":true}]}}