{"id":692127,"date":"2024-02-17T13:42:24","date_gmt":"2024-02-17T09:42:24","guid":{"rendered":"https:\/\/arantv.az\/?p=692127"},"modified":"2024-02-17T13:42:24","modified_gmt":"2024-02-17T09:42:24","slug":"munxend%c9%99-az%c9%99rbaycan-prezidenti-ilham-%c9%99liyevin-almaniyanin-kansleri-olaf-solts-il%c9%99-gorusu-baslayib","status":"publish","type":"post","link":"https:\/\/arantv.az\/?p=692127","title":{"rendered":"M\u00fcnxend\u0259 Az\u0259rbaycan Prezidenti \u0130lham \u018fliyevin Almaniyan\u0131n Kansleri Olaf \u015eolts il\u0259 g\u00f6r\u00fc\u015f\u00fc ba\u015flay\u0131b"},"content":{"rendered":"<p>Fevral\u0131n 17-d\u0259 M\u00fcnxend\u0259 Az\u0259rbaycan Respublikas\u0131n\u0131n Prezidenti\u00a0<strong>\u0130lham \u018fliyevin\u00a0<\/strong>Almaniya Federativ Respublikas\u0131n\u0131n Kansleri Olaf \u015eolts il\u0259 g\u00f6r\u00fc\u015f\u00fc ba\u015flay\u0131b.<\/p>\n<p>Bu bar\u0259d\u0259\u00a0<a href=\"https:\/\/azertag.az\/xeber\/munxende_azerbaycan_prezidenti_ilham_eliyevin_almaniyanin_kansleri_olaf_solts_ile_gorusu_baslayib__yenilenecek-2926575\" target=\"_blank\" rel=\"noopener\">AZ\u018fRTAC<\/a>\u00a0x\u0259b\u0259r verir.<\/p>\n","protected":false},"excerpt":{"rendered":"<p>Fevral\u0131n 17-d\u0259 M\u00fcnxend\u0259 Az\u0259rbaycan Respublikas\u0131n\u0131n Prezidenti\u00a0\u0130lham \u018fliyevin\u00a0Almaniya Federativ Respublikas\u0131n\u0131n Kansleri Olaf \u015eolts il\u0259 g\u00f6r\u00fc\u015f\u00fc ba\u015flay\u0131b. Bu bar\u0259d\u0259\u00a0AZ\u018fRTAC\u00a0x\u0259b\u0259r verir.<\/p>\n","protected":false},"author":2,"featured_media":692128,"comment_status":"closed","ping_status":"closed","sticky":false,"template":"","format":"standard","meta":{"om_disable_all_campaigns":false,"_monsterinsights_skip_tracking":false,"_monsterinsights_sitenote_active":false,"_monsterinsights_sitenote_note":"","_monsterinsights_sitenote_category":0},"categories":[4],"tags":[],"aioseo_notices":[],"gutentor_comment":0,"rttpg_featured_image_url":{"full":["https:\/\/arantv.az\/wp-content\/uploads\/2024\/02\/FotoJet-3-7.jpg",620,413,false],"landscape":["https:\/\/arantv.az\/wp-content\/uploads\/2024\/02\/FotoJet-3-7.jpg",620,413,false],"portraits":["https:\/\/arantv.az\/wp-content\/uploads\/2024\/02\/FotoJet-3-7.jpg",620,413,false],"thumbnail":["https:\/\/arantv.az\/wp-content\/uploads\/2024\/02\/FotoJet-3-7-500x280.jpg",500,280,true],"medium":["https:\/\/arantv.az\/wp-content\/uploads\/2024\/02\/FotoJet-3-7-548x365.jpg",548,365,true],"large":["https:\/\/arantv.az\/wp-content\/uploads\/2024\/02\/FotoJet-3-7.jpg",620,413,false],"1536x1536":["https:\/\/arantv.az\/wp-content\/uploads\/2024\/02\/FotoJet-3-7.jpg",620,413,false],"2048x2048":["https:\/\/arantv.az\/wp-content\/uploads\/2024\/02\/FotoJet-3-7.jpg",620,413,false],"post-thumbnail":["https:\/\/arantv.az\/wp-content\/uploads\/2024\/02\/FotoJet-3-7-240x172.jpg",240,172,true],"advps-thumb-one":["https:\/\/arantv.az\/wp-content\/uploads\/2024\/02\/FotoJet-3-7.jpg",620,413,false]},"rttpg_author":{"display_name":"V\u00fcsal Rafiqo\u011flu","author_link":"https:\/\/arantv.az\/?author=2"},"rttpg_comment":0,"rttpg_category":"<a href=\"https:\/\/arantv.az\/?cat=4\" rel=\"category\">Siyas\u0259t<\/a>","rttpg_excerpt":"Fevral\u0131n 17-d\u0259 M\u00fcnxend\u0259 Az\u0259rbaycan Respublikas\u0131n\u0131n Prezidenti\u00a0\u0130lham \u018fliyevin\u00a0Almaniya Federativ Respublikas\u0131n\u0131n Kansleri Olaf \u015eolts il\u0259 g\u00f6r\u00fc\u015f\u00fc ba\u015flay\u0131b. Bu bar\u0259d\u0259\u00a0AZ\u018fRTAC\u00a0x\u0259b\u0259r verir.","_links":{"self":[{"href":"https:\/\/arantv.az\/index.php?rest_route=\/wp\/v2\/posts\/692127"}],"collection":[{"href":"https:\/\/arantv.az\/index.php?rest_route=\/wp\/v2\/posts"}],"about":[{"href":"https:\/\/arantv.az\/index.php?rest_route=\/wp\/v2\/types\/post"}],"author":[{"embeddable":true,"href":"https:\/\/arantv.az\/index.php?rest_route=\/wp\/v2\/users\/2"}],"replies":[{"embeddable":true,"href":"https:\/\/arantv.az\/index.php?rest_route=%2Fwp%2Fv2%2Fcomments&post=692127"}],"version-history":[{"count":0,"href":"https:\/\/arantv.az\/index.php?rest_route=\/wp\/v2\/posts\/692127\/revisions"}],"wp:featuredmedia":[{"embeddable":true,"href":"https:\/\/arantv.az\/index.php?rest_route=\/wp\/v2\/media\/692128"}],"wp:attachment":[{"href":"https:\/\/arantv.az\/index.php?rest_route=%2Fwp%2Fv2%2Fmedia&parent=692127"}],"wp:term":[{"taxonomy":"category","embeddable":true,"href":"https:\/\/arantv.az\/index.php?rest_route=%2Fwp%2Fv2%2Fcategories&post=692127"},{"taxonomy":"post_tag","embeddable":true,"href":"https:\/\/arantv.az\/index.php?rest_route=%2Fwp%2Fv2%2Ftags&post=692127"}],"curies":[{"name":"wp","href":"https:\/\/api.w.org\/{rel}","templated":true}]}}